{"id":8265,"date":"2022-08-28T15:20:52","date_gmt":"2022-08-28T20:20:52","guid":{"rendered":"https:\/\/www.repam.net\/es\/?p=8265"},"modified":"2022-08-28T15:20:53","modified_gmt":"2022-08-28T20:20:53","slug":"un-cardenal-franciscano-y-de-francisco","status":"publish","type":"post","link":"https:\/\/www.repam.net\/es\/un-cardenal-franciscano-y-de-francisco\/","title":{"rendered":"Un cardenal Franciscano y de Francisco"},"content":{"rendered":"<div class=\"wp-block-image\">\n<figure class=\"aligncenter size-large\"><img loading=\"lazy\" decoding=\"async\" width=\"1024\" height=\"608\" src=\"https:\/\/www.repam.net\/es\/wp-content\/uploads\/2022\/08\/Mons.-Leonardo-Steiner-1-e1653315891635-1024x608.jpg\" alt=\"\" class=\"wp-image-8266\" srcset=\"https:\/\/www.repam.net\/es\/wp-content\/uploads\/2022\/08\/Mons.-Leonardo-Steiner-1-e1653315891635-1024x608.jpg 1024w, https:\/\/www.repam.net\/es\/wp-content\/uploads\/2022\/08\/Mons.-Leonardo-Steiner-1-e1653315891635-300x178.jpg 300w, https:\/\/www.repam.net\/es\/wp-content\/uploads\/2022\/08\/Mons.-Leonardo-Steiner-1-e1653315891635-768x456.jpg 768w, https:\/\/www.repam.net\/es\/wp-content\/uploads\/2022\/08\/Mons.-Leonardo-Steiner-1-e1653315891635.jpg 1263w\" sizes=\"auto, (max-width: 1024px) 100vw, 1024px\" \/><\/figure>\n<\/div>\n\n\n<blockquote class=\"wp-block-quote is-layout-flow wp-block-quote-is-layout-flow\"><p><em>El 29 de mayo, los primeros rayos de sol en Manaos trajeron una noticia que sorprendi\u00f3 a muchos. De hecho, conociendo la l\u00f3gica del Papa Francisco,\u00a0<strong>la elecci\u00f3n de un cardenal de la Amazon\u00eda era algo esperado<\/strong>. Es un Papa al que le gusta tener a su alrededor a los que viven en las periferias, porque es ah\u00ed donde encuentra la luz para su pontificado.<\/em><\/p><\/blockquote>\n\n\n\n<p><strong><em>Por Luis Miguel Modino<\/em><\/strong><\/p>\n\n\n\n<p>ue ese d\u00eda cuando, de nuevo sin avisar a nadie, el Papa Francisco convoc\u00f3 un nuevo consistorio, que se celebrar\u00e1 este s\u00e1bado 27 de agosto en la Bas\u00edlica de San Pedro. Entre los nuevos cardenales estar\u00e1 el arzobispo de Manaos, Mons. Leonardo Ulrich Steiner, a quien muchos ya llaman&nbsp;<strong>el cardenal de la Amazon\u00eda o el cardenal de la selva.<\/strong><\/p>\n\n\n\n<p>El nombramiento de Mons. Leonardo es un ejemplo m\u00e1s de lo que ha sucedido en todos los consistorios convocados hasta ahora por el Papa Francisco, donde s<strong>iempre aparecen obispos de lugares desconocidos y que que son pastores de Iglesias que nunca han tenido un representante<\/strong>&nbsp;dentro del Colegio Cardenalicio.<\/p>\n\n\n\n<h5 class=\"wp-block-heading\">Servicio en nombre de la Iglesia y de los pueblos de la Amazon\u00eda<\/h5>\n\n\n\n<p>Por primera vez en la historia, un obispo de la Amazon\u00eda tendr\u00e1 un lugar en el Colegio Cardenalicio. Desde el primer momento, Mons. Steiner dej\u00f3 claro que su nombramiento no era algo que se refiriera exclusivamente a \u00e9l, sino&nbsp;<strong>un servicio que asum\u00eda en nombre de la Iglesia y de los pueblos de la Amazon\u00eda<\/strong>. Una regi\u00f3n, unos pueblos y una Iglesia que ocupan un lugar importante en el coraz\u00f3n del Papa Francisco, que convoc\u00f3 un S\u00ednodo para la Amazon\u00eda que est\u00e1 cambiando la historia de la Iglesia universal.<\/p>\n\n\n\n<p>Mons. Leonardo es un franciscano, la orden fundada por el Santo de As\u00eds, que vivi\u00f3 y dej\u00f3 como carisma el amor a los pobres y a la hermana Madre Tierra, algo que desde el inicio de su pontificado asumi\u00f3 el primer Papa que tom\u00f3 el nombre de Francisco.&nbsp;<strong>El Papa Bergoglio es un jesuita de coraz\u00f3n franciscano<\/strong>, gran amigo del cardenal Hummes, franciscano recientemente fallecido, que dedic\u00f3 los \u00faltimos a\u00f1os de su vida a la Amazo\u00eda y que tuvo un papel relevante en la elecci\u00f2n del nombre de Francisco.<\/p>\n\n\n\n<h5 class=\"wp-block-heading\">Una voz de la Amazon\u00eda entre los colaboradores del Papa<\/h5>\n\n\n\n<p>En sus primeros d\u00edas como Obispo de Roma, el Papa Francisco afirm\u00f3 que quer\u00eda una Iglesia pobre y para los pobres, y su primera enc\u00edclica, Laudato Si\u2019, puede considerarse una actualizaci\u00f3n de lo vivido y defendido por el Santo de As\u00eds hace ocho siglos. Estos son los principios que gu\u00edan la vida del nuevo cardenal, que\u00a0<strong>a menudo se re\u00fane y distribuye alimentos a las personas sin hogar de Manaos<\/strong>. Un arzobispo que apoya decididamente el trabajo con los pueblos ind\u00edgenas y las comunidades ribere\u00f1as, que denuncia los graves impactos que sufre el bioma amaz\u00f3nico por la falta de respeto a las leyes y principios medioambientales.<\/p>\n\n\n\n<p>La creaci\u00f3n de Mons. Steiner como cardenal es un motivo de alegr\u00eda, pero tambi\u00e9n de esperanza, porque\u00a0<strong>la Amazon\u00eda tendr\u00e1 a alguien m\u00e1s entre los colaboradores m\u00e1s cercanos del Santo Padre<\/strong>. El colegio cardenalicio tendr\u00e1 una voz que, como viene haciendo desde que asumi\u00f3 el cuidado pastoral de la Iglesia de Manaos, defender\u00e1 la vida que est\u00e1 presente de tan diversas maneras en la Querida Amazon\u00eda.<\/p>\n\n\n\n<p><strong><em>Fuente: CELAM<\/em><\/strong><\/p>\n","protected":false},"excerpt":{"rendered":"<p>El 29 de mayo, los primeros rayos de sol en Manaos trajeron una noticia que sorprendi\u00f3 a muchos. De hecho, conociendo la l\u00f3gica del Papa Francisco,\u00a0la elecci\u00f3n de un cardenal de la Amazon\u00eda era algo esperado. Es un Papa al que le gusta tener a su alrededor a los que viven en las periferias, porque [&hellip;]<\/p>\n","protected":false},"author":1,"featured_media":8266,"comment_status":"closed","ping_status":"closed","sticky":false,"template":"","format":"standard","meta":{"_acf_changed":false,"_uf_show_specific_survey":0,"_uf_disable_surveys":false,"footnotes":""},"categories":[97,4],"tags":[33,1188,16],"class_list":["post-8265","post","type-post","status-publish","format-standard","has-post-thumbnail","hentry","category-iglesia-con-rostro-amazonico","category-noticias","tag-amazonia","tag-dom-leonardo","tag-pueblos-indigenas"],"acf":[],"aioseo_notices":[],"yoast_head":"<!-- This site is optimized with the Yoast SEO plugin v27.4 - https:\/\/yoast.com\/product\/yoast-seo-wordpress\/ -->\n<title>Un cardenal Franciscano y de Francisco - REPAM<\/title>\n<meta name=\"robots\" content=\"index, follow, max-snippet:-1, max-image-preview:large, max-video-preview:-1\" \/>\n<link rel=\"canonical\" href=\"https:\/\/www.repam.net\/es\/un-cardenal-franciscano-y-de-francisco\/\" \/>\n<meta property=\"og:locale\" content=\"es_ES\" \/>\n<meta property=\"og:type\" content=\"article\" \/>\n<meta property=\"og:title\" content=\"Un cardenal Franciscano y de Francisco - REPAM\" \/>\n<meta property=\"og:description\" content=\"El 29 de mayo, los primeros rayos de sol en Manaos trajeron una noticia que sorprendi\u00f3 a muchos. De hecho, conociendo la l\u00f3gica del Papa Francisco,\u00a0la elecci\u00f3n de un cardenal de la Amazon\u00eda era algo esperado. Es un Papa al que le gusta tener a su alrededor a los que viven en las periferias, porque [&hellip;]\" \/>\n<meta property=\"og:url\" content=\"https:\/\/www.repam.net\/es\/un-cardenal-franciscano-y-de-francisco\/\" \/>\n<meta property=\"og:site_name\" content=\"REPAM\" \/>\n<meta property=\"article:published_time\" content=\"2022-08-28T20:20:52+00:00\" \/>\n<meta property=\"article:modified_time\" content=\"2022-08-28T20:20:53+00:00\" \/>\n<meta property=\"og:image\" content=\"https:\/\/www.repam.net\/es\/wp-content\/uploads\/2022\/08\/Mons.-Leonardo-Steiner-1-e1653315891635.jpg\" \/>\n\t<meta property=\"og:image:width\" content=\"1263\" \/>\n\t<meta property=\"og:image:height\" content=\"750\" \/>\n\t<meta property=\"og:image:type\" content=\"image\/jpeg\" \/>\n<meta name=\"author\" content=\"repam@adm\" \/>\n<meta name=\"twitter:card\" content=\"summary_large_image\" \/>\n<meta name=\"twitter:label1\" content=\"Escrito por\" \/>\n\t<meta name=\"twitter:data1\" content=\"repam@adm\" \/>\n\t<meta name=\"twitter:label2\" content=\"Tiempo de lectura\" \/>\n\t<meta name=\"twitter:data2\" content=\"3 minutos\" \/>\n<script type=\"application\/ld+json\" class=\"yoast-schema-graph\">{\"@context\":\"https:\\\/\\\/schema.org\",\"@graph\":[{\"@type\":\"Article\",\"@id\":\"https:\\\/\\\/www.repam.net\\\/es\\\/un-cardenal-franciscano-y-de-francisco\\\/#article\",\"isPartOf\":{\"@id\":\"https:\\\/\\\/www.repam.net\\\/es\\\/un-cardenal-franciscano-y-de-francisco\\\/\"},\"author\":{\"name\":\"repam@adm\",\"@id\":\"https:\\\/\\\/www.repam.net\\\/es\\\/#\\\/schema\\\/person\\\/0c828bf04cf1abe6016cbe752c76a033\"},\"headline\":\"Un cardenal Franciscano y de Francisco\",\"datePublished\":\"2022-08-28T20:20:52+00:00\",\"dateModified\":\"2022-08-28T20:20:53+00:00\",\"mainEntityOfPage\":{\"@id\":\"https:\\\/\\\/www.repam.net\\\/es\\\/un-cardenal-franciscano-y-de-francisco\\\/\"},\"wordCount\":600,\"publisher\":{\"@id\":\"https:\\\/\\\/www.repam.net\\\/es\\\/#organization\"},\"image\":{\"@id\":\"https:\\\/\\\/www.repam.net\\\/es\\\/un-cardenal-franciscano-y-de-francisco\\\/#primaryimage\"},\"thumbnailUrl\":\"https:\\\/\\\/www.repam.net\\\/es\\\/wp-content\\\/uploads\\\/2022\\\/08\\\/Mons.-Leonardo-Steiner-1-e1653315891635.jpg\",\"keywords\":[\"Amazon\u00eda\",\"Dom Leonardo\",\"pueblos ind\u00edgenas\"],\"articleSection\":[\"Iglesia con rostro amaz\u00f3nico\",\"Noticias\"],\"inLanguage\":\"es-CO\"},{\"@type\":\"WebPage\",\"@id\":\"https:\\\/\\\/www.repam.net\\\/es\\\/un-cardenal-franciscano-y-de-francisco\\\/\",\"url\":\"https:\\\/\\\/www.repam.net\\\/es\\\/un-cardenal-franciscano-y-de-francisco\\\/\",\"name\":\"Un cardenal Franciscano y de Francisco - REPAM\",\"isPartOf\":{\"@id\":\"https:\\\/\\\/www.repam.net\\\/es\\\/#website\"},\"primaryImageOfPage\":{\"@id\":\"https:\\\/\\\/www.repam.net\\\/es\\\/un-cardenal-franciscano-y-de-francisco\\\/#primaryimage\"},\"image\":{\"@id\":\"https:\\\/\\\/www.repam.net\\\/es\\\/un-cardenal-franciscano-y-de-francisco\\\/#primaryimage\"},\"thumbnailUrl\":\"https:\\\/\\\/www.repam.net\\\/es\\\/wp-content\\\/uploads\\\/2022\\\/08\\\/Mons.-Leonardo-Steiner-1-e1653315891635.jpg\",\"datePublished\":\"2022-08-28T20:20:52+00:00\",\"dateModified\":\"2022-08-28T20:20:53+00:00\",\"breadcrumb\":{\"@id\":\"https:\\\/\\\/www.repam.net\\\/es\\\/un-cardenal-franciscano-y-de-francisco\\\/#breadcrumb\"},\"inLanguage\":\"es-CO\",\"potentialAction\":[{\"@type\":\"ReadAction\",\"target\":[\"https:\\\/\\\/www.repam.net\\\/es\\\/un-cardenal-franciscano-y-de-francisco\\\/\"]}]},{\"@type\":\"ImageObject\",\"inLanguage\":\"es-CO\",\"@id\":\"https:\\\/\\\/www.repam.net\\\/es\\\/un-cardenal-franciscano-y-de-francisco\\\/#primaryimage\",\"url\":\"https:\\\/\\\/www.repam.net\\\/es\\\/wp-content\\\/uploads\\\/2022\\\/08\\\/Mons.-Leonardo-Steiner-1-e1653315891635.jpg\",\"contentUrl\":\"https:\\\/\\\/www.repam.net\\\/es\\\/wp-content\\\/uploads\\\/2022\\\/08\\\/Mons.-Leonardo-Steiner-1-e1653315891635.jpg\",\"width\":1263,\"height\":750},{\"@type\":\"BreadcrumbList\",\"@id\":\"https:\\\/\\\/www.repam.net\\\/es\\\/un-cardenal-franciscano-y-de-francisco\\\/#breadcrumb\",\"itemListElement\":[{\"@type\":\"ListItem\",\"position\":1,\"name\":\"Inicio\",\"item\":\"https:\\\/\\\/www.repam.net\\\/es\\\/\"},{\"@type\":\"ListItem\",\"position\":2,\"name\":\"Un cardenal Franciscano y de Francisco\"}]},{\"@type\":\"WebSite\",\"@id\":\"https:\\\/\\\/www.repam.net\\\/es\\\/#website\",\"url\":\"https:\\\/\\\/www.repam.net\\\/es\\\/\",\"name\":\"REPAM\",\"description\":\"Red Eclesial Panamaz\u00f3nica\",\"publisher\":{\"@id\":\"https:\\\/\\\/www.repam.net\\\/es\\\/#organization\"},\"potentialAction\":[{\"@type\":\"SearchAction\",\"target\":{\"@type\":\"EntryPoint\",\"urlTemplate\":\"https:\\\/\\\/www.repam.net\\\/es\\\/?s={search_term_string}\"},\"query-input\":{\"@type\":\"PropertyValueSpecification\",\"valueRequired\":true,\"valueName\":\"search_term_string\"}}],\"inLanguage\":\"es-CO\"},{\"@type\":\"Organization\",\"@id\":\"https:\\\/\\\/www.repam.net\\\/es\\\/#organization\",\"name\":\"REPAM\",\"url\":\"https:\\\/\\\/www.repam.net\\\/es\\\/\",\"logo\":{\"@type\":\"ImageObject\",\"inLanguage\":\"es-CO\",\"@id\":\"https:\\\/\\\/www.repam.net\\\/es\\\/#\\\/schema\\\/logo\\\/image\\\/\",\"url\":\"https:\\\/\\\/www.repam.net\\\/es\\\/wp-content\\\/uploads\\\/2021\\\/11\\\/cropped-favicon.png\",\"contentUrl\":\"https:\\\/\\\/www.repam.net\\\/es\\\/wp-content\\\/uploads\\\/2021\\\/11\\\/cropped-favicon.png\",\"width\":512,\"height\":512,\"caption\":\"REPAM\"},\"image\":{\"@id\":\"https:\\\/\\\/www.repam.net\\\/es\\\/#\\\/schema\\\/logo\\\/image\\\/\"}},{\"@type\":\"Person\",\"@id\":\"https:\\\/\\\/www.repam.net\\\/es\\\/#\\\/schema\\\/person\\\/0c828bf04cf1abe6016cbe752c76a033\",\"name\":\"repam@adm\",\"image\":{\"@type\":\"ImageObject\",\"inLanguage\":\"es-CO\",\"@id\":\"https:\\\/\\\/secure.gravatar.com\\\/avatar\\\/b18234ea6de5d74563e52ca7bfdad9d2b029b514c935b38a2790717abf8f2e5f?s=96&d=mm&r=g\",\"url\":\"https:\\\/\\\/secure.gravatar.com\\\/avatar\\\/b18234ea6de5d74563e52ca7bfdad9d2b029b514c935b38a2790717abf8f2e5f?s=96&d=mm&r=g\",\"contentUrl\":\"https:\\\/\\\/secure.gravatar.com\\\/avatar\\\/b18234ea6de5d74563e52ca7bfdad9d2b029b514c935b38a2790717abf8f2e5f?s=96&d=mm&r=g\",\"caption\":\"repam@adm\"},\"sameAs\":[\"http:\\\/\\\/repam.net\"],\"url\":\"https:\\\/\\\/www.repam.net\\\/es\\\/author\\\/repamadm\\\/\"}]}<\/script>\n<!-- \/ Yoast SEO plugin. -->","yoast_head_json":{"title":"Un cardenal Franciscano y de Francisco - REPAM","robots":{"index":"index","follow":"follow","max-snippet":"max-snippet:-1","max-image-preview":"max-image-preview:large","max-video-preview":"max-video-preview:-1"},"canonical":"https:\/\/www.repam.net\/es\/un-cardenal-franciscano-y-de-francisco\/","og_locale":"es_ES","og_type":"article","og_title":"Un cardenal Franciscano y de Francisco - REPAM","og_description":"El 29 de mayo, los primeros rayos de sol en Manaos trajeron una noticia que sorprendi\u00f3 a muchos. De hecho, conociendo la l\u00f3gica del Papa Francisco,\u00a0la elecci\u00f3n de un cardenal de la Amazon\u00eda era algo esperado. Es un Papa al que le gusta tener a su alrededor a los que viven en las periferias, porque [&hellip;]","og_url":"https:\/\/www.repam.net\/es\/un-cardenal-franciscano-y-de-francisco\/","og_site_name":"REPAM","article_published_time":"2022-08-28T20:20:52+00:00","article_modified_time":"2022-08-28T20:20:53+00:00","og_image":[{"width":1263,"height":750,"url":"https:\/\/www.repam.net\/es\/wp-content\/uploads\/2022\/08\/Mons.-Leonardo-Steiner-1-e1653315891635.jpg","type":"image\/jpeg"}],"author":"repam@adm","twitter_card":"summary_large_image","twitter_misc":{"Escrito por":"repam@adm","Tiempo de lectura":"3 minutos"},"schema":{"@context":"https:\/\/schema.org","@graph":[{"@type":"Article","@id":"https:\/\/www.repam.net\/es\/un-cardenal-franciscano-y-de-francisco\/#article","isPartOf":{"@id":"https:\/\/www.repam.net\/es\/un-cardenal-franciscano-y-de-francisco\/"},"author":{"name":"repam@adm","@id":"https:\/\/www.repam.net\/es\/#\/schema\/person\/0c828bf04cf1abe6016cbe752c76a033"},"headline":"Un cardenal Franciscano y de Francisco","datePublished":"2022-08-28T20:20:52+00:00","dateModified":"2022-08-28T20:20:53+00:00","mainEntityOfPage":{"@id":"https:\/\/www.repam.net\/es\/un-cardenal-franciscano-y-de-francisco\/"},"wordCount":600,"publisher":{"@id":"https:\/\/www.repam.net\/es\/#organization"},"image":{"@id":"https:\/\/www.repam.net\/es\/un-cardenal-franciscano-y-de-francisco\/#primaryimage"},"thumbnailUrl":"https:\/\/www.repam.net\/es\/wp-content\/uploads\/2022\/08\/Mons.-Leonardo-Steiner-1-e1653315891635.jpg","keywords":["Amazon\u00eda","Dom Leonardo","pueblos ind\u00edgenas"],"articleSection":["Iglesia con rostro amaz\u00f3nico","Noticias"],"inLanguage":"es-CO"},{"@type":"WebPage","@id":"https:\/\/www.repam.net\/es\/un-cardenal-franciscano-y-de-francisco\/","url":"https:\/\/www.repam.net\/es\/un-cardenal-franciscano-y-de-francisco\/","name":"Un cardenal Franciscano y de Francisco - REPAM","isPartOf":{"@id":"https:\/\/www.repam.net\/es\/#website"},"primaryImageOfPage":{"@id":"https:\/\/www.repam.net\/es\/un-cardenal-franciscano-y-de-francisco\/#primaryimage"},"image":{"@id":"https:\/\/www.repam.net\/es\/un-cardenal-franciscano-y-de-francisco\/#primaryimage"},"thumbnailUrl":"https:\/\/www.repam.net\/es\/wp-content\/uploads\/2022\/08\/Mons.-Leonardo-Steiner-1-e1653315891635.jpg","datePublished":"2022-08-28T20:20:52+00:00","dateModified":"2022-08-28T20:20:53+00:00","breadcrumb":{"@id":"https:\/\/www.repam.net\/es\/un-cardenal-franciscano-y-de-francisco\/#breadcrumb"},"inLanguage":"es-CO","potentialAction":[{"@type":"ReadAction","target":["https:\/\/www.repam.net\/es\/un-cardenal-franciscano-y-de-francisco\/"]}]},{"@type":"ImageObject","inLanguage":"es-CO","@id":"https:\/\/www.repam.net\/es\/un-cardenal-franciscano-y-de-francisco\/#primaryimage","url":"https:\/\/www.repam.net\/es\/wp-content\/uploads\/2022\/08\/Mons.-Leonardo-Steiner-1-e1653315891635.jpg","contentUrl":"https:\/\/www.repam.net\/es\/wp-content\/uploads\/2022\/08\/Mons.-Leonardo-Steiner-1-e1653315891635.jpg","width":1263,"height":750},{"@type":"BreadcrumbList","@id":"https:\/\/www.repam.net\/es\/un-cardenal-franciscano-y-de-francisco\/#breadcrumb","itemListElement":[{"@type":"ListItem","position":1,"name":"Inicio","item":"https:\/\/www.repam.net\/es\/"},{"@type":"ListItem","position":2,"name":"Un cardenal Franciscano y de Francisco"}]},{"@type":"WebSite","@id":"https:\/\/www.repam.net\/es\/#website","url":"https:\/\/www.repam.net\/es\/","name":"REPAM","description":"Red Eclesial Panamaz\u00f3nica","publisher":{"@id":"https:\/\/www.repam.net\/es\/#organization"},"potentialAction":[{"@type":"SearchAction","target":{"@type":"EntryPoint","urlTemplate":"https:\/\/www.repam.net\/es\/?s={search_term_string}"},"query-input":{"@type":"PropertyValueSpecification","valueRequired":true,"valueName":"search_term_string"}}],"inLanguage":"es-CO"},{"@type":"Organization","@id":"https:\/\/www.repam.net\/es\/#organization","name":"REPAM","url":"https:\/\/www.repam.net\/es\/","logo":{"@type":"ImageObject","inLanguage":"es-CO","@id":"https:\/\/www.repam.net\/es\/#\/schema\/logo\/image\/","url":"https:\/\/www.repam.net\/es\/wp-content\/uploads\/2021\/11\/cropped-favicon.png","contentUrl":"https:\/\/www.repam.net\/es\/wp-content\/uploads\/2021\/11\/cropped-favicon.png","width":512,"height":512,"caption":"REPAM"},"image":{"@id":"https:\/\/www.repam.net\/es\/#\/schema\/logo\/image\/"}},{"@type":"Person","@id":"https:\/\/www.repam.net\/es\/#\/schema\/person\/0c828bf04cf1abe6016cbe752c76a033","name":"repam@adm","image":{"@type":"ImageObject","inLanguage":"es-CO","@id":"https:\/\/secure.gravatar.com\/avatar\/b18234ea6de5d74563e52ca7bfdad9d2b029b514c935b38a2790717abf8f2e5f?s=96&d=mm&r=g","url":"https:\/\/secure.gravatar.com\/avatar\/b18234ea6de5d74563e52ca7bfdad9d2b029b514c935b38a2790717abf8f2e5f?s=96&d=mm&r=g","contentUrl":"https:\/\/secure.gravatar.com\/avatar\/b18234ea6de5d74563e52ca7bfdad9d2b029b514c935b38a2790717abf8f2e5f?s=96&d=mm&r=g","caption":"repam@adm"},"sameAs":["http:\/\/repam.net"],"url":"https:\/\/www.repam.net\/es\/author\/repamadm\/"}]}},"_links":{"self":[{"href":"https:\/\/www.repam.net\/es\/wp-json\/wp\/v2\/posts\/8265","targetHints":{"allow":["GET"]}}],"collection":[{"href":"https:\/\/www.repam.net\/es\/wp-json\/wp\/v2\/posts"}],"about":[{"href":"https:\/\/www.repam.net\/es\/wp-json\/wp\/v2\/types\/post"}],"author":[{"embeddable":true,"href":"https:\/\/www.repam.net\/es\/wp-json\/wp\/v2\/users\/1"}],"replies":[{"embeddable":true,"href":"https:\/\/www.repam.net\/es\/wp-json\/wp\/v2\/comments?post=8265"}],"version-history":[{"count":1,"href":"https:\/\/www.repam.net\/es\/wp-json\/wp\/v2\/posts\/8265\/revisions"}],"predecessor-version":[{"id":8267,"href":"https:\/\/www.repam.net\/es\/wp-json\/wp\/v2\/posts\/8265\/revisions\/8267"}],"wp:featuredmedia":[{"embeddable":true,"href":"https:\/\/www.repam.net\/es\/wp-json\/wp\/v2\/media\/8266"}],"wp:attachment":[{"href":"https:\/\/www.repam.net\/es\/wp-json\/wp\/v2\/media?parent=8265"}],"wp:term":[{"taxonomy":"category","embeddable":true,"href":"https:\/\/www.repam.net\/es\/wp-json\/wp\/v2\/categories?post=8265"},{"taxonomy":"post_tag","embeddable":true,"href":"https:\/\/www.repam.net\/es\/wp-json\/wp\/v2\/tags?post=8265"}],"curies":[{"name":"wp","href":"https:\/\/api.w.org\/{rel}","templated":true}]}}