{"id":8767,"date":"2022-10-18T08:33:38","date_gmt":"2022-10-18T13:33:38","guid":{"rendered":"https:\/\/www.repam.net\/es\/?p=8767"},"modified":"2022-10-18T08:37:16","modified_gmt":"2022-10-18T13:37:16","slug":"rito-amazonico-empezando-desde-abajo-detras-del-rito-hay-una-vision-de-la-iglesia-y-la-cultura","status":"publish","type":"post","link":"https:\/\/www.repam.net\/es\/rito-amazonico-empezando-desde-abajo-detras-del-rito-hay-una-vision-de-la-iglesia-y-la-cultura\/","title":{"rendered":"Rito Amaz\u00f3nico: \u201cEmpezando desde abajo. Detr\u00e1s del rito hay una visi\u00f3n de la Iglesia y la cultura\u201d"},"content":{"rendered":"<div class=\"wp-block-image\">\n<figure class=\"aligncenter size-large\"><img loading=\"lazy\" decoding=\"async\" width=\"1024\" height=\"576\" src=\"https:\/\/www.repam.net\/es\/wp-content\/uploads\/2022\/10\/Ordenacion-diaconal-Shuar-1024x576.jpeg\" alt=\"\" class=\"wp-image-8768\" srcset=\"https:\/\/www.repam.net\/es\/wp-content\/uploads\/2022\/10\/Ordenacion-diaconal-Shuar-1024x576.jpeg 1024w, https:\/\/www.repam.net\/es\/wp-content\/uploads\/2022\/10\/Ordenacion-diaconal-Shuar-300x169.jpeg 300w, https:\/\/www.repam.net\/es\/wp-content\/uploads\/2022\/10\/Ordenacion-diaconal-Shuar-768x432.jpeg 768w, https:\/\/www.repam.net\/es\/wp-content\/uploads\/2022\/10\/Ordenacion-diaconal-Shuar.jpeg 1233w\" sizes=\"auto, (max-width: 1024px) 100vw, 1024px\" \/><figcaption>Instituci\u00f3n de ministerios Shuar en Ecuador &#8211; Foto: Vicariato de M\u00e9ndez<\/figcaption><\/figure>\n<\/div>\n\n\n<blockquote class=\"wp-block-quote is-layout-flow wp-block-quote-is-layout-flow\"><p>\u201cLa fe tiene que encarnarse\u201d, y adem\u00e1s insertarse en una cultura. As\u00ed se lo explic\u00f3 a la agencia SIR monse\u00f1or Eugenio Coter, obispo del Vicariato Apost\u00f3lico de Pando, en el territorio amaz\u00f3nico de Bolivia, en la frontera con Per\u00fa y Brasil. Y es precisamente de la vida de las Iglesias de la Amazonia, de su experiencia, de donde podria nacer el \u201crito amaz\u00f3nico\u201d, a trav\u00e9s de una larga gestaci\u00f3n, cuya instituci\u00f3n se ha convertido en una hip\u00f3tesis concreta.<\/p><\/blockquote>\n\n\n\n<p><strong><em>Por Bruno Desidera \/ Agencia SIR<\/em><\/strong><\/p>\n\n\n\n<p>Monse\u00f1or Coter, que desde hace a\u00f1os act\u00faa primero en la Red Eclesial Panamaz\u00f3nica (REPAM) y luego en la Conferencia Eclesial de la Amazonia (CEAMA), es uno de los protagonistas de este proceso. El obispo italiano, que vive en Sudam\u00e9rica desde hace muchos a\u00f1os, ha sido llamado a coordinar el N\u00facleo para el Rito Amaz\u00f3nico, la comisi\u00f3n encargada de formular una hip\u00f3tesis sobre esta importante y posible novedad.<\/p>\n\n\n\n<p><strong>Primera reuni\u00f3n en el Vaticano y fase de estudio.<\/strong><\/p>\n\n\n\n<p>Una delegaci\u00f3n del CEAMA present\u00f3 recientemente en el Vaticano una propuesta inicial para el establecimiento del rito amaz\u00f3nico. El encuentro tuvo lugar en el Dicasterio para el Culto Divino y la Disciplina de los Sacramentos, en presencia del Prefecto del Dicasterio, el Card. Arthur Roche, el secretario, Mons. Vittorio Francesco Viola, y el subsecretario, Mons. Aurelio Garc\u00eda Mac\u00edas.<\/p>\n\n\n\n<p>En nombre del CEAMA estuvieron presentes su presidente, el Card. Pedro Barreto, arzobispo de Huancayo (Per\u00fa), su secretario ejecutivo, el padre Alfredo Ferro, y monse\u00f1or Coter. El N\u00facleo, coordinado por el Vicario Apost\u00f3lico de Pando, con la colaboraci\u00f3n del te\u00f3logo brasile\u00f1o y consultor teol\u00f3gico del Consejo Episcopal Latinoamericano y Caribe\u00f1o (CELAM), Agenor Brighenti, est\u00e1 conformado por 16 miembros, elegidos seg\u00fan diferentes criterios de representatividad, y se divide en cuatro subcomisiones que corresponden a cuatro \u00e1reas diferentes: antropol\u00f3gica-sociol\u00f3gica y espiritual, hist\u00f3rica-cultural, teol\u00f3gica-eclesiol\u00f3gica y ritual-jur\u00eddica.<\/p>\n\n\n\n<figure class=\"wp-block-image size-large\"><img loading=\"lazy\" decoding=\"async\" width=\"1024\" height=\"576\" src=\"https:\/\/www.repam.net\/es\/wp-content\/uploads\/2022\/10\/CEAMA-presenta-Rito-Amazonico-al-Dicasterio-para-el-Culto-Divino-1-1024x576.jpg\" alt=\"\" class=\"wp-image-8771\" srcset=\"https:\/\/www.repam.net\/es\/wp-content\/uploads\/2022\/10\/CEAMA-presenta-Rito-Amazonico-al-Dicasterio-para-el-Culto-Divino-1-1024x576.jpg 1024w, https:\/\/www.repam.net\/es\/wp-content\/uploads\/2022\/10\/CEAMA-presenta-Rito-Amazonico-al-Dicasterio-para-el-Culto-Divino-1-300x169.jpg 300w, https:\/\/www.repam.net\/es\/wp-content\/uploads\/2022\/10\/CEAMA-presenta-Rito-Amazonico-al-Dicasterio-para-el-Culto-Divino-1-768x432.jpg 768w, https:\/\/www.repam.net\/es\/wp-content\/uploads\/2022\/10\/CEAMA-presenta-Rito-Amazonico-al-Dicasterio-para-el-Culto-Divino-1.jpg 1536w\" sizes=\"auto, (max-width: 1024px) 100vw, 1024px\" \/><figcaption>CEAMA presenta Rito Amaz\u00f3nico al Dicasterio para el Culto Divino &#8211; Foto: Archivo CEAMA<\/figcaption><\/figure>\n\n\n\n<p>Lo que se busca, a trav\u00e9s de este n\u00facleo, explica su coordinador, es \u201cestudiar las \u2018tradiciones, usos y costumbres\u2019 de los pueblos de la regi\u00f3n amaz\u00f3nica, as\u00ed como las posibilidades, condiciones y implicaciones de un rito amaz\u00f3nico, con la mirada a la elaboraci\u00f3n de una propuesta que lleve a las Iglesias locales a vivir y celebrar su fe, seg\u00fan sus expresiones originales\u201d.<\/p>\n\n\n\n<p>En los \u00faltimos meses, el equipo ha realizado reuniones de estudio sobre los ritos en la Iglesia y la realidad sociocultural-religiosa de la Amazonia, tratando de identificar las matrices comunes subyacentes. \u201cDurante este tiempo se han identificado algunos retos, empezando por la necesidad de inculturaci\u00f3n en la interculturalidad, con la divisi\u00f3n de tareas de cada subcomisi\u00f3n y la creaci\u00f3n de un grupo de s\u00edntesis y redacci\u00f3n\u201d. Una cuesti\u00f3n previa es la de la propia noci\u00f3n de \u201ccultura amaz\u00f3nica\u201d.<\/p>\n\n\n\n<p>\u201cEn realidad &#8211; contin\u00faa el obispo &#8211; el territorio amaz\u00f3nico se caracteriza por una gran variedad de pueblos, culturas &#8211; unas 400 &#8211; e idiomas &#8211; unos 250 -. Es fundamental encontrar un m\u00ednimo com\u00fan denominador, es decir un lienzo que permita cierta adaptaci\u00f3n dentro de las provincias eclesi\u00e1sticas\u201d.<\/p>\n\n\n\n<h5 class=\"wp-block-heading\"><strong>Empezamos \u201cdesde abajo\u201d<\/strong><\/h5>\n\n\n\n<p>Como es sabido, existe una considerable variedad de ritos dentro de la Iglesia, que en su mayor\u00eda se remontan a los primeros siglos del cristianismo. Recientemente, en 2020, se aprob\u00f3 el Misal Romano para el &#8220;rito zaire\u00f1o&#8221;, el primero rito aprobado despu\u00e9s del Concilio Vaticano II. En el prefacio de ese texto, el propio Papa Francisco se refiri\u00f3 a la exhortaci\u00f3n apost\u00f3lica &#8220;Querida Amazonia&#8221;, y habl\u00f3 de un &#8220;camino prometedor&#8221;, precisamente en direcci\u00f3n a un rito amaz\u00f3nico.<\/p>\n\n\n\n<p>Anteriormente, durante el S\u00ednodo Amaz\u00f3nico en 2019, el tema hab\u00eda sido abordado en muchos discursos. \u201cCuando el anuncio del Evangelio llega a una cultura, se inculta a trav\u00e9s de aquellas formas que son m\u00e1s coherentes para expresar el misterio\u201d, hab\u00eda dicho el arzobispo Rino Fisichella a la prensa durante el S\u00ednodo. Y luego hab\u00eda a\u00f1adido que \u201ccrear el rito es redescubrir un elemento b\u00e1sico, un denominador com\u00fan que permite a los pueblos ind\u00edgenas celebrar la liturgia y, por tanto, los sacramentos. Pero tambi\u00e9n, y esto es importante, constituirse dentro de una realidad, como la de la Amazonia, con su propia espiritualidad, su propia reflexi\u00f3n teol\u00f3gica y, por qu\u00e9 no, tambi\u00e9n con su propia disciplina, por lo tanto, con una estructura de vida comunitaria que se vuelve peculiar de ese territorio\u201d.<\/p>\n\n\n<div class=\"wp-block-image\">\n<figure class=\"aligncenter size-large\"><img loading=\"lazy\" decoding=\"async\" width=\"1024\" height=\"727\" src=\"https:\/\/www.repam.net\/es\/wp-content\/uploads\/2022\/10\/Padre-Luis-Bolla-ashuar-1024x727.jpg\" alt=\"\" class=\"wp-image-8773\" srcset=\"https:\/\/www.repam.net\/es\/wp-content\/uploads\/2022\/10\/Padre-Luis-Bolla-ashuar-1024x727.jpg 1024w, https:\/\/www.repam.net\/es\/wp-content\/uploads\/2022\/10\/Padre-Luis-Bolla-ashuar-300x213.jpg 300w, https:\/\/www.repam.net\/es\/wp-content\/uploads\/2022\/10\/Padre-Luis-Bolla-ashuar-768x545.jpg 768w, https:\/\/www.repam.net\/es\/wp-content\/uploads\/2022\/10\/Padre-Luis-Bolla-ashuar.jpg 1081w\" sizes=\"auto, (max-width: 1024px) 100vw, 1024px\" \/><figcaption>Padre Luis Bolla, llamado cari\u00f1osamente de Y\u00e1nkuam, en Per\u00fa &#8211; Foto: Archivo Salesianos<\/figcaption><\/figure>\n<\/div>\n\n\n<p>Sobre la mesa, en definitiva, hay varias y complejas cuestiones. El propio rito zaire\u00f1o, se\u00f1ala Mons. Coter, \u201ces ante todo una adaptaci\u00f3n del rito latino, una especie de \u2018africanizaci\u00f3n\u2019 del mismo. Intentamos proceder de una manera diferente, empezando desde abajo, de la vida, de las celebraciones que se viven en la Amazonia, de la religiosidad popular vivida, de la experiencia de vida. Detr\u00e1s del ritual hay una visi\u00f3n de la Iglesia y la cultura\u201d.<\/p>\n\n\n\n<p>Un camino en consonancia con la experiencia que est\u00e1n viviendo estos a\u00f1os las iglesias amaz\u00f3nicas. Pero un camino necesariamente largo. \u201cEsperamos concluir nuestros trabajos hacia finales de 2024\u201d. Se discernir\u00e1 si es solo el cambio del rito, o si, como se desprende del debate sinodal, y del propio enfoque central y multidisciplinar, se va a tocar tambi\u00e9n la disciplina de los sacramentos, los ministerios y el derecho can\u00f3nico.<\/p>\n\n\n\n<h5 class=\"wp-block-heading\"><strong>La ministerialidad de las mujeres<\/strong><\/h5>\n\n\n\n<p>Ciertamente, una cuesti\u00f3n distinta de la del rito, pero no obstante relacionada, es la del estatuto de los ministros ordenados, la posibilidad de que, en la peculiar situaci\u00f3n de las iglesias amaz\u00f3nicas, con comunidades peque\u00f1as y grandes distancias que cubrir y escasez de sacerdotes, se ordenen hombres maduros ya casados, los llamados \u201cviri probati\u201d.<\/p>\n\n\n\n<p>Mons. Coter confirma: &#8220;El Papa sobre el tema del sacerdocio casado ha sido claro. Nos interesa, en cambio, una reflexi\u00f3n sobre los ministerios dentro del rito, con la necesidad, en particular, de reconocer la ministerialidad innata de las mujeres tambi\u00e9n en el rito. Una dimensi\u00f3n que se siente especialmente en el contexto amaz\u00f3nico, ya existe. El Papa ya nos ha indicado que, en esta dimensi\u00f3n, la reflexi\u00f3n debe detenerse en la mariolog\u00eda y en los textos paulinos. La relaci\u00f3n entre la Eucarist\u00eda y el ministerio ordenado no es un punto de partida, si bien es importante desarrollar la reflexi\u00f3n sobre los sacramentos como ayuda a la fe cristiana y al encuentro de la comunidad con el Se\u00f1or\u201d.<\/p>\n\n\n\n<figure class=\"wp-block-embed aligncenter is-type-video is-provider-youtube wp-block-embed-youtube wp-embed-aspect-16-9 wp-has-aspect-ratio\"><div class=\"wp-block-embed__wrapper\">\n<iframe loading=\"lazy\" title=\"Frutos del S\u00ednodo Amaz\u00f3nico: Mujeres protagonistas en la Iglesia y en la sociedad\" width=\"500\" height=\"281\" src=\"https:\/\/www.youtube.com\/embed\/A83fLChtCxI?start=5&#038;feature=oembed\" frameborder=\"0\" allow=\"accelerometer; autoplay; clipboard-write; encrypted-media; gyroscope; picture-in-picture; web-share\" referrerpolicy=\"strict-origin-when-cross-origin\" allowfullscreen><\/iframe>\n<\/div><figcaption>Frutos del S\u00ednodo Amaz\u00f3nico: Mujeres protagonistas en la Iglesia y en la sociedad<\/figcaption><\/figure>\n\n\n\n<p>Tras esta reuni\u00f3n inicial en el Vaticano, los trabajos continuar\u00e1n. Monse\u00f1or Coter concluye diciendo: \u201cHemos sido bien recibidos, el Dicasterio nos ha dado las gracias y nos ha dado plena disponibilidad y apertura. Se trata de avanzar juntos\u201d.<\/p>\n\n\n\n<p><strong><em>Fuente: Agencia de noticias SIR<\/em><\/strong><\/p>\n","protected":false},"excerpt":{"rendered":"<p>\u201cLa fe tiene que encarnarse\u201d, y adem\u00e1s insertarse en una cultura. As\u00ed se lo explic\u00f3 a la agencia SIR monse\u00f1or Eugenio Coter, obispo del Vicariato Apost\u00f3lico de Pando, en el territorio amaz\u00f3nico de Bolivia, en la frontera con Per\u00fa y Brasil. Y es precisamente de la vida de las Iglesias de la Amazonia, de su [&hellip;]<\/p>\n","protected":false},"author":1,"featured_media":8773,"comment_status":"closed","ping_status":"closed","sticky":false,"template":"","format":"standard","meta":{"_acf_changed":false,"_uf_show_specific_survey":0,"_uf_disable_surveys":false,"footnotes":""},"categories":[92,203,4],"tags":[93,204,94,569,335],"class_list":["post-8767","post","type-post","status-publish","format-standard","has-post-thumbnail","hentry","category-ceama","category-espiritualidad-amazonica","category-noticias","tag-ceama","tag-espiritualidad-amazonica","tag-iglesia-con-rostro-amazonico","tag-rito-amazonico","tag-sueno-eclesial"],"acf":[],"aioseo_notices":[],"yoast_head":"<!-- This site is optimized with the Yoast SEO plugin v27.4 - https:\/\/yoast.com\/product\/yoast-seo-wordpress\/ -->\n<title>Rito Amaz\u00f3nico: \u201cEmpezando desde abajo. Detr\u00e1s del rito hay una visi\u00f3n de la Iglesia y la cultura\u201d - REPAM<\/title>\n<meta name=\"robots\" content=\"index, follow, max-snippet:-1, max-image-preview:large, max-video-preview:-1\" \/>\n<link rel=\"canonical\" href=\"https:\/\/www.repam.net\/es\/rito-amazonico-empezando-desde-abajo-detras-del-rito-hay-una-vision-de-la-iglesia-y-la-cultura\/\" \/>\n<meta property=\"og:locale\" content=\"es_ES\" \/>\n<meta property=\"og:type\" content=\"article\" \/>\n<meta property=\"og:title\" content=\"Rito Amaz\u00f3nico: \u201cEmpezando desde abajo. Detr\u00e1s del rito hay una visi\u00f3n de la Iglesia y la cultura\u201d - REPAM\" \/>\n<meta property=\"og:description\" content=\"\u201cLa fe tiene que encarnarse\u201d, y adem\u00e1s insertarse en una cultura. As\u00ed se lo explic\u00f3 a la agencia SIR monse\u00f1or Eugenio Coter, obispo del Vicariato Apost\u00f3lico de Pando, en el territorio amaz\u00f3nico de Bolivia, en la frontera con Per\u00fa y Brasil. Y es precisamente de la vida de las Iglesias de la Amazonia, de su [&hellip;]\" \/>\n<meta property=\"og:url\" content=\"https:\/\/www.repam.net\/es\/rito-amazonico-empezando-desde-abajo-detras-del-rito-hay-una-vision-de-la-iglesia-y-la-cultura\/\" \/>\n<meta property=\"og:site_name\" content=\"REPAM\" \/>\n<meta property=\"article:published_time\" content=\"2022-10-18T13:33:38+00:00\" \/>\n<meta property=\"article:modified_time\" content=\"2022-10-18T13:37:16+00:00\" \/>\n<meta property=\"og:image\" content=\"https:\/\/www.repam.net\/es\/wp-content\/uploads\/2022\/10\/Padre-Luis-Bolla-ashuar.jpg\" \/>\n\t<meta property=\"og:image:width\" content=\"1081\" \/>\n\t<meta property=\"og:image:height\" content=\"767\" \/>\n\t<meta property=\"og:image:type\" content=\"image\/jpeg\" \/>\n<meta name=\"author\" content=\"repam@adm\" \/>\n<meta name=\"twitter:card\" content=\"summary_large_image\" \/>\n<meta name=\"twitter:label1\" content=\"Escrito por\" \/>\n\t<meta name=\"twitter:data1\" content=\"repam@adm\" \/>\n\t<meta name=\"twitter:label2\" content=\"Tiempo de lectura\" \/>\n\t<meta name=\"twitter:data2\" content=\"6 minutos\" \/>\n<script type=\"application\/ld+json\" class=\"yoast-schema-graph\">{\"@context\":\"https:\\\/\\\/schema.org\",\"@graph\":[{\"@type\":\"Article\",\"@id\":\"https:\\\/\\\/www.repam.net\\\/es\\\/rito-amazonico-empezando-desde-abajo-detras-del-rito-hay-una-vision-de-la-iglesia-y-la-cultura\\\/#article\",\"isPartOf\":{\"@id\":\"https:\\\/\\\/www.repam.net\\\/es\\\/rito-amazonico-empezando-desde-abajo-detras-del-rito-hay-una-vision-de-la-iglesia-y-la-cultura\\\/\"},\"author\":{\"name\":\"repam@adm\",\"@id\":\"https:\\\/\\\/www.repam.net\\\/es\\\/#\\\/schema\\\/person\\\/0c828bf04cf1abe6016cbe752c76a033\"},\"headline\":\"Rito Amaz\u00f3nico: \u201cEmpezando desde abajo. Detr\u00e1s del rito hay una visi\u00f3n de la Iglesia y la cultura\u201d\",\"datePublished\":\"2022-10-18T13:33:38+00:00\",\"dateModified\":\"2022-10-18T13:37:16+00:00\",\"mainEntityOfPage\":{\"@id\":\"https:\\\/\\\/www.repam.net\\\/es\\\/rito-amazonico-empezando-desde-abajo-detras-del-rito-hay-una-vision-de-la-iglesia-y-la-cultura\\\/\"},\"wordCount\":1256,\"publisher\":{\"@id\":\"https:\\\/\\\/www.repam.net\\\/es\\\/#organization\"},\"image\":{\"@id\":\"https:\\\/\\\/www.repam.net\\\/es\\\/rito-amazonico-empezando-desde-abajo-detras-del-rito-hay-una-vision-de-la-iglesia-y-la-cultura\\\/#primaryimage\"},\"thumbnailUrl\":\"https:\\\/\\\/www.repam.net\\\/es\\\/wp-content\\\/uploads\\\/2022\\\/10\\\/Padre-Luis-Bolla-ashuar.jpg\",\"keywords\":[\"CEAMA\",\"Espiritualidad Amaz\u00f3nica\",\"Iglesia con rostro amaz\u00f3nico\",\"rito amaz\u00f3nico\",\"Sue\u00f1o Eclesial\"],\"articleSection\":[\"CEAMA\",\"Espiritualidad Amaz\u00f3nica\",\"Noticias\"],\"inLanguage\":\"es-CO\"},{\"@type\":\"WebPage\",\"@id\":\"https:\\\/\\\/www.repam.net\\\/es\\\/rito-amazonico-empezando-desde-abajo-detras-del-rito-hay-una-vision-de-la-iglesia-y-la-cultura\\\/\",\"url\":\"https:\\\/\\\/www.repam.net\\\/es\\\/rito-amazonico-empezando-desde-abajo-detras-del-rito-hay-una-vision-de-la-iglesia-y-la-cultura\\\/\",\"name\":\"Rito Amaz\u00f3nico: \u201cEmpezando desde abajo. Detr\u00e1s del rito hay una visi\u00f3n de la Iglesia y la cultura\u201d - REPAM\",\"isPartOf\":{\"@id\":\"https:\\\/\\\/www.repam.net\\\/es\\\/#website\"},\"primaryImageOfPage\":{\"@id\":\"https:\\\/\\\/www.repam.net\\\/es\\\/rito-amazonico-empezando-desde-abajo-detras-del-rito-hay-una-vision-de-la-iglesia-y-la-cultura\\\/#primaryimage\"},\"image\":{\"@id\":\"https:\\\/\\\/www.repam.net\\\/es\\\/rito-amazonico-empezando-desde-abajo-detras-del-rito-hay-una-vision-de-la-iglesia-y-la-cultura\\\/#primaryimage\"},\"thumbnailUrl\":\"https:\\\/\\\/www.repam.net\\\/es\\\/wp-content\\\/uploads\\\/2022\\\/10\\\/Padre-Luis-Bolla-ashuar.jpg\",\"datePublished\":\"2022-10-18T13:33:38+00:00\",\"dateModified\":\"2022-10-18T13:37:16+00:00\",\"breadcrumb\":{\"@id\":\"https:\\\/\\\/www.repam.net\\\/es\\\/rito-amazonico-empezando-desde-abajo-detras-del-rito-hay-una-vision-de-la-iglesia-y-la-cultura\\\/#breadcrumb\"},\"inLanguage\":\"es-CO\",\"potentialAction\":[{\"@type\":\"ReadAction\",\"target\":[\"https:\\\/\\\/www.repam.net\\\/es\\\/rito-amazonico-empezando-desde-abajo-detras-del-rito-hay-una-vision-de-la-iglesia-y-la-cultura\\\/\"]}]},{\"@type\":\"ImageObject\",\"inLanguage\":\"es-CO\",\"@id\":\"https:\\\/\\\/www.repam.net\\\/es\\\/rito-amazonico-empezando-desde-abajo-detras-del-rito-hay-una-vision-de-la-iglesia-y-la-cultura\\\/#primaryimage\",\"url\":\"https:\\\/\\\/www.repam.net\\\/es\\\/wp-content\\\/uploads\\\/2022\\\/10\\\/Padre-Luis-Bolla-ashuar.jpg\",\"contentUrl\":\"https:\\\/\\\/www.repam.net\\\/es\\\/wp-content\\\/uploads\\\/2022\\\/10\\\/Padre-Luis-Bolla-ashuar.jpg\",\"width\":1081,\"height\":767},{\"@type\":\"BreadcrumbList\",\"@id\":\"https:\\\/\\\/www.repam.net\\\/es\\\/rito-amazonico-empezando-desde-abajo-detras-del-rito-hay-una-vision-de-la-iglesia-y-la-cultura\\\/#breadcrumb\",\"itemListElement\":[{\"@type\":\"ListItem\",\"position\":1,\"name\":\"Inicio\",\"item\":\"https:\\\/\\\/www.repam.net\\\/es\\\/\"},{\"@type\":\"ListItem\",\"position\":2,\"name\":\"Rito Amaz\u00f3nico: \u201cEmpezando desde abajo. Detr\u00e1s del rito hay una visi\u00f3n de la Iglesia y la cultura\u201d\"}]},{\"@type\":\"WebSite\",\"@id\":\"https:\\\/\\\/www.repam.net\\\/es\\\/#website\",\"url\":\"https:\\\/\\\/www.repam.net\\\/es\\\/\",\"name\":\"REPAM\",\"description\":\"Red Eclesial Panamaz\u00f3nica\",\"publisher\":{\"@id\":\"https:\\\/\\\/www.repam.net\\\/es\\\/#organization\"},\"potentialAction\":[{\"@type\":\"SearchAction\",\"target\":{\"@type\":\"EntryPoint\",\"urlTemplate\":\"https:\\\/\\\/www.repam.net\\\/es\\\/?s={search_term_string}\"},\"query-input\":{\"@type\":\"PropertyValueSpecification\",\"valueRequired\":true,\"valueName\":\"search_term_string\"}}],\"inLanguage\":\"es-CO\"},{\"@type\":\"Organization\",\"@id\":\"https:\\\/\\\/www.repam.net\\\/es\\\/#organization\",\"name\":\"REPAM\",\"url\":\"https:\\\/\\\/www.repam.net\\\/es\\\/\",\"logo\":{\"@type\":\"ImageObject\",\"inLanguage\":\"es-CO\",\"@id\":\"https:\\\/\\\/www.repam.net\\\/es\\\/#\\\/schema\\\/logo\\\/image\\\/\",\"url\":\"https:\\\/\\\/www.repam.net\\\/es\\\/wp-content\\\/uploads\\\/2021\\\/11\\\/cropped-favicon.png\",\"contentUrl\":\"https:\\\/\\\/www.repam.net\\\/es\\\/wp-content\\\/uploads\\\/2021\\\/11\\\/cropped-favicon.png\",\"width\":512,\"height\":512,\"caption\":\"REPAM\"},\"image\":{\"@id\":\"https:\\\/\\\/www.repam.net\\\/es\\\/#\\\/schema\\\/logo\\\/image\\\/\"}},{\"@type\":\"Person\",\"@id\":\"https:\\\/\\\/www.repam.net\\\/es\\\/#\\\/schema\\\/person\\\/0c828bf04cf1abe6016cbe752c76a033\",\"name\":\"repam@adm\",\"image\":{\"@type\":\"ImageObject\",\"inLanguage\":\"es-CO\",\"@id\":\"https:\\\/\\\/secure.gravatar.com\\\/avatar\\\/b18234ea6de5d74563e52ca7bfdad9d2b029b514c935b38a2790717abf8f2e5f?s=96&d=mm&r=g\",\"url\":\"https:\\\/\\\/secure.gravatar.com\\\/avatar\\\/b18234ea6de5d74563e52ca7bfdad9d2b029b514c935b38a2790717abf8f2e5f?s=96&d=mm&r=g\",\"contentUrl\":\"https:\\\/\\\/secure.gravatar.com\\\/avatar\\\/b18234ea6de5d74563e52ca7bfdad9d2b029b514c935b38a2790717abf8f2e5f?s=96&d=mm&r=g\",\"caption\":\"repam@adm\"},\"sameAs\":[\"http:\\\/\\\/repam.net\"],\"url\":\"https:\\\/\\\/www.repam.net\\\/es\\\/author\\\/repamadm\\\/\"}]}<\/script>\n<!-- \/ Yoast SEO plugin. -->","yoast_head_json":{"title":"Rito Amaz\u00f3nico: \u201cEmpezando desde abajo. Detr\u00e1s del rito hay una visi\u00f3n de la Iglesia y la cultura\u201d - REPAM","robots":{"index":"index","follow":"follow","max-snippet":"max-snippet:-1","max-image-preview":"max-image-preview:large","max-video-preview":"max-video-preview:-1"},"canonical":"https:\/\/www.repam.net\/es\/rito-amazonico-empezando-desde-abajo-detras-del-rito-hay-una-vision-de-la-iglesia-y-la-cultura\/","og_locale":"es_ES","og_type":"article","og_title":"Rito Amaz\u00f3nico: \u201cEmpezando desde abajo. Detr\u00e1s del rito hay una visi\u00f3n de la Iglesia y la cultura\u201d - REPAM","og_description":"\u201cLa fe tiene que encarnarse\u201d, y adem\u00e1s insertarse en una cultura. As\u00ed se lo explic\u00f3 a la agencia SIR monse\u00f1or Eugenio Coter, obispo del Vicariato Apost\u00f3lico de Pando, en el territorio amaz\u00f3nico de Bolivia, en la frontera con Per\u00fa y Brasil. Y es precisamente de la vida de las Iglesias de la Amazonia, de su [&hellip;]","og_url":"https:\/\/www.repam.net\/es\/rito-amazonico-empezando-desde-abajo-detras-del-rito-hay-una-vision-de-la-iglesia-y-la-cultura\/","og_site_name":"REPAM","article_published_time":"2022-10-18T13:33:38+00:00","article_modified_time":"2022-10-18T13:37:16+00:00","og_image":[{"width":1081,"height":767,"url":"https:\/\/www.repam.net\/es\/wp-content\/uploads\/2022\/10\/Padre-Luis-Bolla-ashuar.jpg","type":"image\/jpeg"}],"author":"repam@adm","twitter_card":"summary_large_image","twitter_misc":{"Escrito por":"repam@adm","Tiempo de lectura":"6 minutos"},"schema":{"@context":"https:\/\/schema.org","@graph":[{"@type":"Article","@id":"https:\/\/www.repam.net\/es\/rito-amazonico-empezando-desde-abajo-detras-del-rito-hay-una-vision-de-la-iglesia-y-la-cultura\/#article","isPartOf":{"@id":"https:\/\/www.repam.net\/es\/rito-amazonico-empezando-desde-abajo-detras-del-rito-hay-una-vision-de-la-iglesia-y-la-cultura\/"},"author":{"name":"repam@adm","@id":"https:\/\/www.repam.net\/es\/#\/schema\/person\/0c828bf04cf1abe6016cbe752c76a033"},"headline":"Rito Amaz\u00f3nico: \u201cEmpezando desde abajo. Detr\u00e1s del rito hay una visi\u00f3n de la Iglesia y la cultura\u201d","datePublished":"2022-10-18T13:33:38+00:00","dateModified":"2022-10-18T13:37:16+00:00","mainEntityOfPage":{"@id":"https:\/\/www.repam.net\/es\/rito-amazonico-empezando-desde-abajo-detras-del-rito-hay-una-vision-de-la-iglesia-y-la-cultura\/"},"wordCount":1256,"publisher":{"@id":"https:\/\/www.repam.net\/es\/#organization"},"image":{"@id":"https:\/\/www.repam.net\/es\/rito-amazonico-empezando-desde-abajo-detras-del-rito-hay-una-vision-de-la-iglesia-y-la-cultura\/#primaryimage"},"thumbnailUrl":"https:\/\/www.repam.net\/es\/wp-content\/uploads\/2022\/10\/Padre-Luis-Bolla-ashuar.jpg","keywords":["CEAMA","Espiritualidad Amaz\u00f3nica","Iglesia con rostro amaz\u00f3nico","rito amaz\u00f3nico","Sue\u00f1o Eclesial"],"articleSection":["CEAMA","Espiritualidad Amaz\u00f3nica","Noticias"],"inLanguage":"es-CO"},{"@type":"WebPage","@id":"https:\/\/www.repam.net\/es\/rito-amazonico-empezando-desde-abajo-detras-del-rito-hay-una-vision-de-la-iglesia-y-la-cultura\/","url":"https:\/\/www.repam.net\/es\/rito-amazonico-empezando-desde-abajo-detras-del-rito-hay-una-vision-de-la-iglesia-y-la-cultura\/","name":"Rito Amaz\u00f3nico: \u201cEmpezando desde abajo. Detr\u00e1s del rito hay una visi\u00f3n de la Iglesia y la cultura\u201d - REPAM","isPartOf":{"@id":"https:\/\/www.repam.net\/es\/#website"},"primaryImageOfPage":{"@id":"https:\/\/www.repam.net\/es\/rito-amazonico-empezando-desde-abajo-detras-del-rito-hay-una-vision-de-la-iglesia-y-la-cultura\/#primaryimage"},"image":{"@id":"https:\/\/www.repam.net\/es\/rito-amazonico-empezando-desde-abajo-detras-del-rito-hay-una-vision-de-la-iglesia-y-la-cultura\/#primaryimage"},"thumbnailUrl":"https:\/\/www.repam.net\/es\/wp-content\/uploads\/2022\/10\/Padre-Luis-Bolla-ashuar.jpg","datePublished":"2022-10-18T13:33:38+00:00","dateModified":"2022-10-18T13:37:16+00:00","breadcrumb":{"@id":"https:\/\/www.repam.net\/es\/rito-amazonico-empezando-desde-abajo-detras-del-rito-hay-una-vision-de-la-iglesia-y-la-cultura\/#breadcrumb"},"inLanguage":"es-CO","potentialAction":[{"@type":"ReadAction","target":["https:\/\/www.repam.net\/es\/rito-amazonico-empezando-desde-abajo-detras-del-rito-hay-una-vision-de-la-iglesia-y-la-cultura\/"]}]},{"@type":"ImageObject","inLanguage":"es-CO","@id":"https:\/\/www.repam.net\/es\/rito-amazonico-empezando-desde-abajo-detras-del-rito-hay-una-vision-de-la-iglesia-y-la-cultura\/#primaryimage","url":"https:\/\/www.repam.net\/es\/wp-content\/uploads\/2022\/10\/Padre-Luis-Bolla-ashuar.jpg","contentUrl":"https:\/\/www.repam.net\/es\/wp-content\/uploads\/2022\/10\/Padre-Luis-Bolla-ashuar.jpg","width":1081,"height":767},{"@type":"BreadcrumbList","@id":"https:\/\/www.repam.net\/es\/rito-amazonico-empezando-desde-abajo-detras-del-rito-hay-una-vision-de-la-iglesia-y-la-cultura\/#breadcrumb","itemListElement":[{"@type":"ListItem","position":1,"name":"Inicio","item":"https:\/\/www.repam.net\/es\/"},{"@type":"ListItem","position":2,"name":"Rito Amaz\u00f3nico: \u201cEmpezando desde abajo. Detr\u00e1s del rito hay una visi\u00f3n de la Iglesia y la cultura\u201d"}]},{"@type":"WebSite","@id":"https:\/\/www.repam.net\/es\/#website","url":"https:\/\/www.repam.net\/es\/","name":"REPAM","description":"Red Eclesial Panamaz\u00f3nica","publisher":{"@id":"https:\/\/www.repam.net\/es\/#organization"},"potentialAction":[{"@type":"SearchAction","target":{"@type":"EntryPoint","urlTemplate":"https:\/\/www.repam.net\/es\/?s={search_term_string}"},"query-input":{"@type":"PropertyValueSpecification","valueRequired":true,"valueName":"search_term_string"}}],"inLanguage":"es-CO"},{"@type":"Organization","@id":"https:\/\/www.repam.net\/es\/#organization","name":"REPAM","url":"https:\/\/www.repam.net\/es\/","logo":{"@type":"ImageObject","inLanguage":"es-CO","@id":"https:\/\/www.repam.net\/es\/#\/schema\/logo\/image\/","url":"https:\/\/www.repam.net\/es\/wp-content\/uploads\/2021\/11\/cropped-favicon.png","contentUrl":"https:\/\/www.repam.net\/es\/wp-content\/uploads\/2021\/11\/cropped-favicon.png","width":512,"height":512,"caption":"REPAM"},"image":{"@id":"https:\/\/www.repam.net\/es\/#\/schema\/logo\/image\/"}},{"@type":"Person","@id":"https:\/\/www.repam.net\/es\/#\/schema\/person\/0c828bf04cf1abe6016cbe752c76a033","name":"repam@adm","image":{"@type":"ImageObject","inLanguage":"es-CO","@id":"https:\/\/secure.gravatar.com\/avatar\/b18234ea6de5d74563e52ca7bfdad9d2b029b514c935b38a2790717abf8f2e5f?s=96&d=mm&r=g","url":"https:\/\/secure.gravatar.com\/avatar\/b18234ea6de5d74563e52ca7bfdad9d2b029b514c935b38a2790717abf8f2e5f?s=96&d=mm&r=g","contentUrl":"https:\/\/secure.gravatar.com\/avatar\/b18234ea6de5d74563e52ca7bfdad9d2b029b514c935b38a2790717abf8f2e5f?s=96&d=mm&r=g","caption":"repam@adm"},"sameAs":["http:\/\/repam.net"],"url":"https:\/\/www.repam.net\/es\/author\/repamadm\/"}]}},"_links":{"self":[{"href":"https:\/\/www.repam.net\/es\/wp-json\/wp\/v2\/posts\/8767","targetHints":{"allow":["GET"]}}],"collection":[{"href":"https:\/\/www.repam.net\/es\/wp-json\/wp\/v2\/posts"}],"about":[{"href":"https:\/\/www.repam.net\/es\/wp-json\/wp\/v2\/types\/post"}],"author":[{"embeddable":true,"href":"https:\/\/www.repam.net\/es\/wp-json\/wp\/v2\/users\/1"}],"replies":[{"embeddable":true,"href":"https:\/\/www.repam.net\/es\/wp-json\/wp\/v2\/comments?post=8767"}],"version-history":[{"count":2,"href":"https:\/\/www.repam.net\/es\/wp-json\/wp\/v2\/posts\/8767\/revisions"}],"predecessor-version":[{"id":8775,"href":"https:\/\/www.repam.net\/es\/wp-json\/wp\/v2\/posts\/8767\/revisions\/8775"}],"wp:featuredmedia":[{"embeddable":true,"href":"https:\/\/www.repam.net\/es\/wp-json\/wp\/v2\/media\/8773"}],"wp:attachment":[{"href":"https:\/\/www.repam.net\/es\/wp-json\/wp\/v2\/media?parent=8767"}],"wp:term":[{"taxonomy":"category","embeddable":true,"href":"https:\/\/www.repam.net\/es\/wp-json\/wp\/v2\/categories?post=8767"},{"taxonomy":"post_tag","embeddable":true,"href":"https:\/\/www.repam.net\/es\/wp-json\/wp\/v2\/tags?post=8767"}],"curies":[{"name":"wp","href":"https:\/\/api.w.org\/{rel}","templated":true}]}}