{"id":8795,"date":"2022-10-21T08:41:09","date_gmt":"2022-10-21T13:41:09","guid":{"rendered":"https:\/\/www.repam.net\/es\/?p=8795"},"modified":"2022-10-21T08:41:12","modified_gmt":"2022-10-21T13:41:12","slug":"francisco-aprueba-canonicamente-a-la-ceama","status":"publish","type":"post","link":"https:\/\/www.repam.net\/es\/francisco-aprueba-canonicamente-a-la-ceama\/","title":{"rendered":"Francisco aprueba can\u00f3nicamente a la CEAMA"},"content":{"rendered":"<div class=\"wp-block-image\">\n<figure class=\"aligncenter size-full\"><img loading=\"lazy\" decoding=\"async\" width=\"1000\" height=\"563\" src=\"https:\/\/www.repam.net\/es\/wp-content\/uploads\/2022\/10\/barreto-e-papa.jpeg\" alt=\"\" class=\"wp-image-8798\" srcset=\"https:\/\/www.repam.net\/es\/wp-content\/uploads\/2022\/10\/barreto-e-papa.jpeg 1000w, https:\/\/www.repam.net\/es\/wp-content\/uploads\/2022\/10\/barreto-e-papa-300x169.jpeg 300w, https:\/\/www.repam.net\/es\/wp-content\/uploads\/2022\/10\/barreto-e-papa-768x432.jpeg 768w\" sizes=\"auto, (max-width: 1000px) 100vw, 1000px\" \/><figcaption>El Santo Padre se encontr\u00f3 con la CEAMA en 3 de septiembre pasado. Foto: Vatican Media<\/figcaption><\/figure>\n<\/div>\n\n\n<blockquote class=\"wp-block-quote is-layout-flow wp-block-quote-is-layout-flow\"><p><em>El anuncio fue comunicado este jueves 20 de octubre por la misma instituci\u00f3n. El Santo Padre ve este paso como \u201cuna gran alegr\u00eda para la Iglesia universal\u201d y, en especial, para el Pueblo de Dios que peregrina en la Amazon\u00eda.<\/em><\/p><\/blockquote>\n\n\n\n<p><strong>Sebasti\u00e1n Sans\u00f3n Ferrari \u2013 Vatican News<\/strong><\/p>\n\n\n\n<p>La Conferencia Eclesial de la Amazon\u00eda (CEAMA) ha sido erigida como una organizaci\u00f3n de la Iglesia cat\u00f3lica con personer\u00eda jur\u00eddica can\u00f3nica y p\u00fablica. As\u00ed fue comunicado por el Cardenal Marc Ouellet, Prefecto del Dicasterio de los Obispos, en un decreto del 3 de octubre de 2022.<\/p>\n\n\n\n<p>Como tambi\u00e9n recoge el CELAM, se trata de una noticia grata y desafiante, seg\u00fan un comunicado de la CEAMA, difundido este jueves 20 de octubre. \u201cSin duda, la aprobaci\u00f3n de la CEAMA es fruto del Esp\u00edritu Santo\u201d, afirma el texto, que tambi\u00e9n resalta que el proceso sinodal se inici\u00f3 con la creaci\u00f3n de la Red Eclesial Panamaz\u00f3nica (REPAM) el 14 de septiembre de 2014, cuyo presidente fue el Cardenal Claudio Hummes. Las entidades cofundadoras de la REPAM son el Consejo Episcopal Latinoamericano y Caribe\u00f1o (CELAM), la Confederaci\u00f3n Latinoamericana de Religiosos (CLAR) y el Secretariado Latinoamericano y del Caribe de C\u00e1ritas (SELACC).<\/p>\n\n\n\n<p>Ocho meses despu\u00e9s, el Santo Padre public\u00f3 la enc\u00edclica&nbsp;<em><a href=\"https:\/\/www.vatican.va\/content\/francesco\/es\/encyclicals\/documents\/papa-francesco_20150524_enciclica-laudato-si.html\">Laudato si\u2019,<\/a><\/em>&nbsp;en la que afirma que \u201chay lugares que requieren un cuidado particular por su enorme importancia para el ecosistema mundial, o que constituyen importantes reservas de agua y as\u00ed aseguran otras formas de vida (\u2026) Mencionemos, por ejemplo, esos pulmones del planeta repletos de biodiversidad que son la Amazon\u00eda uy la cuenca fluvial del Congo, o los grandes acu\u00edferos y glaciares. No se ignora la importancia de esos lugares para la totalidad del planeta y para el futuro de la humanidad\u201d.<\/p>\n\n\n\n<p>El proceso desemboc\u00f3 en la realizaci\u00f3n del s\u00ednodo panamaz\u00f3nico del 6 al 27 de octubre de 2019 y al documento final, donde aparece como una propuesta la necesidad de crear un organismo episcopal que contribuyera a realizar un plan pastoral de conjunto para la regi\u00f3n amaz\u00f3nica.<\/p>\n\n\n\n<p>Siguiendo los pasos, el 29 de junio de 2020, en plena pandemia de coronavirus, naci\u00f3 la CEAMA, en consonancia con la eclesiolog\u00eda del Concilio Vaticano II, de cuya apertura se cumplieron 60 a\u00f1os el pasado 11 de octubre.<\/p>\n\n\n\n<p>La CEAMA considera que su aprobaci\u00f3n jur\u00eddica y can\u00f3nica es un \u201cmotivo de profundo agradecimiento a Dios, al Papa Francisco y a todos los que animaron este proceso sinodal\u201d, establece la nota. No obstante, desde la instituci\u00f3n asumen un desaf\u00edo: ponerse en comunicaci\u00f3n con las Conferencias Episcopales para explicar \u201cla gracia especial de la CEAMA como un espacio de escucha, discernimiento y de acci\u00f3n pastoral misionera en la Regi\u00f3n Amaz\u00f3nica\u201d. Este espacio tambi\u00e9n se llevar\u00e1 a cabo con las Nunciaturas Apost\u00f3licas, buscando ayuda en el reconocimiento legal de la CEAMA ante los Estados comprendidos en el territorio amaz\u00f3nico.<\/p>\n\n\n\n<p><strong><em>Fuente: Vatican News<\/em><\/strong><\/p>\n","protected":false},"excerpt":{"rendered":"<p>El anuncio fue comunicado este jueves 20 de octubre por la misma instituci\u00f3n. El Santo Padre ve este paso como \u201cuna gran alegr\u00eda para la Iglesia universal\u201d y, en especial, para el Pueblo de Dios que peregrina en la Amazon\u00eda. Sebasti\u00e1n Sans\u00f3n Ferrari \u2013 Vatican News La Conferencia Eclesial de la Amazon\u00eda (CEAMA) ha sido [&hellip;]<\/p>\n","protected":false},"author":1,"featured_media":8798,"comment_status":"closed","ping_status":"closed","sticky":false,"template":"","format":"standard","meta":{"_acf_changed":false,"_uf_show_specific_survey":0,"_uf_disable_surveys":false,"footnotes":""},"categories":[92,4],"tags":[33,93,43,16],"class_list":["post-8795","post","type-post","status-publish","format-standard","has-post-thumbnail","hentry","category-ceama","category-noticias","tag-amazonia","tag-ceama","tag-papa-francisco","tag-pueblos-indigenas"],"acf":[],"aioseo_notices":[],"yoast_head":"<!-- This site is optimized with the Yoast SEO plugin v27.4 - https:\/\/yoast.com\/product\/yoast-seo-wordpress\/ -->\n<title>Francisco aprueba can\u00f3nicamente a la CEAMA - REPAM<\/title>\n<meta name=\"robots\" content=\"index, follow, max-snippet:-1, max-image-preview:large, max-video-preview:-1\" \/>\n<link rel=\"canonical\" href=\"https:\/\/www.repam.net\/es\/francisco-aprueba-canonicamente-a-la-ceama\/\" \/>\n<meta property=\"og:locale\" content=\"es_ES\" \/>\n<meta property=\"og:type\" content=\"article\" \/>\n<meta property=\"og:title\" content=\"Francisco aprueba can\u00f3nicamente a la CEAMA - REPAM\" \/>\n<meta property=\"og:description\" content=\"El anuncio fue comunicado este jueves 20 de octubre por la misma instituci\u00f3n. El Santo Padre ve este paso como \u201cuna gran alegr\u00eda para la Iglesia universal\u201d y, en especial, para el Pueblo de Dios que peregrina en la Amazon\u00eda. Sebasti\u00e1n Sans\u00f3n Ferrari \u2013 Vatican News La Conferencia Eclesial de la Amazon\u00eda (CEAMA) ha sido [&hellip;]\" \/>\n<meta property=\"og:url\" content=\"https:\/\/www.repam.net\/es\/francisco-aprueba-canonicamente-a-la-ceama\/\" \/>\n<meta property=\"og:site_name\" content=\"REPAM\" \/>\n<meta property=\"article:published_time\" content=\"2022-10-21T13:41:09+00:00\" \/>\n<meta property=\"article:modified_time\" content=\"2022-10-21T13:41:12+00:00\" \/>\n<meta property=\"og:image\" content=\"https:\/\/www.repam.net\/es\/wp-content\/uploads\/2022\/10\/barreto-e-papa.jpeg\" \/>\n\t<meta property=\"og:image:width\" content=\"1000\" \/>\n\t<meta property=\"og:image:height\" content=\"563\" \/>\n\t<meta property=\"og:image:type\" content=\"image\/jpeg\" \/>\n<meta name=\"author\" content=\"repam@adm\" \/>\n<meta name=\"twitter:card\" content=\"summary_large_image\" \/>\n<meta name=\"twitter:label1\" content=\"Escrito por\" \/>\n\t<meta name=\"twitter:data1\" content=\"repam@adm\" \/>\n\t<meta name=\"twitter:label2\" content=\"Tiempo de lectura\" \/>\n\t<meta name=\"twitter:data2\" content=\"3 minutos\" \/>\n<script type=\"application\/ld+json\" class=\"yoast-schema-graph\">{\"@context\":\"https:\\\/\\\/schema.org\",\"@graph\":[{\"@type\":\"Article\",\"@id\":\"https:\\\/\\\/www.repam.net\\\/es\\\/francisco-aprueba-canonicamente-a-la-ceama\\\/#article\",\"isPartOf\":{\"@id\":\"https:\\\/\\\/www.repam.net\\\/es\\\/francisco-aprueba-canonicamente-a-la-ceama\\\/\"},\"author\":{\"name\":\"repam@adm\",\"@id\":\"https:\\\/\\\/www.repam.net\\\/es\\\/#\\\/schema\\\/person\\\/0c828bf04cf1abe6016cbe752c76a033\"},\"headline\":\"Francisco aprueba can\u00f3nicamente a la CEAMA\",\"datePublished\":\"2022-10-21T13:41:09+00:00\",\"dateModified\":\"2022-10-21T13:41:12+00:00\",\"mainEntityOfPage\":{\"@id\":\"https:\\\/\\\/www.repam.net\\\/es\\\/francisco-aprueba-canonicamente-a-la-ceama\\\/\"},\"wordCount\":524,\"publisher\":{\"@id\":\"https:\\\/\\\/www.repam.net\\\/es\\\/#organization\"},\"image\":{\"@id\":\"https:\\\/\\\/www.repam.net\\\/es\\\/francisco-aprueba-canonicamente-a-la-ceama\\\/#primaryimage\"},\"thumbnailUrl\":\"https:\\\/\\\/www.repam.net\\\/es\\\/wp-content\\\/uploads\\\/2022\\\/10\\\/barreto-e-papa.jpeg\",\"keywords\":[\"Amazon\u00eda\",\"CEAMA\",\"Papa Francisco\",\"pueblos ind\u00edgenas\"],\"articleSection\":[\"CEAMA\",\"Noticias\"],\"inLanguage\":\"es-CO\"},{\"@type\":\"WebPage\",\"@id\":\"https:\\\/\\\/www.repam.net\\\/es\\\/francisco-aprueba-canonicamente-a-la-ceama\\\/\",\"url\":\"https:\\\/\\\/www.repam.net\\\/es\\\/francisco-aprueba-canonicamente-a-la-ceama\\\/\",\"name\":\"Francisco aprueba can\u00f3nicamente a la CEAMA - REPAM\",\"isPartOf\":{\"@id\":\"https:\\\/\\\/www.repam.net\\\/es\\\/#website\"},\"primaryImageOfPage\":{\"@id\":\"https:\\\/\\\/www.repam.net\\\/es\\\/francisco-aprueba-canonicamente-a-la-ceama\\\/#primaryimage\"},\"image\":{\"@id\":\"https:\\\/\\\/www.repam.net\\\/es\\\/francisco-aprueba-canonicamente-a-la-ceama\\\/#primaryimage\"},\"thumbnailUrl\":\"https:\\\/\\\/www.repam.net\\\/es\\\/wp-content\\\/uploads\\\/2022\\\/10\\\/barreto-e-papa.jpeg\",\"datePublished\":\"2022-10-21T13:41:09+00:00\",\"dateModified\":\"2022-10-21T13:41:12+00:00\",\"breadcrumb\":{\"@id\":\"https:\\\/\\\/www.repam.net\\\/es\\\/francisco-aprueba-canonicamente-a-la-ceama\\\/#breadcrumb\"},\"inLanguage\":\"es-CO\",\"potentialAction\":[{\"@type\":\"ReadAction\",\"target\":[\"https:\\\/\\\/www.repam.net\\\/es\\\/francisco-aprueba-canonicamente-a-la-ceama\\\/\"]}]},{\"@type\":\"ImageObject\",\"inLanguage\":\"es-CO\",\"@id\":\"https:\\\/\\\/www.repam.net\\\/es\\\/francisco-aprueba-canonicamente-a-la-ceama\\\/#primaryimage\",\"url\":\"https:\\\/\\\/www.repam.net\\\/es\\\/wp-content\\\/uploads\\\/2022\\\/10\\\/barreto-e-papa.jpeg\",\"contentUrl\":\"https:\\\/\\\/www.repam.net\\\/es\\\/wp-content\\\/uploads\\\/2022\\\/10\\\/barreto-e-papa.jpeg\",\"width\":1000,\"height\":563},{\"@type\":\"BreadcrumbList\",\"@id\":\"https:\\\/\\\/www.repam.net\\\/es\\\/francisco-aprueba-canonicamente-a-la-ceama\\\/#breadcrumb\",\"itemListElement\":[{\"@type\":\"ListItem\",\"position\":1,\"name\":\"Inicio\",\"item\":\"https:\\\/\\\/www.repam.net\\\/es\\\/\"},{\"@type\":\"ListItem\",\"position\":2,\"name\":\"Francisco aprueba can\u00f3nicamente a la CEAMA\"}]},{\"@type\":\"WebSite\",\"@id\":\"https:\\\/\\\/www.repam.net\\\/es\\\/#website\",\"url\":\"https:\\\/\\\/www.repam.net\\\/es\\\/\",\"name\":\"REPAM\",\"description\":\"Red Eclesial Panamaz\u00f3nica\",\"publisher\":{\"@id\":\"https:\\\/\\\/www.repam.net\\\/es\\\/#organization\"},\"potentialAction\":[{\"@type\":\"SearchAction\",\"target\":{\"@type\":\"EntryPoint\",\"urlTemplate\":\"https:\\\/\\\/www.repam.net\\\/es\\\/?s={search_term_string}\"},\"query-input\":{\"@type\":\"PropertyValueSpecification\",\"valueRequired\":true,\"valueName\":\"search_term_string\"}}],\"inLanguage\":\"es-CO\"},{\"@type\":\"Organization\",\"@id\":\"https:\\\/\\\/www.repam.net\\\/es\\\/#organization\",\"name\":\"REPAM\",\"url\":\"https:\\\/\\\/www.repam.net\\\/es\\\/\",\"logo\":{\"@type\":\"ImageObject\",\"inLanguage\":\"es-CO\",\"@id\":\"https:\\\/\\\/www.repam.net\\\/es\\\/#\\\/schema\\\/logo\\\/image\\\/\",\"url\":\"https:\\\/\\\/www.repam.net\\\/es\\\/wp-content\\\/uploads\\\/2021\\\/11\\\/cropped-favicon.png\",\"contentUrl\":\"https:\\\/\\\/www.repam.net\\\/es\\\/wp-content\\\/uploads\\\/2021\\\/11\\\/cropped-favicon.png\",\"width\":512,\"height\":512,\"caption\":\"REPAM\"},\"image\":{\"@id\":\"https:\\\/\\\/www.repam.net\\\/es\\\/#\\\/schema\\\/logo\\\/image\\\/\"}},{\"@type\":\"Person\",\"@id\":\"https:\\\/\\\/www.repam.net\\\/es\\\/#\\\/schema\\\/person\\\/0c828bf04cf1abe6016cbe752c76a033\",\"name\":\"repam@adm\",\"image\":{\"@type\":\"ImageObject\",\"inLanguage\":\"es-CO\",\"@id\":\"https:\\\/\\\/secure.gravatar.com\\\/avatar\\\/b18234ea6de5d74563e52ca7bfdad9d2b029b514c935b38a2790717abf8f2e5f?s=96&d=mm&r=g\",\"url\":\"https:\\\/\\\/secure.gravatar.com\\\/avatar\\\/b18234ea6de5d74563e52ca7bfdad9d2b029b514c935b38a2790717abf8f2e5f?s=96&d=mm&r=g\",\"contentUrl\":\"https:\\\/\\\/secure.gravatar.com\\\/avatar\\\/b18234ea6de5d74563e52ca7bfdad9d2b029b514c935b38a2790717abf8f2e5f?s=96&d=mm&r=g\",\"caption\":\"repam@adm\"},\"sameAs\":[\"http:\\\/\\\/repam.net\"],\"url\":\"https:\\\/\\\/www.repam.net\\\/es\\\/author\\\/repamadm\\\/\"}]}<\/script>\n<!-- \/ Yoast SEO plugin. -->","yoast_head_json":{"title":"Francisco aprueba can\u00f3nicamente a la CEAMA - REPAM","robots":{"index":"index","follow":"follow","max-snippet":"max-snippet:-1","max-image-preview":"max-image-preview:large","max-video-preview":"max-video-preview:-1"},"canonical":"https:\/\/www.repam.net\/es\/francisco-aprueba-canonicamente-a-la-ceama\/","og_locale":"es_ES","og_type":"article","og_title":"Francisco aprueba can\u00f3nicamente a la CEAMA - REPAM","og_description":"El anuncio fue comunicado este jueves 20 de octubre por la misma instituci\u00f3n. El Santo Padre ve este paso como \u201cuna gran alegr\u00eda para la Iglesia universal\u201d y, en especial, para el Pueblo de Dios que peregrina en la Amazon\u00eda. Sebasti\u00e1n Sans\u00f3n Ferrari \u2013 Vatican News La Conferencia Eclesial de la Amazon\u00eda (CEAMA) ha sido [&hellip;]","og_url":"https:\/\/www.repam.net\/es\/francisco-aprueba-canonicamente-a-la-ceama\/","og_site_name":"REPAM","article_published_time":"2022-10-21T13:41:09+00:00","article_modified_time":"2022-10-21T13:41:12+00:00","og_image":[{"width":1000,"height":563,"url":"https:\/\/www.repam.net\/es\/wp-content\/uploads\/2022\/10\/barreto-e-papa.jpeg","type":"image\/jpeg"}],"author":"repam@adm","twitter_card":"summary_large_image","twitter_misc":{"Escrito por":"repam@adm","Tiempo de lectura":"3 minutos"},"schema":{"@context":"https:\/\/schema.org","@graph":[{"@type":"Article","@id":"https:\/\/www.repam.net\/es\/francisco-aprueba-canonicamente-a-la-ceama\/#article","isPartOf":{"@id":"https:\/\/www.repam.net\/es\/francisco-aprueba-canonicamente-a-la-ceama\/"},"author":{"name":"repam@adm","@id":"https:\/\/www.repam.net\/es\/#\/schema\/person\/0c828bf04cf1abe6016cbe752c76a033"},"headline":"Francisco aprueba can\u00f3nicamente a la CEAMA","datePublished":"2022-10-21T13:41:09+00:00","dateModified":"2022-10-21T13:41:12+00:00","mainEntityOfPage":{"@id":"https:\/\/www.repam.net\/es\/francisco-aprueba-canonicamente-a-la-ceama\/"},"wordCount":524,"publisher":{"@id":"https:\/\/www.repam.net\/es\/#organization"},"image":{"@id":"https:\/\/www.repam.net\/es\/francisco-aprueba-canonicamente-a-la-ceama\/#primaryimage"},"thumbnailUrl":"https:\/\/www.repam.net\/es\/wp-content\/uploads\/2022\/10\/barreto-e-papa.jpeg","keywords":["Amazon\u00eda","CEAMA","Papa Francisco","pueblos ind\u00edgenas"],"articleSection":["CEAMA","Noticias"],"inLanguage":"es-CO"},{"@type":"WebPage","@id":"https:\/\/www.repam.net\/es\/francisco-aprueba-canonicamente-a-la-ceama\/","url":"https:\/\/www.repam.net\/es\/francisco-aprueba-canonicamente-a-la-ceama\/","name":"Francisco aprueba can\u00f3nicamente a la CEAMA - REPAM","isPartOf":{"@id":"https:\/\/www.repam.net\/es\/#website"},"primaryImageOfPage":{"@id":"https:\/\/www.repam.net\/es\/francisco-aprueba-canonicamente-a-la-ceama\/#primaryimage"},"image":{"@id":"https:\/\/www.repam.net\/es\/francisco-aprueba-canonicamente-a-la-ceama\/#primaryimage"},"thumbnailUrl":"https:\/\/www.repam.net\/es\/wp-content\/uploads\/2022\/10\/barreto-e-papa.jpeg","datePublished":"2022-10-21T13:41:09+00:00","dateModified":"2022-10-21T13:41:12+00:00","breadcrumb":{"@id":"https:\/\/www.repam.net\/es\/francisco-aprueba-canonicamente-a-la-ceama\/#breadcrumb"},"inLanguage":"es-CO","potentialAction":[{"@type":"ReadAction","target":["https:\/\/www.repam.net\/es\/francisco-aprueba-canonicamente-a-la-ceama\/"]}]},{"@type":"ImageObject","inLanguage":"es-CO","@id":"https:\/\/www.repam.net\/es\/francisco-aprueba-canonicamente-a-la-ceama\/#primaryimage","url":"https:\/\/www.repam.net\/es\/wp-content\/uploads\/2022\/10\/barreto-e-papa.jpeg","contentUrl":"https:\/\/www.repam.net\/es\/wp-content\/uploads\/2022\/10\/barreto-e-papa.jpeg","width":1000,"height":563},{"@type":"BreadcrumbList","@id":"https:\/\/www.repam.net\/es\/francisco-aprueba-canonicamente-a-la-ceama\/#breadcrumb","itemListElement":[{"@type":"ListItem","position":1,"name":"Inicio","item":"https:\/\/www.repam.net\/es\/"},{"@type":"ListItem","position":2,"name":"Francisco aprueba can\u00f3nicamente a la CEAMA"}]},{"@type":"WebSite","@id":"https:\/\/www.repam.net\/es\/#website","url":"https:\/\/www.repam.net\/es\/","name":"REPAM","description":"Red Eclesial Panamaz\u00f3nica","publisher":{"@id":"https:\/\/www.repam.net\/es\/#organization"},"potentialAction":[{"@type":"SearchAction","target":{"@type":"EntryPoint","urlTemplate":"https:\/\/www.repam.net\/es\/?s={search_term_string}"},"query-input":{"@type":"PropertyValueSpecification","valueRequired":true,"valueName":"search_term_string"}}],"inLanguage":"es-CO"},{"@type":"Organization","@id":"https:\/\/www.repam.net\/es\/#organization","name":"REPAM","url":"https:\/\/www.repam.net\/es\/","logo":{"@type":"ImageObject","inLanguage":"es-CO","@id":"https:\/\/www.repam.net\/es\/#\/schema\/logo\/image\/","url":"https:\/\/www.repam.net\/es\/wp-content\/uploads\/2021\/11\/cropped-favicon.png","contentUrl":"https:\/\/www.repam.net\/es\/wp-content\/uploads\/2021\/11\/cropped-favicon.png","width":512,"height":512,"caption":"REPAM"},"image":{"@id":"https:\/\/www.repam.net\/es\/#\/schema\/logo\/image\/"}},{"@type":"Person","@id":"https:\/\/www.repam.net\/es\/#\/schema\/person\/0c828bf04cf1abe6016cbe752c76a033","name":"repam@adm","image":{"@type":"ImageObject","inLanguage":"es-CO","@id":"https:\/\/secure.gravatar.com\/avatar\/b18234ea6de5d74563e52ca7bfdad9d2b029b514c935b38a2790717abf8f2e5f?s=96&d=mm&r=g","url":"https:\/\/secure.gravatar.com\/avatar\/b18234ea6de5d74563e52ca7bfdad9d2b029b514c935b38a2790717abf8f2e5f?s=96&d=mm&r=g","contentUrl":"https:\/\/secure.gravatar.com\/avatar\/b18234ea6de5d74563e52ca7bfdad9d2b029b514c935b38a2790717abf8f2e5f?s=96&d=mm&r=g","caption":"repam@adm"},"sameAs":["http:\/\/repam.net"],"url":"https:\/\/www.repam.net\/es\/author\/repamadm\/"}]}},"_links":{"self":[{"href":"https:\/\/www.repam.net\/es\/wp-json\/wp\/v2\/posts\/8795","targetHints":{"allow":["GET"]}}],"collection":[{"href":"https:\/\/www.repam.net\/es\/wp-json\/wp\/v2\/posts"}],"about":[{"href":"https:\/\/www.repam.net\/es\/wp-json\/wp\/v2\/types\/post"}],"author":[{"embeddable":true,"href":"https:\/\/www.repam.net\/es\/wp-json\/wp\/v2\/users\/1"}],"replies":[{"embeddable":true,"href":"https:\/\/www.repam.net\/es\/wp-json\/wp\/v2\/comments?post=8795"}],"version-history":[{"count":1,"href":"https:\/\/www.repam.net\/es\/wp-json\/wp\/v2\/posts\/8795\/revisions"}],"predecessor-version":[{"id":8799,"href":"https:\/\/www.repam.net\/es\/wp-json\/wp\/v2\/posts\/8795\/revisions\/8799"}],"wp:featuredmedia":[{"embeddable":true,"href":"https:\/\/www.repam.net\/es\/wp-json\/wp\/v2\/media\/8798"}],"wp:attachment":[{"href":"https:\/\/www.repam.net\/es\/wp-json\/wp\/v2\/media?parent=8795"}],"wp:term":[{"taxonomy":"category","embeddable":true,"href":"https:\/\/www.repam.net\/es\/wp-json\/wp\/v2\/categories?post=8795"},{"taxonomy":"post_tag","embeddable":true,"href":"https:\/\/www.repam.net\/es\/wp-json\/wp\/v2\/tags?post=8795"}],"curies":[{"name":"wp","href":"https:\/\/api.w.org\/{rel}","templated":true}]}}