{"id":8821,"date":"2022-10-27T08:51:51","date_gmt":"2022-10-27T13:51:51","guid":{"rendered":"https:\/\/www.repam.net\/es\/?p=8821"},"modified":"2022-10-27T08:51:52","modified_gmt":"2022-10-27T13:51:52","slug":"cardenal-barreto-la-ceama-es-un-paso-pequeno-pero-gigantesco-en-la-eclesiologia-del-vaticano-ii","status":"publish","type":"post","link":"https:\/\/www.repam.net\/es\/cardenal-barreto-la-ceama-es-un-paso-pequeno-pero-gigantesco-en-la-eclesiologia-del-vaticano-ii\/","title":{"rendered":"Cardenal Barreto: La CEAMA es \u201cun paso peque\u00f1o pero gigantesco en la eclesiolog\u00eda del Vaticano II\u201d"},"content":{"rendered":"<div class=\"wp-block-image\">\n<figure class=\"aligncenter size-full\"><img loading=\"lazy\" decoding=\"async\" width=\"958\" height=\"539\" src=\"https:\/\/www.repam.net\/es\/wp-content\/uploads\/2022\/10\/Cardenal-Pedro-Barreto-958x539-1.jpeg\" alt=\"\" class=\"wp-image-8822\" srcset=\"https:\/\/www.repam.net\/es\/wp-content\/uploads\/2022\/10\/Cardenal-Pedro-Barreto-958x539-1.jpeg 958w, https:\/\/www.repam.net\/es\/wp-content\/uploads\/2022\/10\/Cardenal-Pedro-Barreto-958x539-1-300x169.jpeg 300w, https:\/\/www.repam.net\/es\/wp-content\/uploads\/2022\/10\/Cardenal-Pedro-Barreto-958x539-1-768x432.jpeg 768w\" sizes=\"auto, (max-width: 958px) 100vw, 958px\" \/><\/figure>\n<\/div>\n\n\n<blockquote class=\"wp-block-quote is-layout-flow wp-block-quote-is-layout-flow\"><p><em>Este 27 de octubre se cumplen\u00a0<strong>tres a\u00f1os de la clausura del S\u00ednodo para la Amazon\u00eda<\/strong>, un momento que algunos consideran hist\u00f3rico y que ha ido haciendo realidad los nuevos caminos que el Papa Francisco pretend\u00eda descubrir cuando lo convoc\u00f3.<\/em><\/p><\/blockquote>\n\n\n\n<p><strong><em>Por luis Miguel Modino<\/em><\/strong><\/p>\n\n\n\n<p>Este 27 de octubre se cumplen\u00a0<strong>tres a\u00f1os de la clausura del S\u00ednodo para la Amazon\u00eda<\/strong>, un momento que algunos consideran hist\u00f3rico y que ha ido haciendo realidad los nuevos caminos que el Papa Francisco pretend\u00eda descubrir cuando lo convoc\u00f3.<\/p>\n\n\n\n<h5 class=\"wp-block-heading\">CEAMA puente entre dos s\u00ednodos<\/h5>\n\n\n\n<p><strong>Se cumplen tres a\u00f1os de la celebraci\u00f3n del S\u00ednodo para la Amazon\u00eda y podemos decir que ha llegado la confirmaci\u00f3n de uno de los grandes frutos con la aprobaci\u00f3n can\u00f3nica por el Papa Francisco de la Conferencia Eclesial de la Amazon\u00eda. \u00bfQu\u00e9 es lo que supone dentro del proceso sinodal?<\/strong><\/p>\n\n\n\n<p>En primer lugar, tenemos que reconocer que en peque\u00f1o hemos recorrido un proceso sinodal para llegar a este momento de gracia, de esperanza, de alegr\u00eda para la Iglesia en la Amazon\u00eda y para la Iglesia universal con el decreto de la Santa Sede que erige la Conferencia Eclesial de la Amazon\u00eda como un organismo de la Iglesia cat\u00f3lica con personer\u00eda jur\u00eddica, can\u00f3nica y p\u00fablica. Esto yo dir\u00eda que es un paso peque\u00f1o pero gigantesco en la eclesiolog\u00eda del Vaticano II.<\/p>\n\n\n\n<p>En segundo lugar, creo que es muy importante darnos cuenta de que estamos en proceso de preparaci\u00f3n para el S\u00ednodo de 2023 y 2024, tal como lo ha indicado el Papa Francisco, sobre el tema de la sinodalidad. Y en este sentido, nunca antes en la historia de la Iglesia ha habido una conferencia eclesial, esta es la primera conferencia eclesial. Una conferencia eclesial que es de un bioma, que comprende desde la unidad del ecosistema, nueve pa\u00edses.<\/p>\n\n\n\n<h5 class=\"wp-block-heading\">Complementariedad con la REPAM<\/h5>\n\n\n\n<p><strong>Una conferencia eclesial que est\u00e1 unida a un territorio, a unas culturas, a una problem\u00e1tica muy grave como es todo el aspecto de explotaci\u00f3n de la Amazon\u00eda en este momento, que causa tantos dolores y sufrimientos a los que viven ah\u00ed y de manera especial para los pueblos originarios. La Amazon\u00eda, la Iglesia en la Amazon\u00eda ya ofrece un hecho que marca un proceso de renovaci\u00f3n para toda la Iglesia. \u00bfCu\u00e1l es la fuerza moral, social, pol\u00edtica que la CEAMA puede tener en esa defensa de la Amazon\u00eda y de los pueblos que la habitan?<\/strong><\/p>\n\n\n\n<p>Aqu\u00ed debo reconocer que la CEAMA tiene una complementariedad con la Red Eclesial Panamaz\u00f3nica, que est\u00e1 en el territorio, es como que la Iglesia se incultura en toda la regi\u00f3n amaz\u00f3nica. Esto es muy importante se\u00f1alarlo porque no es la REPAM una instituci\u00f3n jur\u00eddica, pero s\u00ed tiene el valor muy grande de hacer llegar a la CEAMA toda la savia de los pueblos originarios y de los pueblos que viven en la Amazon\u00eda, y que sin duda alguna hacen llegar las alegr\u00edas, esperanzas, tambi\u00e9n las angustias y los problemas graves que est\u00e1n viviendo en estos momentos.<\/p>\n\n\n\n<p>La CEAMA con la REPAM tienen una complementaci\u00f3n que va a significar un aporte valios\u00edsimo para la evangelizaci\u00f3n en la regi\u00f3n amaz\u00f3nica. En este sentido tenemos que reconocer con mucha humildad que la Iglesia en la Amazon\u00eda quiere aportar a la Iglesia universal en este proceso sinodal que estamos viviendo.<\/p>\n\n\n\n<h5 class=\"wp-block-heading\">Aprender a dialogar, a discernir, a escucharnos mutuamente<\/h5>\n\n\n\n<p><strong>La Conferencia Eclesial de la Amazon\u00eda tiene como uno de los principales objetivos, o el principal objetivo en los pr\u00f3ximos tiempos la creaci\u00f3n de un plan pastoral para la Iglesia de la Amazon\u00eda. \u00bfLa Iglesia est\u00e1 preparada para un plan pastoral que supera fronteras, culturas y realidades sociales y eclesiales?<\/strong><\/p>\n\n\n\n<p>En este momento tenemos esta gracia de Dios que ya ha puesto en el coraz\u00f3n de la Iglesia esta Conferencia Eclesial de la Amazon\u00eda que fue aprobada por el Papa el 3 de octubre pasado mediante un decreto. En ese sentido estamos iniciando un proceso pedag\u00f3gico de vivir una experiencia eclesial. Somos el Pueblo de Dios que peregrina en la Amazon\u00eda, mirando a Cristo, el fundador de nuestra Iglesia, pero tambi\u00e9n mirando a la Iglesia con el Papa Francisco que va delante de nosotros se\u00f1alando el camino.<\/p>\n\n\n\n<p>Tenemos que aprender a dialogar, a discernir, a escucharnos mutuamente, porque sin duda alguna ya tenemos este inicio, muy peque\u00f1o, muy fr\u00e1gil todav\u00eda, que es esta Conferencia Eclesial de la Amazon\u00eda. No olvidemos que ya en la REPAM, la vicepresidenta, Yesica Patiachi, es de los pueblos originarios, de Puerto Maldonado, en la Amazon\u00eda peruana, y ella como vicepresidenta est\u00e1 poniendo esa cuota del rostro amaz\u00f3nico, no solamente natural, sino tambi\u00e9n de la cosmovisi\u00f3n, de los aportes, de la espiritualidad que viven los pueblos originarios.<\/p>\n\n\n\n<p>Igualmente, en la CEAMA tenemos ya una propuesta muy en firme, porque en los Estatutos recientemente aprobados, la presidencia est\u00e1 compuesta por un obispo, vicepresidentes un sacerdote, una religiosa, un laico o laica y un representante de los pueblos originarios. En los pueblos originarios est\u00e1 Patricia Gualinga de Ecuador, que al igual que Yesica Patiachi est\u00e1n participando activamente y es el inicio de una confirmaci\u00f3n de este sue\u00f1o eclesial que el Papa Francisco se\u00f1ala en Querida Amazon\u00eda de ser una Iglesia con rostro amaz\u00f3nico, con esp\u00edritu amaz\u00f3nico para poder proveer no solamente para los que viven en la Amazon\u00eda, sino como un aporte valioso para la Iglesia universal que quiere caminar juntos con todos los pueblos originarios y con toda la humanidad.<\/p>\n\n\n\n<h5 class=\"wp-block-heading\">Escucha con devoci\u00f3n a las mujeres<\/h5>\n\n\n\n<p><strong>Con la CEAMA se ha dado un paso importante en algo que se est\u00e1 reivindicando en la Iglesia, como es la presencia de mujeres en espacio de decisi\u00f3n, como muestra el hecho de que los Estatutos prev\u00e9n la presencia de mujeres en la Presidencia. \u00bfQu\u00e9 significa eso no solo para la CEAMA, sino para la Iglesia universal, ante esta petici\u00f3n m\u00e1s fuerte en relaci\u00f3n con esa presencia femenina en espacios de decisi\u00f3n?<\/strong><\/p>\n\n\n\n<p>Es una gracia muy especial que estamos viviendo desde esta experiencia de la sinodalidad, de escuchar al Pueblo de Dios, donde es muy significativa la presencia de las mujeres en las comunidades, tanto entre los pueblos originarios como en las diversas comunidades esparcidas por el mundo. En ese sentido, no es una reivindicaci\u00f3n, sino una visibilizaci\u00f3n de algo que es real, que es la presencia muy importante de la mujer en las familias, en la sociedad y de manera especial en nuestra Iglesia.<\/p>\n\n\n\n<p>Me alegra much\u00edsimo que podamos hablar de una manera muy fraternal y sobre todo escuchar, dir\u00eda que, con devoci\u00f3n, los aportes valios\u00edsimos que dan las representantes de los pueblos originarios y puedo dar fe de que en la presidencia de la REPAM y en la presidencia de la CEAMA estamos en este camino de articulaci\u00f3n y de privilegiar esta voz y este sentir de los pueblos originarios a trav\u00e9s de sus lideresas.<\/p>\n\n\n\n<h5 class=\"wp-block-heading\">Momento fuerte de sinodalidad<\/h5>\n\n\n\n<p><strong>\u00bfQu\u00e9 representa para usted personalmente esta aprobaci\u00f3n y todo el camino vivido en la CEAMA en los \u00faltimos tres a\u00f1os?<\/strong><\/p>\n\n\n\n<p>En primer lugar, se\u00f1alar el momento fuerte de sinodalidad que vivimos. Ante el S\u00ednodo Amaz\u00f3nico es precisamente el tema de la escucha de las poblaciones que viven en la Amazon\u00eda y especialmente a los pueblos originarios. Aqu\u00ed estamos abriendo un camino que so\u00f1\u00f3 Dios a trav\u00e9s de las inspiraciones del Esp\u00edritu Santo en los obispos del Concilio Vaticano II, en concreto con San Juan XXIII y tambi\u00e9n con San Pablo VI, que continu\u00f3 esta iniciativa del Esp\u00edritu de renovaci\u00f3n, de volver a las fuentes primigenias de la Iglesia.<\/p>\n\n\n\n<p>En este sentido est\u00e1 significando, por un lado, una fidelidad al Evangelio y a la Tradici\u00f3n de la Iglesia y una continuidad de esta experiencia de ser un Pueblo de Dios que se pone en movimiento, la Iglesia est\u00e1 en movimiento, como el R\u00edo Amazonas, que las aguas discurren hasta la desembocadura.<\/p>\n\n\n\n<p>Tenemos que ser muy conscientes de que al anunciar este kerigma de la Iglesia que es el anuncio de Jes\u00fas, siempre tenemos que escuchar y dialogar con las personas, con las realidades que nos toca vivir, con la historia de su territorio, y en este caso de la Amazon\u00eda. Es un hito en la historia de la Iglesia la constituci\u00f3n pontificia de la Conferencia Eclesial de la Amazon\u00eda, porque de alguna manera se inserta este proceso misionero en unas culturas de las que ciertamente tenemos mucho que aprender.<\/p>\n\n\n\n<p><strong><em>Fuente: ADN CELAM<\/em><\/strong><\/p>\n","protected":false},"excerpt":{"rendered":"<p>Este 27 de octubre se cumplen\u00a0tres a\u00f1os de la clausura del S\u00ednodo para la Amazon\u00eda, un momento que algunos consideran hist\u00f3rico y que ha ido haciendo realidad los nuevos caminos que el Papa Francisco pretend\u00eda descubrir cuando lo convoc\u00f3. Por luis Miguel Modino Este 27 de octubre se cumplen\u00a0tres a\u00f1os de la clausura del S\u00ednodo [&hellip;]<\/p>\n","protected":false},"author":1,"featured_media":8822,"comment_status":"closed","ping_status":"closed","sticky":false,"template":"","format":"standard","meta":{"_acf_changed":false,"_uf_show_specific_survey":0,"_uf_disable_surveys":false,"footnotes":""},"categories":[92,4],"tags":[33,93,16,8,9,28],"class_list":["post-8821","post","type-post","status-publish","format-standard","has-post-thumbnail","hentry","category-ceama","category-noticias","tag-amazonia","tag-ceama","tag-pueblos-indigenas","tag-querida-amazonia","tag-repam","tag-sinodo-amazonico"],"acf":[],"aioseo_notices":[],"yoast_head":"<!-- This site is optimized with the Yoast SEO plugin v27.4 - https:\/\/yoast.com\/product\/yoast-seo-wordpress\/ -->\n<title>Cardenal Barreto: La CEAMA es \u201cun paso peque\u00f1o pero gigantesco en la eclesiolog\u00eda del Vaticano II\u201d - REPAM<\/title>\n<meta name=\"robots\" content=\"index, follow, max-snippet:-1, max-image-preview:large, max-video-preview:-1\" \/>\n<link rel=\"canonical\" href=\"https:\/\/www.repam.net\/es\/cardenal-barreto-la-ceama-es-un-paso-pequeno-pero-gigantesco-en-la-eclesiologia-del-vaticano-ii\/\" \/>\n<meta property=\"og:locale\" content=\"es_ES\" \/>\n<meta property=\"og:type\" content=\"article\" \/>\n<meta property=\"og:title\" content=\"Cardenal Barreto: La CEAMA es \u201cun paso peque\u00f1o pero gigantesco en la eclesiolog\u00eda del Vaticano II\u201d - REPAM\" \/>\n<meta property=\"og:description\" content=\"Este 27 de octubre se cumplen\u00a0tres a\u00f1os de la clausura del S\u00ednodo para la Amazon\u00eda, un momento que algunos consideran hist\u00f3rico y que ha ido haciendo realidad los nuevos caminos que el Papa Francisco pretend\u00eda descubrir cuando lo convoc\u00f3. Por luis Miguel Modino Este 27 de octubre se cumplen\u00a0tres a\u00f1os de la clausura del S\u00ednodo [&hellip;]\" \/>\n<meta property=\"og:url\" content=\"https:\/\/www.repam.net\/es\/cardenal-barreto-la-ceama-es-un-paso-pequeno-pero-gigantesco-en-la-eclesiologia-del-vaticano-ii\/\" \/>\n<meta property=\"og:site_name\" content=\"REPAM\" \/>\n<meta property=\"article:published_time\" content=\"2022-10-27T13:51:51+00:00\" \/>\n<meta property=\"article:modified_time\" content=\"2022-10-27T13:51:52+00:00\" \/>\n<meta property=\"og:image\" content=\"https:\/\/www.repam.net\/es\/wp-content\/uploads\/2022\/10\/Cardenal-Pedro-Barreto-958x539-1.jpeg\" \/>\n\t<meta property=\"og:image:width\" content=\"958\" \/>\n\t<meta property=\"og:image:height\" content=\"539\" \/>\n\t<meta property=\"og:image:type\" content=\"image\/jpeg\" \/>\n<meta name=\"author\" content=\"repam@adm\" \/>\n<meta name=\"twitter:card\" content=\"summary_large_image\" \/>\n<meta name=\"twitter:label1\" content=\"Escrito por\" \/>\n\t<meta name=\"twitter:data1\" content=\"repam@adm\" \/>\n\t<meta name=\"twitter:label2\" content=\"Tiempo de lectura\" \/>\n\t<meta name=\"twitter:data2\" content=\"7 minutos\" \/>\n<script type=\"application\/ld+json\" class=\"yoast-schema-graph\">{\"@context\":\"https:\\\/\\\/schema.org\",\"@graph\":[{\"@type\":\"Article\",\"@id\":\"https:\\\/\\\/www.repam.net\\\/es\\\/cardenal-barreto-la-ceama-es-un-paso-pequeno-pero-gigantesco-en-la-eclesiologia-del-vaticano-ii\\\/#article\",\"isPartOf\":{\"@id\":\"https:\\\/\\\/www.repam.net\\\/es\\\/cardenal-barreto-la-ceama-es-un-paso-pequeno-pero-gigantesco-en-la-eclesiologia-del-vaticano-ii\\\/\"},\"author\":{\"name\":\"repam@adm\",\"@id\":\"https:\\\/\\\/www.repam.net\\\/es\\\/#\\\/schema\\\/person\\\/0c828bf04cf1abe6016cbe752c76a033\"},\"headline\":\"Cardenal Barreto: La CEAMA es \u201cun paso peque\u00f1o pero gigantesco en la eclesiolog\u00eda del Vaticano II\u201d\",\"datePublished\":\"2022-10-27T13:51:51+00:00\",\"dateModified\":\"2022-10-27T13:51:52+00:00\",\"mainEntityOfPage\":{\"@id\":\"https:\\\/\\\/www.repam.net\\\/es\\\/cardenal-barreto-la-ceama-es-un-paso-pequeno-pero-gigantesco-en-la-eclesiologia-del-vaticano-ii\\\/\"},\"wordCount\":1512,\"publisher\":{\"@id\":\"https:\\\/\\\/www.repam.net\\\/es\\\/#organization\"},\"image\":{\"@id\":\"https:\\\/\\\/www.repam.net\\\/es\\\/cardenal-barreto-la-ceama-es-un-paso-pequeno-pero-gigantesco-en-la-eclesiologia-del-vaticano-ii\\\/#primaryimage\"},\"thumbnailUrl\":\"https:\\\/\\\/www.repam.net\\\/es\\\/wp-content\\\/uploads\\\/2022\\\/10\\\/Cardenal-Pedro-Barreto-958x539-1.jpeg\",\"keywords\":[\"Amazon\u00eda\",\"CEAMA\",\"pueblos ind\u00edgenas\",\"Querida Amazon\u00eda\",\"REPAM\",\"S\u00ednodo Amaz\u00f3nico\"],\"articleSection\":[\"CEAMA\",\"Noticias\"],\"inLanguage\":\"es-CO\"},{\"@type\":\"WebPage\",\"@id\":\"https:\\\/\\\/www.repam.net\\\/es\\\/cardenal-barreto-la-ceama-es-un-paso-pequeno-pero-gigantesco-en-la-eclesiologia-del-vaticano-ii\\\/\",\"url\":\"https:\\\/\\\/www.repam.net\\\/es\\\/cardenal-barreto-la-ceama-es-un-paso-pequeno-pero-gigantesco-en-la-eclesiologia-del-vaticano-ii\\\/\",\"name\":\"Cardenal Barreto: La CEAMA es \u201cun paso peque\u00f1o pero gigantesco en la eclesiolog\u00eda del Vaticano II\u201d - REPAM\",\"isPartOf\":{\"@id\":\"https:\\\/\\\/www.repam.net\\\/es\\\/#website\"},\"primaryImageOfPage\":{\"@id\":\"https:\\\/\\\/www.repam.net\\\/es\\\/cardenal-barreto-la-ceama-es-un-paso-pequeno-pero-gigantesco-en-la-eclesiologia-del-vaticano-ii\\\/#primaryimage\"},\"image\":{\"@id\":\"https:\\\/\\\/www.repam.net\\\/es\\\/cardenal-barreto-la-ceama-es-un-paso-pequeno-pero-gigantesco-en-la-eclesiologia-del-vaticano-ii\\\/#primaryimage\"},\"thumbnailUrl\":\"https:\\\/\\\/www.repam.net\\\/es\\\/wp-content\\\/uploads\\\/2022\\\/10\\\/Cardenal-Pedro-Barreto-958x539-1.jpeg\",\"datePublished\":\"2022-10-27T13:51:51+00:00\",\"dateModified\":\"2022-10-27T13:51:52+00:00\",\"breadcrumb\":{\"@id\":\"https:\\\/\\\/www.repam.net\\\/es\\\/cardenal-barreto-la-ceama-es-un-paso-pequeno-pero-gigantesco-en-la-eclesiologia-del-vaticano-ii\\\/#breadcrumb\"},\"inLanguage\":\"es-CO\",\"potentialAction\":[{\"@type\":\"ReadAction\",\"target\":[\"https:\\\/\\\/www.repam.net\\\/es\\\/cardenal-barreto-la-ceama-es-un-paso-pequeno-pero-gigantesco-en-la-eclesiologia-del-vaticano-ii\\\/\"]}]},{\"@type\":\"ImageObject\",\"inLanguage\":\"es-CO\",\"@id\":\"https:\\\/\\\/www.repam.net\\\/es\\\/cardenal-barreto-la-ceama-es-un-paso-pequeno-pero-gigantesco-en-la-eclesiologia-del-vaticano-ii\\\/#primaryimage\",\"url\":\"https:\\\/\\\/www.repam.net\\\/es\\\/wp-content\\\/uploads\\\/2022\\\/10\\\/Cardenal-Pedro-Barreto-958x539-1.jpeg\",\"contentUrl\":\"https:\\\/\\\/www.repam.net\\\/es\\\/wp-content\\\/uploads\\\/2022\\\/10\\\/Cardenal-Pedro-Barreto-958x539-1.jpeg\",\"width\":958,\"height\":539},{\"@type\":\"BreadcrumbList\",\"@id\":\"https:\\\/\\\/www.repam.net\\\/es\\\/cardenal-barreto-la-ceama-es-un-paso-pequeno-pero-gigantesco-en-la-eclesiologia-del-vaticano-ii\\\/#breadcrumb\",\"itemListElement\":[{\"@type\":\"ListItem\",\"position\":1,\"name\":\"Inicio\",\"item\":\"https:\\\/\\\/www.repam.net\\\/es\\\/\"},{\"@type\":\"ListItem\",\"position\":2,\"name\":\"Cardenal Barreto: La CEAMA es \u201cun paso peque\u00f1o pero gigantesco en la eclesiolog\u00eda del Vaticano II\u201d\"}]},{\"@type\":\"WebSite\",\"@id\":\"https:\\\/\\\/www.repam.net\\\/es\\\/#website\",\"url\":\"https:\\\/\\\/www.repam.net\\\/es\\\/\",\"name\":\"REPAM\",\"description\":\"Red Eclesial Panamaz\u00f3nica\",\"publisher\":{\"@id\":\"https:\\\/\\\/www.repam.net\\\/es\\\/#organization\"},\"potentialAction\":[{\"@type\":\"SearchAction\",\"target\":{\"@type\":\"EntryPoint\",\"urlTemplate\":\"https:\\\/\\\/www.repam.net\\\/es\\\/?s={search_term_string}\"},\"query-input\":{\"@type\":\"PropertyValueSpecification\",\"valueRequired\":true,\"valueName\":\"search_term_string\"}}],\"inLanguage\":\"es-CO\"},{\"@type\":\"Organization\",\"@id\":\"https:\\\/\\\/www.repam.net\\\/es\\\/#organization\",\"name\":\"REPAM\",\"url\":\"https:\\\/\\\/www.repam.net\\\/es\\\/\",\"logo\":{\"@type\":\"ImageObject\",\"inLanguage\":\"es-CO\",\"@id\":\"https:\\\/\\\/www.repam.net\\\/es\\\/#\\\/schema\\\/logo\\\/image\\\/\",\"url\":\"https:\\\/\\\/www.repam.net\\\/es\\\/wp-content\\\/uploads\\\/2021\\\/11\\\/cropped-favicon.png\",\"contentUrl\":\"https:\\\/\\\/www.repam.net\\\/es\\\/wp-content\\\/uploads\\\/2021\\\/11\\\/cropped-favicon.png\",\"width\":512,\"height\":512,\"caption\":\"REPAM\"},\"image\":{\"@id\":\"https:\\\/\\\/www.repam.net\\\/es\\\/#\\\/schema\\\/logo\\\/image\\\/\"}},{\"@type\":\"Person\",\"@id\":\"https:\\\/\\\/www.repam.net\\\/es\\\/#\\\/schema\\\/person\\\/0c828bf04cf1abe6016cbe752c76a033\",\"name\":\"repam@adm\",\"image\":{\"@type\":\"ImageObject\",\"inLanguage\":\"es-CO\",\"@id\":\"https:\\\/\\\/secure.gravatar.com\\\/avatar\\\/b18234ea6de5d74563e52ca7bfdad9d2b029b514c935b38a2790717abf8f2e5f?s=96&d=mm&r=g\",\"url\":\"https:\\\/\\\/secure.gravatar.com\\\/avatar\\\/b18234ea6de5d74563e52ca7bfdad9d2b029b514c935b38a2790717abf8f2e5f?s=96&d=mm&r=g\",\"contentUrl\":\"https:\\\/\\\/secure.gravatar.com\\\/avatar\\\/b18234ea6de5d74563e52ca7bfdad9d2b029b514c935b38a2790717abf8f2e5f?s=96&d=mm&r=g\",\"caption\":\"repam@adm\"},\"sameAs\":[\"http:\\\/\\\/repam.net\"],\"url\":\"https:\\\/\\\/www.repam.net\\\/es\\\/author\\\/repamadm\\\/\"}]}<\/script>\n<!-- \/ Yoast SEO plugin. -->","yoast_head_json":{"title":"Cardenal Barreto: La CEAMA es \u201cun paso peque\u00f1o pero gigantesco en la eclesiolog\u00eda del Vaticano II\u201d - REPAM","robots":{"index":"index","follow":"follow","max-snippet":"max-snippet:-1","max-image-preview":"max-image-preview:large","max-video-preview":"max-video-preview:-1"},"canonical":"https:\/\/www.repam.net\/es\/cardenal-barreto-la-ceama-es-un-paso-pequeno-pero-gigantesco-en-la-eclesiologia-del-vaticano-ii\/","og_locale":"es_ES","og_type":"article","og_title":"Cardenal Barreto: La CEAMA es \u201cun paso peque\u00f1o pero gigantesco en la eclesiolog\u00eda del Vaticano II\u201d - REPAM","og_description":"Este 27 de octubre se cumplen\u00a0tres a\u00f1os de la clausura del S\u00ednodo para la Amazon\u00eda, un momento que algunos consideran hist\u00f3rico y que ha ido haciendo realidad los nuevos caminos que el Papa Francisco pretend\u00eda descubrir cuando lo convoc\u00f3. Por luis Miguel Modino Este 27 de octubre se cumplen\u00a0tres a\u00f1os de la clausura del S\u00ednodo [&hellip;]","og_url":"https:\/\/www.repam.net\/es\/cardenal-barreto-la-ceama-es-un-paso-pequeno-pero-gigantesco-en-la-eclesiologia-del-vaticano-ii\/","og_site_name":"REPAM","article_published_time":"2022-10-27T13:51:51+00:00","article_modified_time":"2022-10-27T13:51:52+00:00","og_image":[{"width":958,"height":539,"url":"https:\/\/www.repam.net\/es\/wp-content\/uploads\/2022\/10\/Cardenal-Pedro-Barreto-958x539-1.jpeg","type":"image\/jpeg"}],"author":"repam@adm","twitter_card":"summary_large_image","twitter_misc":{"Escrito por":"repam@adm","Tiempo de lectura":"7 minutos"},"schema":{"@context":"https:\/\/schema.org","@graph":[{"@type":"Article","@id":"https:\/\/www.repam.net\/es\/cardenal-barreto-la-ceama-es-un-paso-pequeno-pero-gigantesco-en-la-eclesiologia-del-vaticano-ii\/#article","isPartOf":{"@id":"https:\/\/www.repam.net\/es\/cardenal-barreto-la-ceama-es-un-paso-pequeno-pero-gigantesco-en-la-eclesiologia-del-vaticano-ii\/"},"author":{"name":"repam@adm","@id":"https:\/\/www.repam.net\/es\/#\/schema\/person\/0c828bf04cf1abe6016cbe752c76a033"},"headline":"Cardenal Barreto: La CEAMA es \u201cun paso peque\u00f1o pero gigantesco en la eclesiolog\u00eda del Vaticano II\u201d","datePublished":"2022-10-27T13:51:51+00:00","dateModified":"2022-10-27T13:51:52+00:00","mainEntityOfPage":{"@id":"https:\/\/www.repam.net\/es\/cardenal-barreto-la-ceama-es-un-paso-pequeno-pero-gigantesco-en-la-eclesiologia-del-vaticano-ii\/"},"wordCount":1512,"publisher":{"@id":"https:\/\/www.repam.net\/es\/#organization"},"image":{"@id":"https:\/\/www.repam.net\/es\/cardenal-barreto-la-ceama-es-un-paso-pequeno-pero-gigantesco-en-la-eclesiologia-del-vaticano-ii\/#primaryimage"},"thumbnailUrl":"https:\/\/www.repam.net\/es\/wp-content\/uploads\/2022\/10\/Cardenal-Pedro-Barreto-958x539-1.jpeg","keywords":["Amazon\u00eda","CEAMA","pueblos ind\u00edgenas","Querida Amazon\u00eda","REPAM","S\u00ednodo Amaz\u00f3nico"],"articleSection":["CEAMA","Noticias"],"inLanguage":"es-CO"},{"@type":"WebPage","@id":"https:\/\/www.repam.net\/es\/cardenal-barreto-la-ceama-es-un-paso-pequeno-pero-gigantesco-en-la-eclesiologia-del-vaticano-ii\/","url":"https:\/\/www.repam.net\/es\/cardenal-barreto-la-ceama-es-un-paso-pequeno-pero-gigantesco-en-la-eclesiologia-del-vaticano-ii\/","name":"Cardenal Barreto: La CEAMA es \u201cun paso peque\u00f1o pero gigantesco en la eclesiolog\u00eda del Vaticano II\u201d - REPAM","isPartOf":{"@id":"https:\/\/www.repam.net\/es\/#website"},"primaryImageOfPage":{"@id":"https:\/\/www.repam.net\/es\/cardenal-barreto-la-ceama-es-un-paso-pequeno-pero-gigantesco-en-la-eclesiologia-del-vaticano-ii\/#primaryimage"},"image":{"@id":"https:\/\/www.repam.net\/es\/cardenal-barreto-la-ceama-es-un-paso-pequeno-pero-gigantesco-en-la-eclesiologia-del-vaticano-ii\/#primaryimage"},"thumbnailUrl":"https:\/\/www.repam.net\/es\/wp-content\/uploads\/2022\/10\/Cardenal-Pedro-Barreto-958x539-1.jpeg","datePublished":"2022-10-27T13:51:51+00:00","dateModified":"2022-10-27T13:51:52+00:00","breadcrumb":{"@id":"https:\/\/www.repam.net\/es\/cardenal-barreto-la-ceama-es-un-paso-pequeno-pero-gigantesco-en-la-eclesiologia-del-vaticano-ii\/#breadcrumb"},"inLanguage":"es-CO","potentialAction":[{"@type":"ReadAction","target":["https:\/\/www.repam.net\/es\/cardenal-barreto-la-ceama-es-un-paso-pequeno-pero-gigantesco-en-la-eclesiologia-del-vaticano-ii\/"]}]},{"@type":"ImageObject","inLanguage":"es-CO","@id":"https:\/\/www.repam.net\/es\/cardenal-barreto-la-ceama-es-un-paso-pequeno-pero-gigantesco-en-la-eclesiologia-del-vaticano-ii\/#primaryimage","url":"https:\/\/www.repam.net\/es\/wp-content\/uploads\/2022\/10\/Cardenal-Pedro-Barreto-958x539-1.jpeg","contentUrl":"https:\/\/www.repam.net\/es\/wp-content\/uploads\/2022\/10\/Cardenal-Pedro-Barreto-958x539-1.jpeg","width":958,"height":539},{"@type":"BreadcrumbList","@id":"https:\/\/www.repam.net\/es\/cardenal-barreto-la-ceama-es-un-paso-pequeno-pero-gigantesco-en-la-eclesiologia-del-vaticano-ii\/#breadcrumb","itemListElement":[{"@type":"ListItem","position":1,"name":"Inicio","item":"https:\/\/www.repam.net\/es\/"},{"@type":"ListItem","position":2,"name":"Cardenal Barreto: La CEAMA es \u201cun paso peque\u00f1o pero gigantesco en la eclesiolog\u00eda del Vaticano II\u201d"}]},{"@type":"WebSite","@id":"https:\/\/www.repam.net\/es\/#website","url":"https:\/\/www.repam.net\/es\/","name":"REPAM","description":"Red Eclesial Panamaz\u00f3nica","publisher":{"@id":"https:\/\/www.repam.net\/es\/#organization"},"potentialAction":[{"@type":"SearchAction","target":{"@type":"EntryPoint","urlTemplate":"https:\/\/www.repam.net\/es\/?s={search_term_string}"},"query-input":{"@type":"PropertyValueSpecification","valueRequired":true,"valueName":"search_term_string"}}],"inLanguage":"es-CO"},{"@type":"Organization","@id":"https:\/\/www.repam.net\/es\/#organization","name":"REPAM","url":"https:\/\/www.repam.net\/es\/","logo":{"@type":"ImageObject","inLanguage":"es-CO","@id":"https:\/\/www.repam.net\/es\/#\/schema\/logo\/image\/","url":"https:\/\/www.repam.net\/es\/wp-content\/uploads\/2021\/11\/cropped-favicon.png","contentUrl":"https:\/\/www.repam.net\/es\/wp-content\/uploads\/2021\/11\/cropped-favicon.png","width":512,"height":512,"caption":"REPAM"},"image":{"@id":"https:\/\/www.repam.net\/es\/#\/schema\/logo\/image\/"}},{"@type":"Person","@id":"https:\/\/www.repam.net\/es\/#\/schema\/person\/0c828bf04cf1abe6016cbe752c76a033","name":"repam@adm","image":{"@type":"ImageObject","inLanguage":"es-CO","@id":"https:\/\/secure.gravatar.com\/avatar\/b18234ea6de5d74563e52ca7bfdad9d2b029b514c935b38a2790717abf8f2e5f?s=96&d=mm&r=g","url":"https:\/\/secure.gravatar.com\/avatar\/b18234ea6de5d74563e52ca7bfdad9d2b029b514c935b38a2790717abf8f2e5f?s=96&d=mm&r=g","contentUrl":"https:\/\/secure.gravatar.com\/avatar\/b18234ea6de5d74563e52ca7bfdad9d2b029b514c935b38a2790717abf8f2e5f?s=96&d=mm&r=g","caption":"repam@adm"},"sameAs":["http:\/\/repam.net"],"url":"https:\/\/www.repam.net\/es\/author\/repamadm\/"}]}},"_links":{"self":[{"href":"https:\/\/www.repam.net\/es\/wp-json\/wp\/v2\/posts\/8821","targetHints":{"allow":["GET"]}}],"collection":[{"href":"https:\/\/www.repam.net\/es\/wp-json\/wp\/v2\/posts"}],"about":[{"href":"https:\/\/www.repam.net\/es\/wp-json\/wp\/v2\/types\/post"}],"author":[{"embeddable":true,"href":"https:\/\/www.repam.net\/es\/wp-json\/wp\/v2\/users\/1"}],"replies":[{"embeddable":true,"href":"https:\/\/www.repam.net\/es\/wp-json\/wp\/v2\/comments?post=8821"}],"version-history":[{"count":1,"href":"https:\/\/www.repam.net\/es\/wp-json\/wp\/v2\/posts\/8821\/revisions"}],"predecessor-version":[{"id":8823,"href":"https:\/\/www.repam.net\/es\/wp-json\/wp\/v2\/posts\/8821\/revisions\/8823"}],"wp:featuredmedia":[{"embeddable":true,"href":"https:\/\/www.repam.net\/es\/wp-json\/wp\/v2\/media\/8822"}],"wp:attachment":[{"href":"https:\/\/www.repam.net\/es\/wp-json\/wp\/v2\/media?parent=8821"}],"wp:term":[{"taxonomy":"category","embeddable":true,"href":"https:\/\/www.repam.net\/es\/wp-json\/wp\/v2\/categories?post=8821"},{"taxonomy":"post_tag","embeddable":true,"href":"https:\/\/www.repam.net\/es\/wp-json\/wp\/v2\/tags?post=8821"}],"curies":[{"name":"wp","href":"https:\/\/api.w.org\/{rel}","templated":true}]}}