{"id":9032,"date":"2022-12-07T19:43:00","date_gmt":"2022-12-08T00:43:00","guid":{"rendered":"https:\/\/www.repam.net\/es\/?p=9032"},"modified":"2022-12-08T07:57:22","modified_gmt":"2022-12-08T12:57:22","slug":"vida-y-esperanza-fallecimiento-carlos-ajon","status":"publish","type":"post","link":"https:\/\/www.repam.net\/es\/vida-y-esperanza-fallecimiento-carlos-ajon\/","title":{"rendered":"Nota de Vida y Esperanza ante el fallecimiento de Carlos Aj\u00f3n"},"content":{"rendered":"<div class=\"wp-block-image\">\n<figure class=\"aligncenter size-large\"><img loading=\"lazy\" decoding=\"async\" width=\"1024\" height=\"1024\" src=\"https:\/\/www.repam.net\/es\/wp-content\/uploads\/2022\/12\/esp-1024x1024.png\" alt=\"\" class=\"wp-image-9035\" srcset=\"https:\/\/www.repam.net\/es\/wp-content\/uploads\/2022\/12\/esp-1024x1024.png 1024w, https:\/\/www.repam.net\/es\/wp-content\/uploads\/2022\/12\/esp-300x300.png 300w, https:\/\/www.repam.net\/es\/wp-content\/uploads\/2022\/12\/esp-150x150.png 150w, https:\/\/www.repam.net\/es\/wp-content\/uploads\/2022\/12\/esp-768x768.png 768w, https:\/\/www.repam.net\/es\/wp-content\/uploads\/2022\/12\/esp.png 1080w\" sizes=\"auto, (max-width: 1024px) 100vw, 1024px\" \/><\/figure>\n<\/div>\n\n\n<blockquote class=\"wp-block-quote is-layout-flow wp-block-quote-is-layout-flow\">\n<p>En la ma\u00f1ana de este d\u00eda 7 de diciembre, falleci\u00f3 de manera repentina durante un viaje de incidencia internacional por Europa, nuestro amigo, compa\u00f1ero ind\u00edgena y defensor de los derechos humanos, <strong>Carlos David Aj\u00f3n Noteno<\/strong>.<\/p>\n<\/blockquote>\n\n\n\n<p>Durante el mes de julio ha participado de manera activa de la III Escuela de Derechos Humanos de la REPAM, em Manaus \u2013 Brasil, presentando la dram\u00e1tica situaci\u00f3n enfrentada pelas comunidades ind\u00edgenas del Ecuador ante la contaminaci\u00f3n por derrames petroleros en la zona. Estaba en gira por Europa llevando la voz de los pueblos ind\u00edgenas de la Amazon\u00eda ecuatoriana, especialmente al Foro de Empresas y Derechos Humanos organizado por la ONU en Ginebra y por distintas ciudades de Espa\u00f1a. Estaba en compa\u00f1\u00eda de Mons. Adalberto Jim\u00e9nez, presidente de la REPAM-Ecuador y obispo del Vicariato de Aguarico, al cual pertenec\u00eda nuestro hermano ind\u00edgena kichwa.<\/p>\n\n\n\n<p>Hacemos nuestras las palabras de Mons. Adalberto:<\/p>\n\n\n\n<p><em>\u201cEn medio del dolor que llena mi coraz\u00f3n me envuelve de una manera misteriosa, pero muy presente la esperanza de que Carlos Aj\u00f3n ya est\u00e1 y Vive Resucitado con Cristo, el Se\u00f1or, a donde un d\u00eda nos reuniremos todos con \u00c9l. Es m\u00e1s, me queda el recuerdo de c\u00f3mo disfrut\u00f3 de este viaje llevando la voz de los pueblos ind\u00edgenas en el foro de Ginebra y en las distintas ciudades de Espa\u00f1a, donde Carlos present\u00f3 la realidad dolorosa y desafiante de la contaminaci\u00f3n petrolera y minera al suelo y al pueblo amaz\u00f3nico. Carlos era un gran l\u00edder empoderado en su papel de defensor de la Amazonia. Nos deja ese recuerdo de su paso de anuncio y denuncia por Espa\u00f1a y Ginebra y el compromiso de seguir luchando como \u00e9l lo hizo como l\u00edder de las Nacionalidades Ind\u00edgenas y defensor de la Amazonia en Ecuador\u201d.<\/em><\/p>\n\n\n\n<p>En este momento, los miembros de la Red Eclesial Panamaz\u00f3nica \u2013 REPAM, oramos y acompa\u00f1amos la familia de Carlos Aj\u00f3n, a su esposa y a sus tres hijos, a sus padres, a sus hermanas y hermanos, a sus familiares y amigos de su comunidad kichwa, al Vicariato de Aguarico y toda la Iglesia y pueblos del Ecuador.<\/p>\n\n\n\n<p><em>\u201cLa REPAM est\u00e1 de luto por este hermano defensor de los derechos de nuestra Amazonia igualmente a su Obispo Mons. Adalberto y a la Iglesia de Aguarico, elevamos nuestra oraci\u00f3n por su eterno descanso y que desde el cielo nos siga apoyando en esa tarea que el realiz\u00f3, no olvidaremos su generosidad en dar a conocer nuestra Amazonia y la defensa de sus pueblos\u201d <\/em>(Mons. Rafael Cob, presidente de la REPAM).<\/p>\n\n\n\n<p>Que el ejemplo de Carlos Aj\u00f3n siga inspirando nuestro camino en defensa de los derechos de la Amazon\u00eda y sus pueblos. Que el Dios de la Vida nos siga inspirando en este prop\u00f3sito.<\/p>\n\n\n\n<p class=\"has-text-align-right\"><em>Manaus, 07 de diciembre de 2022<\/em><\/p>\n\n\n\n<p class=\"has-text-align-center\"><strong><em>Red Eclesial Panamaz\u00f3nica REPAM<\/em><\/strong><\/p>\n\n\n\n<hr class=\"wp-block-separator has-alpha-channel-opacity\"\/>\n\n\n\n<div data-wp-interactive=\"core\/file\" class=\"wp-block-file\"><object data-wp-bind--hidden=\"!state.hasPdfPreview\" hidden class=\"wp-block-file__embed\" data=\"https:\/\/www.repam.net\/es\/wp-content\/uploads\/2022\/12\/2022.12.07-ES-NOTA-DE-VIDA-Y-ESPERANZA_CarlosAjon.pdf\" type=\"application\/pdf\" style=\"width:100%;height:600px\" aria-label=\"Incrustado de 2022.12.07-ES-NOTA-DE-VIDA-Y-ESPERANZA_CarlosAjon.\"><\/object><a id=\"wp-block-file--media-8b873709-3447-40c8-8637-cfeafc39a9a0\" href=\"https:\/\/www.repam.net\/es\/wp-content\/uploads\/2022\/12\/2022.12.07-ES-NOTA-DE-VIDA-Y-ESPERANZA_CarlosAjon.pdf\">2022.12.07-ES-NOTA-DE-VIDA-Y-ESPERANZA_CarlosAjon<\/a><a href=\"https:\/\/www.repam.net\/es\/wp-content\/uploads\/2022\/12\/2022.12.07-ES-NOTA-DE-VIDA-Y-ESPERANZA_CarlosAjon.pdf\" class=\"wp-block-file__button wp-element-button\" download aria-describedby=\"wp-block-file--media-8b873709-3447-40c8-8637-cfeafc39a9a0\">Descargar<\/a><\/div>\n","protected":false},"excerpt":{"rendered":"<p>En la ma\u00f1ana de este d\u00eda 7 de diciembre, falleci\u00f3 de manera repentina durante un viaje de incidencia internacional por Europa, nuestro amigo, compa\u00f1ero ind\u00edgena y defensor de los derechos humanos, Carlos David Aj\u00f3n Noteno. Durante el mes de julio ha participado de manera activa de la III Escuela de Derechos Humanos de la REPAM, [&hellip;]<\/p>\n","protected":false},"author":1,"featured_media":9034,"comment_status":"closed","ping_status":"closed","sticky":false,"template":"","format":"standard","meta":{"_acf_changed":false,"_uf_show_specific_survey":0,"_uf_disable_surveys":false,"footnotes":""},"categories":[450,4],"tags":[52,173,361,16,9,363],"class_list":["post-9032","post","type-post","status-publish","format-standard","has-post-thumbnail","hentry","category-nota-de-la-repam","category-noticias","tag-derechos-humanos","tag-ecuador","tag-nota-de-fallecimiento","tag-pueblos-indigenas","tag-repam","tag-vicariato-de-aguarico"],"acf":[],"aioseo_notices":[],"yoast_head":"<!-- This site is optimized with the Yoast SEO plugin v27.4 - https:\/\/yoast.com\/product\/yoast-seo-wordpress\/ -->\n<title>Nota de Vida y Esperanza ante el fallecimiento de Carlos Aj\u00f3n - REPAM<\/title>\n<meta name=\"robots\" content=\"index, follow, max-snippet:-1, max-image-preview:large, max-video-preview:-1\" \/>\n<link rel=\"canonical\" href=\"https:\/\/www.repam.net\/es\/vida-y-esperanza-fallecimiento-carlos-ajon\/\" \/>\n<meta property=\"og:locale\" content=\"es_ES\" \/>\n<meta property=\"og:type\" content=\"article\" \/>\n<meta property=\"og:title\" content=\"Nota de Vida y Esperanza ante el fallecimiento de Carlos Aj\u00f3n - REPAM\" \/>\n<meta property=\"og:description\" content=\"En la ma\u00f1ana de este d\u00eda 7 de diciembre, falleci\u00f3 de manera repentina durante un viaje de incidencia internacional por Europa, nuestro amigo, compa\u00f1ero ind\u00edgena y defensor de los derechos humanos, Carlos David Aj\u00f3n Noteno. Durante el mes de julio ha participado de manera activa de la III Escuela de Derechos Humanos de la REPAM, [&hellip;]\" \/>\n<meta property=\"og:url\" content=\"https:\/\/www.repam.net\/es\/vida-y-esperanza-fallecimiento-carlos-ajon\/\" \/>\n<meta property=\"og:site_name\" content=\"REPAM\" \/>\n<meta property=\"article:published_time\" content=\"2022-12-08T00:43:00+00:00\" \/>\n<meta property=\"article:modified_time\" content=\"2022-12-08T12:57:22+00:00\" \/>\n<meta property=\"og:image\" content=\"https:\/\/www.repam.net\/es\/wp-content\/uploads\/2022\/12\/Carlos-site.jpg\" \/>\n\t<meta property=\"og:image:width\" content=\"1134\" \/>\n\t<meta property=\"og:image:height\" content=\"756\" \/>\n\t<meta property=\"og:image:type\" content=\"image\/jpeg\" \/>\n<meta name=\"author\" content=\"repam@adm\" \/>\n<meta name=\"twitter:card\" content=\"summary_large_image\" \/>\n<meta name=\"twitter:label1\" content=\"Escrito por\" \/>\n\t<meta name=\"twitter:data1\" content=\"repam@adm\" \/>\n\t<meta name=\"twitter:label2\" content=\"Tiempo de lectura\" \/>\n\t<meta name=\"twitter:data2\" content=\"3 minutos\" \/>\n<script type=\"application\/ld+json\" class=\"yoast-schema-graph\">{\"@context\":\"https:\\\/\\\/schema.org\",\"@graph\":[{\"@type\":\"Article\",\"@id\":\"https:\\\/\\\/www.repam.net\\\/es\\\/vida-y-esperanza-fallecimiento-carlos-ajon\\\/#article\",\"isPartOf\":{\"@id\":\"https:\\\/\\\/www.repam.net\\\/es\\\/vida-y-esperanza-fallecimiento-carlos-ajon\\\/\"},\"author\":{\"name\":\"repam@adm\",\"@id\":\"https:\\\/\\\/www.repam.net\\\/es\\\/#\\\/schema\\\/person\\\/0c828bf04cf1abe6016cbe752c76a033\"},\"headline\":\"Nota de Vida y Esperanza ante el fallecimiento de Carlos Aj\u00f3n\",\"datePublished\":\"2022-12-08T00:43:00+00:00\",\"dateModified\":\"2022-12-08T12:57:22+00:00\",\"mainEntityOfPage\":{\"@id\":\"https:\\\/\\\/www.repam.net\\\/es\\\/vida-y-esperanza-fallecimiento-carlos-ajon\\\/\"},\"wordCount\":508,\"publisher\":{\"@id\":\"https:\\\/\\\/www.repam.net\\\/es\\\/#organization\"},\"image\":{\"@id\":\"https:\\\/\\\/www.repam.net\\\/es\\\/vida-y-esperanza-fallecimiento-carlos-ajon\\\/#primaryimage\"},\"thumbnailUrl\":\"https:\\\/\\\/www.repam.net\\\/es\\\/wp-content\\\/uploads\\\/2022\\\/12\\\/Carlos-site.jpg\",\"keywords\":[\"Derechos Humanos\",\"Ecuador\",\"Nota de fallecimiento\",\"pueblos ind\u00edgenas\",\"REPAM\",\"Vicariato de Aguarico\"],\"articleSection\":[\"Nota de la REPAM\",\"Noticias\"],\"inLanguage\":\"es-CO\"},{\"@type\":\"WebPage\",\"@id\":\"https:\\\/\\\/www.repam.net\\\/es\\\/vida-y-esperanza-fallecimiento-carlos-ajon\\\/\",\"url\":\"https:\\\/\\\/www.repam.net\\\/es\\\/vida-y-esperanza-fallecimiento-carlos-ajon\\\/\",\"name\":\"Nota de Vida y Esperanza ante el fallecimiento de Carlos Aj\u00f3n - REPAM\",\"isPartOf\":{\"@id\":\"https:\\\/\\\/www.repam.net\\\/es\\\/#website\"},\"primaryImageOfPage\":{\"@id\":\"https:\\\/\\\/www.repam.net\\\/es\\\/vida-y-esperanza-fallecimiento-carlos-ajon\\\/#primaryimage\"},\"image\":{\"@id\":\"https:\\\/\\\/www.repam.net\\\/es\\\/vida-y-esperanza-fallecimiento-carlos-ajon\\\/#primaryimage\"},\"thumbnailUrl\":\"https:\\\/\\\/www.repam.net\\\/es\\\/wp-content\\\/uploads\\\/2022\\\/12\\\/Carlos-site.jpg\",\"datePublished\":\"2022-12-08T00:43:00+00:00\",\"dateModified\":\"2022-12-08T12:57:22+00:00\",\"breadcrumb\":{\"@id\":\"https:\\\/\\\/www.repam.net\\\/es\\\/vida-y-esperanza-fallecimiento-carlos-ajon\\\/#breadcrumb\"},\"inLanguage\":\"es-CO\",\"potentialAction\":[{\"@type\":\"ReadAction\",\"target\":[\"https:\\\/\\\/www.repam.net\\\/es\\\/vida-y-esperanza-fallecimiento-carlos-ajon\\\/\"]}]},{\"@type\":\"ImageObject\",\"inLanguage\":\"es-CO\",\"@id\":\"https:\\\/\\\/www.repam.net\\\/es\\\/vida-y-esperanza-fallecimiento-carlos-ajon\\\/#primaryimage\",\"url\":\"https:\\\/\\\/www.repam.net\\\/es\\\/wp-content\\\/uploads\\\/2022\\\/12\\\/Carlos-site.jpg\",\"contentUrl\":\"https:\\\/\\\/www.repam.net\\\/es\\\/wp-content\\\/uploads\\\/2022\\\/12\\\/Carlos-site.jpg\",\"width\":1134,\"height\":756},{\"@type\":\"BreadcrumbList\",\"@id\":\"https:\\\/\\\/www.repam.net\\\/es\\\/vida-y-esperanza-fallecimiento-carlos-ajon\\\/#breadcrumb\",\"itemListElement\":[{\"@type\":\"ListItem\",\"position\":1,\"name\":\"Inicio\",\"item\":\"https:\\\/\\\/www.repam.net\\\/es\\\/\"},{\"@type\":\"ListItem\",\"position\":2,\"name\":\"Nota de Vida y Esperanza ante el fallecimiento de Carlos Aj\u00f3n\"}]},{\"@type\":\"WebSite\",\"@id\":\"https:\\\/\\\/www.repam.net\\\/es\\\/#website\",\"url\":\"https:\\\/\\\/www.repam.net\\\/es\\\/\",\"name\":\"REPAM\",\"description\":\"Red Eclesial Panamaz\u00f3nica\",\"publisher\":{\"@id\":\"https:\\\/\\\/www.repam.net\\\/es\\\/#organization\"},\"potentialAction\":[{\"@type\":\"SearchAction\",\"target\":{\"@type\":\"EntryPoint\",\"urlTemplate\":\"https:\\\/\\\/www.repam.net\\\/es\\\/?s={search_term_string}\"},\"query-input\":{\"@type\":\"PropertyValueSpecification\",\"valueRequired\":true,\"valueName\":\"search_term_string\"}}],\"inLanguage\":\"es-CO\"},{\"@type\":\"Organization\",\"@id\":\"https:\\\/\\\/www.repam.net\\\/es\\\/#organization\",\"name\":\"REPAM\",\"url\":\"https:\\\/\\\/www.repam.net\\\/es\\\/\",\"logo\":{\"@type\":\"ImageObject\",\"inLanguage\":\"es-CO\",\"@id\":\"https:\\\/\\\/www.repam.net\\\/es\\\/#\\\/schema\\\/logo\\\/image\\\/\",\"url\":\"https:\\\/\\\/www.repam.net\\\/es\\\/wp-content\\\/uploads\\\/2021\\\/11\\\/cropped-favicon.png\",\"contentUrl\":\"https:\\\/\\\/www.repam.net\\\/es\\\/wp-content\\\/uploads\\\/2021\\\/11\\\/cropped-favicon.png\",\"width\":512,\"height\":512,\"caption\":\"REPAM\"},\"image\":{\"@id\":\"https:\\\/\\\/www.repam.net\\\/es\\\/#\\\/schema\\\/logo\\\/image\\\/\"}},{\"@type\":\"Person\",\"@id\":\"https:\\\/\\\/www.repam.net\\\/es\\\/#\\\/schema\\\/person\\\/0c828bf04cf1abe6016cbe752c76a033\",\"name\":\"repam@adm\",\"image\":{\"@type\":\"ImageObject\",\"inLanguage\":\"es-CO\",\"@id\":\"https:\\\/\\\/secure.gravatar.com\\\/avatar\\\/b18234ea6de5d74563e52ca7bfdad9d2b029b514c935b38a2790717abf8f2e5f?s=96&d=mm&r=g\",\"url\":\"https:\\\/\\\/secure.gravatar.com\\\/avatar\\\/b18234ea6de5d74563e52ca7bfdad9d2b029b514c935b38a2790717abf8f2e5f?s=96&d=mm&r=g\",\"contentUrl\":\"https:\\\/\\\/secure.gravatar.com\\\/avatar\\\/b18234ea6de5d74563e52ca7bfdad9d2b029b514c935b38a2790717abf8f2e5f?s=96&d=mm&r=g\",\"caption\":\"repam@adm\"},\"sameAs\":[\"http:\\\/\\\/repam.net\"],\"url\":\"https:\\\/\\\/www.repam.net\\\/es\\\/author\\\/repamadm\\\/\"}]}<\/script>\n<!-- \/ Yoast SEO plugin. -->","yoast_head_json":{"title":"Nota de Vida y Esperanza ante el fallecimiento de Carlos Aj\u00f3n - REPAM","robots":{"index":"index","follow":"follow","max-snippet":"max-snippet:-1","max-image-preview":"max-image-preview:large","max-video-preview":"max-video-preview:-1"},"canonical":"https:\/\/www.repam.net\/es\/vida-y-esperanza-fallecimiento-carlos-ajon\/","og_locale":"es_ES","og_type":"article","og_title":"Nota de Vida y Esperanza ante el fallecimiento de Carlos Aj\u00f3n - REPAM","og_description":"En la ma\u00f1ana de este d\u00eda 7 de diciembre, falleci\u00f3 de manera repentina durante un viaje de incidencia internacional por Europa, nuestro amigo, compa\u00f1ero ind\u00edgena y defensor de los derechos humanos, Carlos David Aj\u00f3n Noteno. Durante el mes de julio ha participado de manera activa de la III Escuela de Derechos Humanos de la REPAM, [&hellip;]","og_url":"https:\/\/www.repam.net\/es\/vida-y-esperanza-fallecimiento-carlos-ajon\/","og_site_name":"REPAM","article_published_time":"2022-12-08T00:43:00+00:00","article_modified_time":"2022-12-08T12:57:22+00:00","og_image":[{"width":1134,"height":756,"url":"https:\/\/www.repam.net\/es\/wp-content\/uploads\/2022\/12\/Carlos-site.jpg","type":"image\/jpeg"}],"author":"repam@adm","twitter_card":"summary_large_image","twitter_misc":{"Escrito por":"repam@adm","Tiempo de lectura":"3 minutos"},"schema":{"@context":"https:\/\/schema.org","@graph":[{"@type":"Article","@id":"https:\/\/www.repam.net\/es\/vida-y-esperanza-fallecimiento-carlos-ajon\/#article","isPartOf":{"@id":"https:\/\/www.repam.net\/es\/vida-y-esperanza-fallecimiento-carlos-ajon\/"},"author":{"name":"repam@adm","@id":"https:\/\/www.repam.net\/es\/#\/schema\/person\/0c828bf04cf1abe6016cbe752c76a033"},"headline":"Nota de Vida y Esperanza ante el fallecimiento de Carlos Aj\u00f3n","datePublished":"2022-12-08T00:43:00+00:00","dateModified":"2022-12-08T12:57:22+00:00","mainEntityOfPage":{"@id":"https:\/\/www.repam.net\/es\/vida-y-esperanza-fallecimiento-carlos-ajon\/"},"wordCount":508,"publisher":{"@id":"https:\/\/www.repam.net\/es\/#organization"},"image":{"@id":"https:\/\/www.repam.net\/es\/vida-y-esperanza-fallecimiento-carlos-ajon\/#primaryimage"},"thumbnailUrl":"https:\/\/www.repam.net\/es\/wp-content\/uploads\/2022\/12\/Carlos-site.jpg","keywords":["Derechos Humanos","Ecuador","Nota de fallecimiento","pueblos ind\u00edgenas","REPAM","Vicariato de Aguarico"],"articleSection":["Nota de la REPAM","Noticias"],"inLanguage":"es-CO"},{"@type":"WebPage","@id":"https:\/\/www.repam.net\/es\/vida-y-esperanza-fallecimiento-carlos-ajon\/","url":"https:\/\/www.repam.net\/es\/vida-y-esperanza-fallecimiento-carlos-ajon\/","name":"Nota de Vida y Esperanza ante el fallecimiento de Carlos Aj\u00f3n - REPAM","isPartOf":{"@id":"https:\/\/www.repam.net\/es\/#website"},"primaryImageOfPage":{"@id":"https:\/\/www.repam.net\/es\/vida-y-esperanza-fallecimiento-carlos-ajon\/#primaryimage"},"image":{"@id":"https:\/\/www.repam.net\/es\/vida-y-esperanza-fallecimiento-carlos-ajon\/#primaryimage"},"thumbnailUrl":"https:\/\/www.repam.net\/es\/wp-content\/uploads\/2022\/12\/Carlos-site.jpg","datePublished":"2022-12-08T00:43:00+00:00","dateModified":"2022-12-08T12:57:22+00:00","breadcrumb":{"@id":"https:\/\/www.repam.net\/es\/vida-y-esperanza-fallecimiento-carlos-ajon\/#breadcrumb"},"inLanguage":"es-CO","potentialAction":[{"@type":"ReadAction","target":["https:\/\/www.repam.net\/es\/vida-y-esperanza-fallecimiento-carlos-ajon\/"]}]},{"@type":"ImageObject","inLanguage":"es-CO","@id":"https:\/\/www.repam.net\/es\/vida-y-esperanza-fallecimiento-carlos-ajon\/#primaryimage","url":"https:\/\/www.repam.net\/es\/wp-content\/uploads\/2022\/12\/Carlos-site.jpg","contentUrl":"https:\/\/www.repam.net\/es\/wp-content\/uploads\/2022\/12\/Carlos-site.jpg","width":1134,"height":756},{"@type":"BreadcrumbList","@id":"https:\/\/www.repam.net\/es\/vida-y-esperanza-fallecimiento-carlos-ajon\/#breadcrumb","itemListElement":[{"@type":"ListItem","position":1,"name":"Inicio","item":"https:\/\/www.repam.net\/es\/"},{"@type":"ListItem","position":2,"name":"Nota de Vida y Esperanza ante el fallecimiento de Carlos Aj\u00f3n"}]},{"@type":"WebSite","@id":"https:\/\/www.repam.net\/es\/#website","url":"https:\/\/www.repam.net\/es\/","name":"REPAM","description":"Red Eclesial Panamaz\u00f3nica","publisher":{"@id":"https:\/\/www.repam.net\/es\/#organization"},"potentialAction":[{"@type":"SearchAction","target":{"@type":"EntryPoint","urlTemplate":"https:\/\/www.repam.net\/es\/?s={search_term_string}"},"query-input":{"@type":"PropertyValueSpecification","valueRequired":true,"valueName":"search_term_string"}}],"inLanguage":"es-CO"},{"@type":"Organization","@id":"https:\/\/www.repam.net\/es\/#organization","name":"REPAM","url":"https:\/\/www.repam.net\/es\/","logo":{"@type":"ImageObject","inLanguage":"es-CO","@id":"https:\/\/www.repam.net\/es\/#\/schema\/logo\/image\/","url":"https:\/\/www.repam.net\/es\/wp-content\/uploads\/2021\/11\/cropped-favicon.png","contentUrl":"https:\/\/www.repam.net\/es\/wp-content\/uploads\/2021\/11\/cropped-favicon.png","width":512,"height":512,"caption":"REPAM"},"image":{"@id":"https:\/\/www.repam.net\/es\/#\/schema\/logo\/image\/"}},{"@type":"Person","@id":"https:\/\/www.repam.net\/es\/#\/schema\/person\/0c828bf04cf1abe6016cbe752c76a033","name":"repam@adm","image":{"@type":"ImageObject","inLanguage":"es-CO","@id":"https:\/\/secure.gravatar.com\/avatar\/b18234ea6de5d74563e52ca7bfdad9d2b029b514c935b38a2790717abf8f2e5f?s=96&d=mm&r=g","url":"https:\/\/secure.gravatar.com\/avatar\/b18234ea6de5d74563e52ca7bfdad9d2b029b514c935b38a2790717abf8f2e5f?s=96&d=mm&r=g","contentUrl":"https:\/\/secure.gravatar.com\/avatar\/b18234ea6de5d74563e52ca7bfdad9d2b029b514c935b38a2790717abf8f2e5f?s=96&d=mm&r=g","caption":"repam@adm"},"sameAs":["http:\/\/repam.net"],"url":"https:\/\/www.repam.net\/es\/author\/repamadm\/"}]}},"_links":{"self":[{"href":"https:\/\/www.repam.net\/es\/wp-json\/wp\/v2\/posts\/9032","targetHints":{"allow":["GET"]}}],"collection":[{"href":"https:\/\/www.repam.net\/es\/wp-json\/wp\/v2\/posts"}],"about":[{"href":"https:\/\/www.repam.net\/es\/wp-json\/wp\/v2\/types\/post"}],"author":[{"embeddable":true,"href":"https:\/\/www.repam.net\/es\/wp-json\/wp\/v2\/users\/1"}],"replies":[{"embeddable":true,"href":"https:\/\/www.repam.net\/es\/wp-json\/wp\/v2\/comments?post=9032"}],"version-history":[{"count":2,"href":"https:\/\/www.repam.net\/es\/wp-json\/wp\/v2\/posts\/9032\/revisions"}],"predecessor-version":[{"id":9037,"href":"https:\/\/www.repam.net\/es\/wp-json\/wp\/v2\/posts\/9032\/revisions\/9037"}],"wp:featuredmedia":[{"embeddable":true,"href":"https:\/\/www.repam.net\/es\/wp-json\/wp\/v2\/media\/9034"}],"wp:attachment":[{"href":"https:\/\/www.repam.net\/es\/wp-json\/wp\/v2\/media?parent=9032"}],"wp:term":[{"taxonomy":"category","embeddable":true,"href":"https:\/\/www.repam.net\/es\/wp-json\/wp\/v2\/categories?post=9032"},{"taxonomy":"post_tag","embeddable":true,"href":"https:\/\/www.repam.net\/es\/wp-json\/wp\/v2\/tags?post=9032"}],"curies":[{"name":"wp","href":"https:\/\/api.w.org\/{rel}","templated":true}]}}