{"id":9316,"date":"2023-01-27T16:43:17","date_gmt":"2023-01-27T21:43:17","guid":{"rendered":"https:\/\/www.repam.net\/es\/?p=9316"},"modified":"2023-01-27T16:43:18","modified_gmt":"2023-01-27T21:43:18","slug":"ceama-y-repam-se-solidarizan-con-el-pueblo-yanomami","status":"publish","type":"post","link":"https:\/\/www.repam.net\/es\/ceama-y-repam-se-solidarizan-con-el-pueblo-yanomami\/","title":{"rendered":"CEAMA y REPAM se solidarizan con el Pueblo Yanomami"},"content":{"rendered":"<div class=\"wp-block-image\">\n<figure class=\"aligncenter size-large\"><img loading=\"lazy\" decoding=\"async\" width=\"1024\" height=\"576\" src=\"https:\/\/www.repam.net\/es\/wp-content\/uploads\/2023\/01\/ESP.-Solidaridad-Yanomami-1024x576.jpg\" alt=\"\" class=\"wp-image-9319\" srcset=\"https:\/\/www.repam.net\/es\/wp-content\/uploads\/2023\/01\/ESP.-Solidaridad-Yanomami-1024x576.jpg 1024w, https:\/\/www.repam.net\/es\/wp-content\/uploads\/2023\/01\/ESP.-Solidaridad-Yanomami-300x169.jpg 300w, https:\/\/www.repam.net\/es\/wp-content\/uploads\/2023\/01\/ESP.-Solidaridad-Yanomami-768x432.jpg 768w, https:\/\/www.repam.net\/es\/wp-content\/uploads\/2023\/01\/ESP.-Solidaridad-Yanomami.jpg 1280w\" sizes=\"auto, (max-width: 1024px) 100vw, 1024px\" \/><\/figure>\n<\/div>\n\n\n<p class=\"has-text-align-right\"><em>Bogot\u00e1 y Manaus, 27 de enero de 2023<\/em><\/p>\n\n\n\n<p>A <strong>Conferencia Eclesial de la Amazon\u00eda (CEAMA)<\/strong> y de la <strong>Red Eclesial Panamaz\u00f3nica (REPAM)<\/strong>, en uni\u00f3n con la Iglesia en Brasil, en el compromiso de ser aliadas de los pueblos amaz\u00f3nicos para denunciar los ataques a la vida de las comunidades ind\u00edgenas, los proyectos que afectan al medio ambiente, la falta de demarcaci\u00f3n de sus territorios, as\u00ed como del modelo econ\u00f3mico de desarrollo depredador y ecocida (cf. Documento Final del S\u00ednodo Amaz\u00f3nico, n. 46). Nuestra respuesta como Iglesia es la <strong>defensa de la vida, la tierra y los derechos de los pueblos<\/strong>.<\/p>\n\n\n\n<p>Expresamos nuestra profunda <strong>solidaridad y compromiso con el pueblo Yanomami<\/strong> de Roraima y con las personas e instituciones que luchan por la defensa de sus territorios y de la vida de los pueblos. Hacemos nuestras las denuncias y llamamientos presentes en los mensajes <strong><em>&#8220;Indignaci\u00f3n y Solidaridad&#8221;<\/em><\/strong><strong> de la Regional Norte 1 de la Conferencia Nacional de los Obispos de Brasil (CNBB)<\/strong>, el 21 de enero, y <strong><em>&#8220;Llamamiento por justicia para el Pueblo Yanomami&#8221;,<\/em><\/strong><strong> publicado por la REPAM-Brasil<\/strong> el 23 de enero.<\/p>\n\n\n\n<p><strong>Adjuntamos \u00edntegramente estos mensajes<\/strong> para pleno conocimiento y difusi\u00f3n en las comunidades brasile\u00f1a e internacional.<\/p>\n\n\n\n<p>So\u00f1amos, como expresa el Papa Francisco en la exhortaci\u00f3n apost\u00f3lica Querida Amazon\u00eda, &#8220;<em>con una Amazonia que luche por los derechos de los m\u00e1s pobres, de los pueblos originarios, de los \u00faltimos, donde su voz sea escuchada y su dignidad sea promovida&#8230; y que preserve esa riqueza cultural que la destaca, donde brilla de modos tan diversos la&nbsp;belleza&nbsp;humana<\/em>&#8221; (QA, 7).<\/p>\n\n\n\n<p><strong>Cardenal Pedro Barreto Jimeno<\/strong> &#8211; Presidente de la CEAMA<\/p>\n\n\n\n<p><strong>Mons. Rafael Cob Garc\u00eda<\/strong> &#8211; Presidente&nbsp;de la&nbsp;REPAM<\/p>\n\n\n\n<hr class=\"wp-block-separator has-alpha-channel-opacity\"\/>\n\n\n\n<div class=\"wp-block-columns is-layout-flex wp-container-core-columns-is-layout-9d6595d7 wp-block-columns-is-layout-flex\">\n<div class=\"wp-block-column is-layout-flow wp-block-column-is-layout-flow\">\n<div data-wp-interactive=\"core\/file\" class=\"wp-block-file aligncenter\"><object data-wp-bind--hidden=\"!state.hasPdfPreview\" hidden class=\"wp-block-file__embed\" data=\"https:\/\/www.repam.net\/es\/wp-content\/uploads\/2023\/01\/Indignacion-y-Solidaridad-con-el-Pueblo-Yanomami-CNBB-N1.pdf\" type=\"application\/pdf\" style=\"width:100%;height:600px\" aria-label=\"Incrustado de CNBB N1.\"><\/object><a id=\"wp-block-file--media-7dbf9e6b-2ea2-4197-b82b-805570c7a115\" href=\"https:\/\/www.repam.net\/es\/wp-content\/uploads\/2023\/01\/Indignacion-y-Solidaridad-con-el-Pueblo-Yanomami-CNBB-N1.pdf\">CNBB N1<\/a><a href=\"https:\/\/www.repam.net\/es\/wp-content\/uploads\/2023\/01\/Indignacion-y-Solidaridad-con-el-Pueblo-Yanomami-CNBB-N1.pdf\" class=\"wp-block-file__button wp-element-button\" download aria-describedby=\"wp-block-file--media-7dbf9e6b-2ea2-4197-b82b-805570c7a115\"><\/a><\/div>\n<\/div>\n\n\n\n<div class=\"wp-block-column is-layout-flow wp-block-column-is-layout-flow\">\n<div data-wp-interactive=\"core\/file\" class=\"wp-block-file\"><object data-wp-bind--hidden=\"!state.hasPdfPreview\" hidden class=\"wp-block-file__embed\" data=\"https:\/\/www.repam.net\/es\/wp-content\/uploads\/2023\/01\/ESP.-Nota-Yanomami-REPAM-Brasil.pdf\" type=\"application\/pdf\" style=\"width:100%;height:600px\" aria-label=\"Incrustado de REPAM-Brasil.\"><\/object><a id=\"wp-block-file--media-4ea19a91-094c-4964-a6d5-05a1235978c4\" href=\"https:\/\/www.repam.net\/es\/wp-content\/uploads\/2023\/01\/ESP.-Nota-Yanomami-REPAM-Brasil.pdf\">REPAM-Brasil<\/a><a href=\"https:\/\/www.repam.net\/es\/wp-content\/uploads\/2023\/01\/ESP.-Nota-Yanomami-REPAM-Brasil.pdf\" class=\"wp-block-file__button wp-element-button\" download aria-describedby=\"wp-block-file--media-4ea19a91-094c-4964-a6d5-05a1235978c4\"><\/a><\/div>\n<\/div>\n<\/div>\n\n\n\n<h5 class=\"has-text-align-left wp-block-heading\"><strong><mark style=\"background-color:rgba(0, 0, 0, 0)\" class=\"has-inline-color has-vivid-cyan-blue-color\">Descargue aqu\u00ed la carta oficial de CEAMA y REPAM: \ud83d\udc47\ud83c\udffd\ud83d\udc47\ud83c\udffd\ud83d\udc47\ud83c\udffd<\/mark><\/strong><\/h5>\n\n\n\n<div data-wp-interactive=\"core\/file\" class=\"wp-block-file\"><object data-wp-bind--hidden=\"!state.hasPdfPreview\" hidden class=\"wp-block-file__embed\" data=\"https:\/\/www.repam.net\/es\/wp-content\/uploads\/2023\/01\/2023.01.27.-ESP.-Carta-Yanomami-REPAM-CEAMA-1.pdf\" type=\"application\/pdf\" style=\"width:100%;height:600px\" aria-label=\"Incrustado de 2023.01.27.-ESP.-Carta-Yanomami-REPAM-CEAMA-1.\"><\/object><a id=\"wp-block-file--media-4a72afc7-4f78-4488-8cf8-7242f8de0bf0\" href=\"https:\/\/www.repam.net\/es\/wp-content\/uploads\/2023\/01\/2023.01.27.-ESP.-Carta-Yanomami-REPAM-CEAMA-1.pdf\">2023.01.27.-ESP.-Carta-Yanomami-REPAM-CEAMA-1<\/a><a href=\"https:\/\/www.repam.net\/es\/wp-content\/uploads\/2023\/01\/2023.01.27.-ESP.-Carta-Yanomami-REPAM-CEAMA-1.pdf\" class=\"wp-block-file__button wp-element-button\" download aria-describedby=\"wp-block-file--media-4a72afc7-4f78-4488-8cf8-7242f8de0bf0\">Descargar<\/a><\/div>\n","protected":false},"excerpt":{"rendered":"<p>Bogot\u00e1 y Manaus, 27 de enero de 2023 A Conferencia Eclesial de la Amazon\u00eda (CEAMA) y de la Red Eclesial Panamaz\u00f3nica (REPAM), en uni\u00f3n con la Iglesia en Brasil, en el compromiso de ser aliadas de los pueblos amaz\u00f3nicos para denunciar los ataques a la vida de las comunidades ind\u00edgenas, los proyectos que afectan al [&hellip;]<\/p>\n","protected":false},"author":1,"featured_media":9319,"comment_status":"closed","ping_status":"closed","sticky":false,"template":"","format":"standard","meta":{"_acf_changed":false,"_uf_show_specific_survey":0,"_uf_disable_surveys":false,"footnotes":""},"categories":[381,4],"tags":[93,380,458,16,9,267,954],"class_list":["post-9316","post","type-post","status-publish","format-standard","has-post-thumbnail","hentry","category-nota","category-noticias","tag-ceama","tag-comunicado","tag-denuncia","tag-pueblos-indigenas","tag-repam","tag-roraima","tag-yanomami"],"acf":[],"aioseo_notices":[],"yoast_head":"<!-- This site is optimized with the Yoast SEO plugin v27.5 - https:\/\/yoast.com\/product\/yoast-seo-wordpress\/ -->\n<title>CEAMA y REPAM se solidarizan con el Pueblo Yanomami - REPAM<\/title>\n<meta name=\"robots\" content=\"index, follow, max-snippet:-1, max-image-preview:large, max-video-preview:-1\" \/>\n<link rel=\"canonical\" href=\"https:\/\/www.repam.net\/es\/ceama-y-repam-se-solidarizan-con-el-pueblo-yanomami\/\" \/>\n<meta property=\"og:locale\" content=\"es_ES\" \/>\n<meta property=\"og:type\" content=\"article\" \/>\n<meta property=\"og:title\" content=\"CEAMA y REPAM se solidarizan con el Pueblo Yanomami - REPAM\" \/>\n<meta property=\"og:description\" content=\"Bogot\u00e1 y Manaus, 27 de enero de 2023 A Conferencia Eclesial de la Amazon\u00eda (CEAMA) y de la Red Eclesial Panamaz\u00f3nica (REPAM), en uni\u00f3n con la Iglesia en Brasil, en el compromiso de ser aliadas de los pueblos amaz\u00f3nicos para denunciar los ataques a la vida de las comunidades ind\u00edgenas, los proyectos que afectan al [&hellip;]\" \/>\n<meta property=\"og:url\" content=\"https:\/\/www.repam.net\/es\/ceama-y-repam-se-solidarizan-con-el-pueblo-yanomami\/\" \/>\n<meta property=\"og:site_name\" content=\"REPAM\" \/>\n<meta property=\"article:published_time\" content=\"2023-01-27T21:43:17+00:00\" \/>\n<meta property=\"article:modified_time\" content=\"2023-01-27T21:43:18+00:00\" \/>\n<meta property=\"og:image\" content=\"https:\/\/www.repam.net\/es\/wp-content\/uploads\/2023\/01\/ESP.-Solidaridad-Yanomami.jpg\" \/>\n\t<meta property=\"og:image:width\" content=\"1280\" \/>\n\t<meta property=\"og:image:height\" content=\"720\" \/>\n\t<meta property=\"og:image:type\" content=\"image\/jpeg\" \/>\n<meta name=\"author\" content=\"repam@adm\" \/>\n<meta name=\"twitter:card\" content=\"summary_large_image\" \/>\n<meta name=\"twitter:label1\" content=\"Escrito por\" \/>\n\t<meta name=\"twitter:data1\" content=\"repam@adm\" \/>\n\t<meta name=\"twitter:label2\" content=\"Tiempo de lectura\" \/>\n\t<meta name=\"twitter:data2\" content=\"2 minutos\" \/>\n<script type=\"application\/ld+json\" class=\"yoast-schema-graph\">{\"@context\":\"https:\\\/\\\/schema.org\",\"@graph\":[{\"@type\":\"Article\",\"@id\":\"https:\\\/\\\/www.repam.net\\\/es\\\/ceama-y-repam-se-solidarizan-con-el-pueblo-yanomami\\\/#article\",\"isPartOf\":{\"@id\":\"https:\\\/\\\/www.repam.net\\\/es\\\/ceama-y-repam-se-solidarizan-con-el-pueblo-yanomami\\\/\"},\"author\":{\"name\":\"repam@adm\",\"@id\":\"https:\\\/\\\/www.repam.net\\\/es\\\/#\\\/schema\\\/person\\\/0c828bf04cf1abe6016cbe752c76a033\"},\"headline\":\"CEAMA y REPAM se solidarizan con el Pueblo Yanomami\",\"datePublished\":\"2023-01-27T21:43:17+00:00\",\"dateModified\":\"2023-01-27T21:43:18+00:00\",\"mainEntityOfPage\":{\"@id\":\"https:\\\/\\\/www.repam.net\\\/es\\\/ceama-y-repam-se-solidarizan-con-el-pueblo-yanomami\\\/\"},\"wordCount\":314,\"publisher\":{\"@id\":\"https:\\\/\\\/www.repam.net\\\/es\\\/#organization\"},\"image\":{\"@id\":\"https:\\\/\\\/www.repam.net\\\/es\\\/ceama-y-repam-se-solidarizan-con-el-pueblo-yanomami\\\/#primaryimage\"},\"thumbnailUrl\":\"https:\\\/\\\/www.repam.net\\\/es\\\/wp-content\\\/uploads\\\/2023\\\/01\\\/ESP.-Solidaridad-Yanomami.jpg\",\"keywords\":[\"CEAMA\",\"Comunicado\",\"Denuncia\",\"pueblos ind\u00edgenas\",\"REPAM\",\"Roraima\",\"Yanomami\"],\"articleSection\":[\"Nota\",\"Noticias\"],\"inLanguage\":\"es-CO\"},{\"@type\":\"WebPage\",\"@id\":\"https:\\\/\\\/www.repam.net\\\/es\\\/ceama-y-repam-se-solidarizan-con-el-pueblo-yanomami\\\/\",\"url\":\"https:\\\/\\\/www.repam.net\\\/es\\\/ceama-y-repam-se-solidarizan-con-el-pueblo-yanomami\\\/\",\"name\":\"CEAMA y REPAM se solidarizan con el Pueblo Yanomami - REPAM\",\"isPartOf\":{\"@id\":\"https:\\\/\\\/www.repam.net\\\/es\\\/#website\"},\"primaryImageOfPage\":{\"@id\":\"https:\\\/\\\/www.repam.net\\\/es\\\/ceama-y-repam-se-solidarizan-con-el-pueblo-yanomami\\\/#primaryimage\"},\"image\":{\"@id\":\"https:\\\/\\\/www.repam.net\\\/es\\\/ceama-y-repam-se-solidarizan-con-el-pueblo-yanomami\\\/#primaryimage\"},\"thumbnailUrl\":\"https:\\\/\\\/www.repam.net\\\/es\\\/wp-content\\\/uploads\\\/2023\\\/01\\\/ESP.-Solidaridad-Yanomami.jpg\",\"datePublished\":\"2023-01-27T21:43:17+00:00\",\"dateModified\":\"2023-01-27T21:43:18+00:00\",\"breadcrumb\":{\"@id\":\"https:\\\/\\\/www.repam.net\\\/es\\\/ceama-y-repam-se-solidarizan-con-el-pueblo-yanomami\\\/#breadcrumb\"},\"inLanguage\":\"es-CO\",\"potentialAction\":[{\"@type\":\"ReadAction\",\"target\":[\"https:\\\/\\\/www.repam.net\\\/es\\\/ceama-y-repam-se-solidarizan-con-el-pueblo-yanomami\\\/\"]}]},{\"@type\":\"ImageObject\",\"inLanguage\":\"es-CO\",\"@id\":\"https:\\\/\\\/www.repam.net\\\/es\\\/ceama-y-repam-se-solidarizan-con-el-pueblo-yanomami\\\/#primaryimage\",\"url\":\"https:\\\/\\\/www.repam.net\\\/es\\\/wp-content\\\/uploads\\\/2023\\\/01\\\/ESP.-Solidaridad-Yanomami.jpg\",\"contentUrl\":\"https:\\\/\\\/www.repam.net\\\/es\\\/wp-content\\\/uploads\\\/2023\\\/01\\\/ESP.-Solidaridad-Yanomami.jpg\",\"width\":1280,\"height\":720},{\"@type\":\"BreadcrumbList\",\"@id\":\"https:\\\/\\\/www.repam.net\\\/es\\\/ceama-y-repam-se-solidarizan-con-el-pueblo-yanomami\\\/#breadcrumb\",\"itemListElement\":[{\"@type\":\"ListItem\",\"position\":1,\"name\":\"Inicio\",\"item\":\"https:\\\/\\\/www.repam.net\\\/es\\\/\"},{\"@type\":\"ListItem\",\"position\":2,\"name\":\"CEAMA y REPAM se solidarizan con el Pueblo Yanomami\"}]},{\"@type\":\"WebSite\",\"@id\":\"https:\\\/\\\/www.repam.net\\\/es\\\/#website\",\"url\":\"https:\\\/\\\/www.repam.net\\\/es\\\/\",\"name\":\"REPAM\",\"description\":\"Red Eclesial Panamaz\u00f3nica\",\"publisher\":{\"@id\":\"https:\\\/\\\/www.repam.net\\\/es\\\/#organization\"},\"potentialAction\":[{\"@type\":\"SearchAction\",\"target\":{\"@type\":\"EntryPoint\",\"urlTemplate\":\"https:\\\/\\\/www.repam.net\\\/es\\\/?s={search_term_string}\"},\"query-input\":{\"@type\":\"PropertyValueSpecification\",\"valueRequired\":true,\"valueName\":\"search_term_string\"}}],\"inLanguage\":\"es-CO\"},{\"@type\":\"Organization\",\"@id\":\"https:\\\/\\\/www.repam.net\\\/es\\\/#organization\",\"name\":\"REPAM\",\"url\":\"https:\\\/\\\/www.repam.net\\\/es\\\/\",\"logo\":{\"@type\":\"ImageObject\",\"inLanguage\":\"es-CO\",\"@id\":\"https:\\\/\\\/www.repam.net\\\/es\\\/#\\\/schema\\\/logo\\\/image\\\/\",\"url\":\"https:\\\/\\\/www.repam.net\\\/es\\\/wp-content\\\/uploads\\\/2021\\\/11\\\/cropped-favicon.png\",\"contentUrl\":\"https:\\\/\\\/www.repam.net\\\/es\\\/wp-content\\\/uploads\\\/2021\\\/11\\\/cropped-favicon.png\",\"width\":512,\"height\":512,\"caption\":\"REPAM\"},\"image\":{\"@id\":\"https:\\\/\\\/www.repam.net\\\/es\\\/#\\\/schema\\\/logo\\\/image\\\/\"}},{\"@type\":\"Person\",\"@id\":\"https:\\\/\\\/www.repam.net\\\/es\\\/#\\\/schema\\\/person\\\/0c828bf04cf1abe6016cbe752c76a033\",\"name\":\"repam@adm\",\"image\":{\"@type\":\"ImageObject\",\"inLanguage\":\"es-CO\",\"@id\":\"https:\\\/\\\/secure.gravatar.com\\\/avatar\\\/b18234ea6de5d74563e52ca7bfdad9d2b029b514c935b38a2790717abf8f2e5f?s=96&d=mm&r=g\",\"url\":\"https:\\\/\\\/secure.gravatar.com\\\/avatar\\\/b18234ea6de5d74563e52ca7bfdad9d2b029b514c935b38a2790717abf8f2e5f?s=96&d=mm&r=g\",\"contentUrl\":\"https:\\\/\\\/secure.gravatar.com\\\/avatar\\\/b18234ea6de5d74563e52ca7bfdad9d2b029b514c935b38a2790717abf8f2e5f?s=96&d=mm&r=g\",\"caption\":\"repam@adm\"},\"sameAs\":[\"http:\\\/\\\/repam.net\"],\"url\":\"https:\\\/\\\/www.repam.net\\\/es\\\/author\\\/repamadm\\\/\"}]}<\/script>\n<!-- \/ Yoast SEO plugin. -->","yoast_head_json":{"title":"CEAMA y REPAM se solidarizan con el Pueblo Yanomami - REPAM","robots":{"index":"index","follow":"follow","max-snippet":"max-snippet:-1","max-image-preview":"max-image-preview:large","max-video-preview":"max-video-preview:-1"},"canonical":"https:\/\/www.repam.net\/es\/ceama-y-repam-se-solidarizan-con-el-pueblo-yanomami\/","og_locale":"es_ES","og_type":"article","og_title":"CEAMA y REPAM se solidarizan con el Pueblo Yanomami - REPAM","og_description":"Bogot\u00e1 y Manaus, 27 de enero de 2023 A Conferencia Eclesial de la Amazon\u00eda (CEAMA) y de la Red Eclesial Panamaz\u00f3nica (REPAM), en uni\u00f3n con la Iglesia en Brasil, en el compromiso de ser aliadas de los pueblos amaz\u00f3nicos para denunciar los ataques a la vida de las comunidades ind\u00edgenas, los proyectos que afectan al [&hellip;]","og_url":"https:\/\/www.repam.net\/es\/ceama-y-repam-se-solidarizan-con-el-pueblo-yanomami\/","og_site_name":"REPAM","article_published_time":"2023-01-27T21:43:17+00:00","article_modified_time":"2023-01-27T21:43:18+00:00","og_image":[{"width":1280,"height":720,"url":"https:\/\/www.repam.net\/es\/wp-content\/uploads\/2023\/01\/ESP.-Solidaridad-Yanomami.jpg","type":"image\/jpeg"}],"author":"repam@adm","twitter_card":"summary_large_image","twitter_misc":{"Escrito por":"repam@adm","Tiempo de lectura":"2 minutos"},"schema":{"@context":"https:\/\/schema.org","@graph":[{"@type":"Article","@id":"https:\/\/www.repam.net\/es\/ceama-y-repam-se-solidarizan-con-el-pueblo-yanomami\/#article","isPartOf":{"@id":"https:\/\/www.repam.net\/es\/ceama-y-repam-se-solidarizan-con-el-pueblo-yanomami\/"},"author":{"name":"repam@adm","@id":"https:\/\/www.repam.net\/es\/#\/schema\/person\/0c828bf04cf1abe6016cbe752c76a033"},"headline":"CEAMA y REPAM se solidarizan con el Pueblo Yanomami","datePublished":"2023-01-27T21:43:17+00:00","dateModified":"2023-01-27T21:43:18+00:00","mainEntityOfPage":{"@id":"https:\/\/www.repam.net\/es\/ceama-y-repam-se-solidarizan-con-el-pueblo-yanomami\/"},"wordCount":314,"publisher":{"@id":"https:\/\/www.repam.net\/es\/#organization"},"image":{"@id":"https:\/\/www.repam.net\/es\/ceama-y-repam-se-solidarizan-con-el-pueblo-yanomami\/#primaryimage"},"thumbnailUrl":"https:\/\/www.repam.net\/es\/wp-content\/uploads\/2023\/01\/ESP.-Solidaridad-Yanomami.jpg","keywords":["CEAMA","Comunicado","Denuncia","pueblos ind\u00edgenas","REPAM","Roraima","Yanomami"],"articleSection":["Nota","Noticias"],"inLanguage":"es-CO"},{"@type":"WebPage","@id":"https:\/\/www.repam.net\/es\/ceama-y-repam-se-solidarizan-con-el-pueblo-yanomami\/","url":"https:\/\/www.repam.net\/es\/ceama-y-repam-se-solidarizan-con-el-pueblo-yanomami\/","name":"CEAMA y REPAM se solidarizan con el Pueblo Yanomami - REPAM","isPartOf":{"@id":"https:\/\/www.repam.net\/es\/#website"},"primaryImageOfPage":{"@id":"https:\/\/www.repam.net\/es\/ceama-y-repam-se-solidarizan-con-el-pueblo-yanomami\/#primaryimage"},"image":{"@id":"https:\/\/www.repam.net\/es\/ceama-y-repam-se-solidarizan-con-el-pueblo-yanomami\/#primaryimage"},"thumbnailUrl":"https:\/\/www.repam.net\/es\/wp-content\/uploads\/2023\/01\/ESP.-Solidaridad-Yanomami.jpg","datePublished":"2023-01-27T21:43:17+00:00","dateModified":"2023-01-27T21:43:18+00:00","breadcrumb":{"@id":"https:\/\/www.repam.net\/es\/ceama-y-repam-se-solidarizan-con-el-pueblo-yanomami\/#breadcrumb"},"inLanguage":"es-CO","potentialAction":[{"@type":"ReadAction","target":["https:\/\/www.repam.net\/es\/ceama-y-repam-se-solidarizan-con-el-pueblo-yanomami\/"]}]},{"@type":"ImageObject","inLanguage":"es-CO","@id":"https:\/\/www.repam.net\/es\/ceama-y-repam-se-solidarizan-con-el-pueblo-yanomami\/#primaryimage","url":"https:\/\/www.repam.net\/es\/wp-content\/uploads\/2023\/01\/ESP.-Solidaridad-Yanomami.jpg","contentUrl":"https:\/\/www.repam.net\/es\/wp-content\/uploads\/2023\/01\/ESP.-Solidaridad-Yanomami.jpg","width":1280,"height":720},{"@type":"BreadcrumbList","@id":"https:\/\/www.repam.net\/es\/ceama-y-repam-se-solidarizan-con-el-pueblo-yanomami\/#breadcrumb","itemListElement":[{"@type":"ListItem","position":1,"name":"Inicio","item":"https:\/\/www.repam.net\/es\/"},{"@type":"ListItem","position":2,"name":"CEAMA y REPAM se solidarizan con el Pueblo Yanomami"}]},{"@type":"WebSite","@id":"https:\/\/www.repam.net\/es\/#website","url":"https:\/\/www.repam.net\/es\/","name":"REPAM","description":"Red Eclesial Panamaz\u00f3nica","publisher":{"@id":"https:\/\/www.repam.net\/es\/#organization"},"potentialAction":[{"@type":"SearchAction","target":{"@type":"EntryPoint","urlTemplate":"https:\/\/www.repam.net\/es\/?s={search_term_string}"},"query-input":{"@type":"PropertyValueSpecification","valueRequired":true,"valueName":"search_term_string"}}],"inLanguage":"es-CO"},{"@type":"Organization","@id":"https:\/\/www.repam.net\/es\/#organization","name":"REPAM","url":"https:\/\/www.repam.net\/es\/","logo":{"@type":"ImageObject","inLanguage":"es-CO","@id":"https:\/\/www.repam.net\/es\/#\/schema\/logo\/image\/","url":"https:\/\/www.repam.net\/es\/wp-content\/uploads\/2021\/11\/cropped-favicon.png","contentUrl":"https:\/\/www.repam.net\/es\/wp-content\/uploads\/2021\/11\/cropped-favicon.png","width":512,"height":512,"caption":"REPAM"},"image":{"@id":"https:\/\/www.repam.net\/es\/#\/schema\/logo\/image\/"}},{"@type":"Person","@id":"https:\/\/www.repam.net\/es\/#\/schema\/person\/0c828bf04cf1abe6016cbe752c76a033","name":"repam@adm","image":{"@type":"ImageObject","inLanguage":"es-CO","@id":"https:\/\/secure.gravatar.com\/avatar\/b18234ea6de5d74563e52ca7bfdad9d2b029b514c935b38a2790717abf8f2e5f?s=96&d=mm&r=g","url":"https:\/\/secure.gravatar.com\/avatar\/b18234ea6de5d74563e52ca7bfdad9d2b029b514c935b38a2790717abf8f2e5f?s=96&d=mm&r=g","contentUrl":"https:\/\/secure.gravatar.com\/avatar\/b18234ea6de5d74563e52ca7bfdad9d2b029b514c935b38a2790717abf8f2e5f?s=96&d=mm&r=g","caption":"repam@adm"},"sameAs":["http:\/\/repam.net"],"url":"https:\/\/www.repam.net\/es\/author\/repamadm\/"}]}},"_links":{"self":[{"href":"https:\/\/www.repam.net\/es\/wp-json\/wp\/v2\/posts\/9316","targetHints":{"allow":["GET"]}}],"collection":[{"href":"https:\/\/www.repam.net\/es\/wp-json\/wp\/v2\/posts"}],"about":[{"href":"https:\/\/www.repam.net\/es\/wp-json\/wp\/v2\/types\/post"}],"author":[{"embeddable":true,"href":"https:\/\/www.repam.net\/es\/wp-json\/wp\/v2\/users\/1"}],"replies":[{"embeddable":true,"href":"https:\/\/www.repam.net\/es\/wp-json\/wp\/v2\/comments?post=9316"}],"version-history":[{"count":5,"href":"https:\/\/www.repam.net\/es\/wp-json\/wp\/v2\/posts\/9316\/revisions"}],"predecessor-version":[{"id":9325,"href":"https:\/\/www.repam.net\/es\/wp-json\/wp\/v2\/posts\/9316\/revisions\/9325"}],"wp:featuredmedia":[{"embeddable":true,"href":"https:\/\/www.repam.net\/es\/wp-json\/wp\/v2\/media\/9319"}],"wp:attachment":[{"href":"https:\/\/www.repam.net\/es\/wp-json\/wp\/v2\/media?parent=9316"}],"wp:term":[{"taxonomy":"category","embeddable":true,"href":"https:\/\/www.repam.net\/es\/wp-json\/wp\/v2\/categories?post=9316"},{"taxonomy":"post_tag","embeddable":true,"href":"https:\/\/www.repam.net\/es\/wp-json\/wp\/v2\/tags?post=9316"}],"curies":[{"name":"wp","href":"https:\/\/api.w.org\/{rel}","templated":true}]}}