{"id":9511,"date":"2023-02-23T13:01:59","date_gmt":"2023-02-23T18:01:59","guid":{"rendered":"https:\/\/www.repam.net\/es\/?p=9511"},"modified":"2023-02-24T09:01:44","modified_gmt":"2023-02-24T14:01:44","slug":"ceama-y-repam-contribucion-al-sinodo-sinodalidad","status":"publish","type":"post","link":"https:\/\/www.repam.net\/es\/ceama-y-repam-contribucion-al-sinodo-sinodalidad\/","title":{"rendered":"CEAMA y REPAM env\u00edan contribuci\u00f3n a la etapa continental del S\u00ednodo sobre la Sinodalidad"},"content":{"rendered":"<div class=\"wp-block-image\">\n<figure class=\"aligncenter size-large\"><img loading=\"lazy\" decoding=\"async\" width=\"1024\" height=\"576\" src=\"https:\/\/www.repam.net\/es\/wp-content\/uploads\/2023\/02\/Contribucion-REPAM-CEAMA-Sinodalidad-1024x576.jpg\" alt=\"\" class=\"wp-image-9521\" srcset=\"https:\/\/www.repam.net\/es\/wp-content\/uploads\/2023\/02\/Contribucion-REPAM-CEAMA-Sinodalidad-1024x576.jpg 1024w, https:\/\/www.repam.net\/es\/wp-content\/uploads\/2023\/02\/Contribucion-REPAM-CEAMA-Sinodalidad-300x169.jpg 300w, https:\/\/www.repam.net\/es\/wp-content\/uploads\/2023\/02\/Contribucion-REPAM-CEAMA-Sinodalidad-768x432.jpg 768w, https:\/\/www.repam.net\/es\/wp-content\/uploads\/2023\/02\/Contribucion-REPAM-CEAMA-Sinodalidad.jpg 1280w\" sizes=\"auto, (max-width: 1024px) 100vw, 1024px\" \/><figcaption class=\"wp-element-caption\">Asamblea Territorial Presinodal 2018 &#8211; Foto: REPAM-Per\u00fa<\/figcaption><\/figure>\n<\/div>\n\n\n<blockquote class=\"wp-block-quote is-layout-flow wp-block-quote-is-layout-flow\">\n<p>La Conferencia Eclesial de la Amazon\u00eda (CEAMA) y la Red Eclesial Panamaz\u00f3nica (REPAM), presentan un texto de contribuci\u00f3n desde la Iglesia amaz\u00f3nica al proceso de preparaci\u00f3n continental al S\u00ednodo sobre la Sinodalidad.<\/p>\n<\/blockquote>\n\n\n\n<p><strong><em>Por Comunicaciones REPAM<\/em><\/strong><\/p>\n\n\n\n<p>El texto presentado el pasado 20 de febrero por las presidencias de la Conferencia Eclesial de la Amazon\u00eda (CEAMA) y la Red Eclesial Panamaz\u00f3nica (REPAM) al Consejo Episcopal Latinoamericano (CELAM), fue fruto de una consulta amplia y de una reflexi\u00f3n sistematizada por una comisi\u00f3n.<\/p>\n\n\n\n<p>Para este proceso de elaboraci\u00f3n del texto, se tuvo en cuenta los resultados del largo y amplio proceso de escucha y de preparaci\u00f3n del S\u00ednodo Amaz\u00f3nico, su Documento Final y la Exhortaci\u00f3n Apost\u00f3lica del Papa Francisco \u201cQuerida Amazon\u00eda\u201d, que en la pr\u00e1ctica son contribuciones diversas y muy valiosas de lo que ser\u00eda un aporte propio.<\/p>\n\n\n\n<h5 class=\"wp-block-heading\"><strong>Caminando juntos<\/strong><\/h5>\n\n\n\n<p>La Iglesia en la Amazon\u00eda particip\u00f3 en la Primera Etapa del proceso del S\u00ednodo sobre la Sinodalidad (2021-2024), a trav\u00e9s del aporte de sus Iglesias Locales, que fue integrado a la s\u00edntesis elaborada por las Conferencias Episcopales Nacionales de las contribuciones de las dem\u00e1s Iglesias de sus respectivos pa\u00edses.<\/p>\n\n\n\n<p>En la Etapa Continental, adem\u00e1s de la participaci\u00f3n de las Iglesias Locales de la Amazon\u00eda en los encuentros de las Regiones &#8220;Andina&#8221; y &#8220;Cono Sur&#8221; organizados por el CELAM, la CEAMA y la REPAM quieren tambi\u00e9n brindar su contribuci\u00f3n a la Iglesia Universal y Continental.<\/p>\n\n\n\n<h5 class=\"wp-block-heading\"><strong>Rica experiencia vivida<\/strong><\/h5>\n\n\n\n<p>El aporte presenta una visi\u00f3n de conjunto de la rica experiencia vivida en el proceso del S\u00ednodo Amaz\u00f3nico, de la vida de las Iglesias de la regi\u00f3n registrada en el proceso de escucha, as\u00ed como de los tres documentos del S\u00ednodo \u2013 el <em>Instrumentum Laboris<\/em>, el Documento Final y la Exhortaci\u00f3n Apost\u00f3lica &#8220;Querida Amazon\u00eda&#8221;.<\/p>\n\n\n\n<p>Al relacionarlas con el Documento para la Etapa Continental del S\u00ednodo, derivan tres dimensiones que conforman un aporte espec\u00edfico y sui generis de la Amazon\u00eda a la Iglesia: a) Intuiciones y experiencias nuevas; b) Tensiones e interrogantes; c) Prioridades y llamadas a la acci\u00f3n.<\/p>\n\n\n\n<h5 class=\"wp-block-heading\"><strong>Evangelizaci\u00f3n Integral<\/strong><\/h5>\n\n\n\n<p>De la Amazon\u00eda irrumpe un grito que alcanza todo el planeta, pues \u201ctodo est\u00e1 interligado\u201d (Laudato Si&#8217;, 91). En realidad, la Amazon\u00eda es m\u00e1s que una regi\u00f3n, es un paradigma, \u201cuna vez que un verdadero abordaje ecol\u00f3gico tornase siempre un abordaje social, que debe integrar la justicia en las discusiones sobre el ambiente, para escuchar tanto el grito de la tierra como el grito de los pobres\u201d (Documento Final, 66). &nbsp;<\/p>\n\n\n\n<p>Se trata de un paradigma que interpela y desaf\u00eda nuevas posturas y comportamientos, con dos imperativos principales: el cuidado de la Casa Com\u00fan como una dimensi\u00f3n de la vida y de la acci\u00f3n evangelizadora y, el respeto, la acogida de los pueblos originarios, sus territorios y sus culturas como interlocutores y sujetos de una evangelizaci\u00f3n inculturada. <\/p>\n\n\n\n<p>Desde la Amazon\u00eda, la REPAM y la CEAMA quieren compartir con la Iglesia universal estas contribuciones que est\u00e1n agrupadas en torno a siete grandes desaf\u00edos que la Iglesia en la regi\u00f3n est\u00e1 empe\u00f1ada en hacer realidad a trav\u00e9s de una evangelizaci\u00f3n integral:<\/p>\n\n\n\n<ol class=\"wp-block-list\">\n<li>La conversi\u00f3n de la Iglesia y salida a las periferias<\/li>\n\n\n\n<li>Iglesias Locales con rostro y coraz\u00f3n propios, encarnadas en la realidad de sus pueblos<\/li>\n\n\n\n<li>Una Iglesia toda ella ministerial e inclusiva en especial de las mujeres<\/li>\n\n\n\n<li>Una Iglesia sinodal anclada en estructuras de comuni\u00f3n<\/li>\n\n\n\n<li>La sinodalizaci\u00f3n de las Conferencias Episcopales<\/li>\n\n\n\n<li>La ecolog\u00eda integral como una dimensi\u00f3n esencial de la evangelizaci\u00f3n<\/li>\n\n\n\n<li>Una Iglesia compa\u00f1era de camino de toda la humanidad<\/li>\n<\/ol>\n\n\n\n<hr class=\"wp-block-separator has-alpha-channel-opacity\"\/>\n\n\n\n<div data-wp-interactive=\"core\/file\" class=\"wp-block-file\"><object data-wp-bind--hidden=\"!state.hasPdfPreview\" hidden class=\"wp-block-file__embed\" data=\"https:\/\/www.repam.net\/es\/wp-content\/uploads\/2023\/02\/Contribucio\u0301n_CEAMA_y_REPAM_Si\u0301nodo_sobre_Sinodalidad_Final.pdf\" type=\"application\/pdf\" style=\"width:100%;height:600px\" aria-label=\"Incrustado de Contribucio\u0301n_CEAMA_y_REPAM_Si\u0301nodo_sobre_Sinodalidad_Final.\"><\/object><a id=\"wp-block-file--media-ada18f2f-55b1-48fb-8eaf-d1c210547213\" href=\"https:\/\/www.repam.net\/es\/wp-content\/uploads\/2023\/02\/Contribucio\u0301n_CEAMA_y_REPAM_Si\u0301nodo_sobre_Sinodalidad_Final.pdf\">Contribucio\u0301n_CEAMA_y_REPAM_Si\u0301nodo_sobre_Sinodalidad_Final<\/a><a href=\"https:\/\/www.repam.net\/es\/wp-content\/uploads\/2023\/02\/Contribucio\u0301n_CEAMA_y_REPAM_Si\u0301nodo_sobre_Sinodalidad_Final.pdf\" class=\"wp-block-file__button wp-element-button\" download aria-describedby=\"wp-block-file--media-ada18f2f-55b1-48fb-8eaf-d1c210547213\">Descargar<\/a><\/div>\n","protected":false},"excerpt":{"rendered":"<p>La Conferencia Eclesial de la Amazon\u00eda (CEAMA) y la Red Eclesial Panamaz\u00f3nica (REPAM), presentan un texto de contribuci\u00f3n desde la Iglesia amaz\u00f3nica al proceso de preparaci\u00f3n continental al S\u00ednodo sobre la Sinodalidad. Por Comunicaciones REPAM El texto presentado el pasado 20 de febrero por las presidencias de la Conferencia Eclesial de la Amazon\u00eda (CEAMA) y [&hellip;]<\/p>\n","protected":false},"author":1,"featured_media":9525,"comment_status":"closed","ping_status":"closed","sticky":false,"template":"","format":"standard","meta":{"_acf_changed":false,"_uf_show_specific_survey":0,"_uf_disable_surveys":false,"footnotes":""},"categories":[92,4,21],"tags":[93,109,94,9,44,45],"class_list":["post-9511","post","type-post","status-publish","format-standard","has-post-thumbnail","hentry","category-ceama","category-noticias","category-repam","tag-ceama","tag-celam","tag-iglesia-con-rostro-amazonico","tag-repam","tag-sinodalidad","tag-sinodo"],"acf":[],"aioseo_notices":[],"yoast_head":"<!-- This site is optimized with the Yoast SEO plugin v27.5 - https:\/\/yoast.com\/product\/yoast-seo-wordpress\/ -->\n<title>CEAMA y REPAM env\u00edan contribuci\u00f3n a la etapa continental del S\u00ednodo sobre la Sinodalidad - REPAM<\/title>\n<meta name=\"robots\" content=\"index, follow, max-snippet:-1, max-image-preview:large, max-video-preview:-1\" \/>\n<link rel=\"canonical\" href=\"https:\/\/www.repam.net\/es\/ceama-y-repam-contribucion-al-sinodo-sinodalidad\/\" \/>\n<meta property=\"og:locale\" content=\"es_ES\" \/>\n<meta property=\"og:type\" content=\"article\" \/>\n<meta property=\"og:title\" content=\"CEAMA y REPAM env\u00edan contribuci\u00f3n a la etapa continental del S\u00ednodo sobre la Sinodalidad - REPAM\" \/>\n<meta property=\"og:description\" content=\"La Conferencia Eclesial de la Amazon\u00eda (CEAMA) y la Red Eclesial Panamaz\u00f3nica (REPAM), presentan un texto de contribuci\u00f3n desde la Iglesia amaz\u00f3nica al proceso de preparaci\u00f3n continental al S\u00ednodo sobre la Sinodalidad. Por Comunicaciones REPAM El texto presentado el pasado 20 de febrero por las presidencias de la Conferencia Eclesial de la Amazon\u00eda (CEAMA) y [&hellip;]\" \/>\n<meta property=\"og:url\" content=\"https:\/\/www.repam.net\/es\/ceama-y-repam-contribucion-al-sinodo-sinodalidad\/\" \/>\n<meta property=\"og:site_name\" content=\"REPAM\" \/>\n<meta property=\"article:published_time\" content=\"2023-02-23T18:01:59+00:00\" \/>\n<meta property=\"article:modified_time\" content=\"2023-02-24T14:01:44+00:00\" \/>\n<meta property=\"og:image\" content=\"https:\/\/www.repam.net\/es\/wp-content\/uploads\/2023\/02\/REPAM-CEAMA-Sinodalidad.jpg\" \/>\n\t<meta property=\"og:image:width\" content=\"1280\" \/>\n\t<meta property=\"og:image:height\" content=\"720\" \/>\n\t<meta property=\"og:image:type\" content=\"image\/jpeg\" \/>\n<meta name=\"author\" content=\"repam@adm\" \/>\n<meta name=\"twitter:card\" content=\"summary_large_image\" \/>\n<meta name=\"twitter:label1\" content=\"Escrito por\" \/>\n\t<meta name=\"twitter:data1\" content=\"repam@adm\" \/>\n\t<meta name=\"twitter:label2\" content=\"Tiempo de lectura\" \/>\n\t<meta name=\"twitter:data2\" content=\"3 minutos\" \/>\n<script type=\"application\/ld+json\" class=\"yoast-schema-graph\">{\"@context\":\"https:\\\/\\\/schema.org\",\"@graph\":[{\"@type\":\"Article\",\"@id\":\"https:\\\/\\\/www.repam.net\\\/es\\\/ceama-y-repam-contribucion-al-sinodo-sinodalidad\\\/#article\",\"isPartOf\":{\"@id\":\"https:\\\/\\\/www.repam.net\\\/es\\\/ceama-y-repam-contribucion-al-sinodo-sinodalidad\\\/\"},\"author\":{\"name\":\"repam@adm\",\"@id\":\"https:\\\/\\\/www.repam.net\\\/es\\\/#\\\/schema\\\/person\\\/0c828bf04cf1abe6016cbe752c76a033\"},\"headline\":\"CEAMA y REPAM env\u00edan contribuci\u00f3n a la etapa continental del S\u00ednodo sobre la Sinodalidad\",\"datePublished\":\"2023-02-23T18:01:59+00:00\",\"dateModified\":\"2023-02-24T14:01:44+00:00\",\"mainEntityOfPage\":{\"@id\":\"https:\\\/\\\/www.repam.net\\\/es\\\/ceama-y-repam-contribucion-al-sinodo-sinodalidad\\\/\"},\"wordCount\":669,\"publisher\":{\"@id\":\"https:\\\/\\\/www.repam.net\\\/es\\\/#organization\"},\"image\":{\"@id\":\"https:\\\/\\\/www.repam.net\\\/es\\\/ceama-y-repam-contribucion-al-sinodo-sinodalidad\\\/#primaryimage\"},\"thumbnailUrl\":\"https:\\\/\\\/www.repam.net\\\/es\\\/wp-content\\\/uploads\\\/2023\\\/02\\\/REPAM-CEAMA-Sinodalidad.jpg\",\"keywords\":[\"CEAMA\",\"CELAM\",\"Iglesia con rostro amaz\u00f3nico\",\"REPAM\",\"sinodalidad\",\"S\u00ednodo\"],\"articleSection\":[\"CEAMA\",\"Noticias\",\"REPAM\"],\"inLanguage\":\"es-CO\"},{\"@type\":\"WebPage\",\"@id\":\"https:\\\/\\\/www.repam.net\\\/es\\\/ceama-y-repam-contribucion-al-sinodo-sinodalidad\\\/\",\"url\":\"https:\\\/\\\/www.repam.net\\\/es\\\/ceama-y-repam-contribucion-al-sinodo-sinodalidad\\\/\",\"name\":\"CEAMA y REPAM env\u00edan contribuci\u00f3n a la etapa continental del S\u00ednodo sobre la Sinodalidad - REPAM\",\"isPartOf\":{\"@id\":\"https:\\\/\\\/www.repam.net\\\/es\\\/#website\"},\"primaryImageOfPage\":{\"@id\":\"https:\\\/\\\/www.repam.net\\\/es\\\/ceama-y-repam-contribucion-al-sinodo-sinodalidad\\\/#primaryimage\"},\"image\":{\"@id\":\"https:\\\/\\\/www.repam.net\\\/es\\\/ceama-y-repam-contribucion-al-sinodo-sinodalidad\\\/#primaryimage\"},\"thumbnailUrl\":\"https:\\\/\\\/www.repam.net\\\/es\\\/wp-content\\\/uploads\\\/2023\\\/02\\\/REPAM-CEAMA-Sinodalidad.jpg\",\"datePublished\":\"2023-02-23T18:01:59+00:00\",\"dateModified\":\"2023-02-24T14:01:44+00:00\",\"breadcrumb\":{\"@id\":\"https:\\\/\\\/www.repam.net\\\/es\\\/ceama-y-repam-contribucion-al-sinodo-sinodalidad\\\/#breadcrumb\"},\"inLanguage\":\"es-CO\",\"potentialAction\":[{\"@type\":\"ReadAction\",\"target\":[\"https:\\\/\\\/www.repam.net\\\/es\\\/ceama-y-repam-contribucion-al-sinodo-sinodalidad\\\/\"]}]},{\"@type\":\"ImageObject\",\"inLanguage\":\"es-CO\",\"@id\":\"https:\\\/\\\/www.repam.net\\\/es\\\/ceama-y-repam-contribucion-al-sinodo-sinodalidad\\\/#primaryimage\",\"url\":\"https:\\\/\\\/www.repam.net\\\/es\\\/wp-content\\\/uploads\\\/2023\\\/02\\\/REPAM-CEAMA-Sinodalidad.jpg\",\"contentUrl\":\"https:\\\/\\\/www.repam.net\\\/es\\\/wp-content\\\/uploads\\\/2023\\\/02\\\/REPAM-CEAMA-Sinodalidad.jpg\",\"width\":1280,\"height\":720},{\"@type\":\"BreadcrumbList\",\"@id\":\"https:\\\/\\\/www.repam.net\\\/es\\\/ceama-y-repam-contribucion-al-sinodo-sinodalidad\\\/#breadcrumb\",\"itemListElement\":[{\"@type\":\"ListItem\",\"position\":1,\"name\":\"Inicio\",\"item\":\"https:\\\/\\\/www.repam.net\\\/es\\\/\"},{\"@type\":\"ListItem\",\"position\":2,\"name\":\"CEAMA y REPAM env\u00edan contribuci\u00f3n a la etapa continental del S\u00ednodo sobre la Sinodalidad\"}]},{\"@type\":\"WebSite\",\"@id\":\"https:\\\/\\\/www.repam.net\\\/es\\\/#website\",\"url\":\"https:\\\/\\\/www.repam.net\\\/es\\\/\",\"name\":\"REPAM\",\"description\":\"Red Eclesial Panamaz\u00f3nica\",\"publisher\":{\"@id\":\"https:\\\/\\\/www.repam.net\\\/es\\\/#organization\"},\"potentialAction\":[{\"@type\":\"SearchAction\",\"target\":{\"@type\":\"EntryPoint\",\"urlTemplate\":\"https:\\\/\\\/www.repam.net\\\/es\\\/?s={search_term_string}\"},\"query-input\":{\"@type\":\"PropertyValueSpecification\",\"valueRequired\":true,\"valueName\":\"search_term_string\"}}],\"inLanguage\":\"es-CO\"},{\"@type\":\"Organization\",\"@id\":\"https:\\\/\\\/www.repam.net\\\/es\\\/#organization\",\"name\":\"REPAM\",\"url\":\"https:\\\/\\\/www.repam.net\\\/es\\\/\",\"logo\":{\"@type\":\"ImageObject\",\"inLanguage\":\"es-CO\",\"@id\":\"https:\\\/\\\/www.repam.net\\\/es\\\/#\\\/schema\\\/logo\\\/image\\\/\",\"url\":\"https:\\\/\\\/www.repam.net\\\/es\\\/wp-content\\\/uploads\\\/2021\\\/11\\\/cropped-favicon.png\",\"contentUrl\":\"https:\\\/\\\/www.repam.net\\\/es\\\/wp-content\\\/uploads\\\/2021\\\/11\\\/cropped-favicon.png\",\"width\":512,\"height\":512,\"caption\":\"REPAM\"},\"image\":{\"@id\":\"https:\\\/\\\/www.repam.net\\\/es\\\/#\\\/schema\\\/logo\\\/image\\\/\"}},{\"@type\":\"Person\",\"@id\":\"https:\\\/\\\/www.repam.net\\\/es\\\/#\\\/schema\\\/person\\\/0c828bf04cf1abe6016cbe752c76a033\",\"name\":\"repam@adm\",\"image\":{\"@type\":\"ImageObject\",\"inLanguage\":\"es-CO\",\"@id\":\"https:\\\/\\\/secure.gravatar.com\\\/avatar\\\/b18234ea6de5d74563e52ca7bfdad9d2b029b514c935b38a2790717abf8f2e5f?s=96&d=mm&r=g\",\"url\":\"https:\\\/\\\/secure.gravatar.com\\\/avatar\\\/b18234ea6de5d74563e52ca7bfdad9d2b029b514c935b38a2790717abf8f2e5f?s=96&d=mm&r=g\",\"contentUrl\":\"https:\\\/\\\/secure.gravatar.com\\\/avatar\\\/b18234ea6de5d74563e52ca7bfdad9d2b029b514c935b38a2790717abf8f2e5f?s=96&d=mm&r=g\",\"caption\":\"repam@adm\"},\"sameAs\":[\"http:\\\/\\\/repam.net\"],\"url\":\"https:\\\/\\\/www.repam.net\\\/es\\\/author\\\/repamadm\\\/\"}]}<\/script>\n<!-- \/ Yoast SEO plugin. -->","yoast_head_json":{"title":"CEAMA y REPAM env\u00edan contribuci\u00f3n a la etapa continental del S\u00ednodo sobre la Sinodalidad - REPAM","robots":{"index":"index","follow":"follow","max-snippet":"max-snippet:-1","max-image-preview":"max-image-preview:large","max-video-preview":"max-video-preview:-1"},"canonical":"https:\/\/www.repam.net\/es\/ceama-y-repam-contribucion-al-sinodo-sinodalidad\/","og_locale":"es_ES","og_type":"article","og_title":"CEAMA y REPAM env\u00edan contribuci\u00f3n a la etapa continental del S\u00ednodo sobre la Sinodalidad - REPAM","og_description":"La Conferencia Eclesial de la Amazon\u00eda (CEAMA) y la Red Eclesial Panamaz\u00f3nica (REPAM), presentan un texto de contribuci\u00f3n desde la Iglesia amaz\u00f3nica al proceso de preparaci\u00f3n continental al S\u00ednodo sobre la Sinodalidad. Por Comunicaciones REPAM El texto presentado el pasado 20 de febrero por las presidencias de la Conferencia Eclesial de la Amazon\u00eda (CEAMA) y [&hellip;]","og_url":"https:\/\/www.repam.net\/es\/ceama-y-repam-contribucion-al-sinodo-sinodalidad\/","og_site_name":"REPAM","article_published_time":"2023-02-23T18:01:59+00:00","article_modified_time":"2023-02-24T14:01:44+00:00","og_image":[{"width":1280,"height":720,"url":"https:\/\/www.repam.net\/es\/wp-content\/uploads\/2023\/02\/REPAM-CEAMA-Sinodalidad.jpg","type":"image\/jpeg"}],"author":"repam@adm","twitter_card":"summary_large_image","twitter_misc":{"Escrito por":"repam@adm","Tiempo de lectura":"3 minutos"},"schema":{"@context":"https:\/\/schema.org","@graph":[{"@type":"Article","@id":"https:\/\/www.repam.net\/es\/ceama-y-repam-contribucion-al-sinodo-sinodalidad\/#article","isPartOf":{"@id":"https:\/\/www.repam.net\/es\/ceama-y-repam-contribucion-al-sinodo-sinodalidad\/"},"author":{"name":"repam@adm","@id":"https:\/\/www.repam.net\/es\/#\/schema\/person\/0c828bf04cf1abe6016cbe752c76a033"},"headline":"CEAMA y REPAM env\u00edan contribuci\u00f3n a la etapa continental del S\u00ednodo sobre la Sinodalidad","datePublished":"2023-02-23T18:01:59+00:00","dateModified":"2023-02-24T14:01:44+00:00","mainEntityOfPage":{"@id":"https:\/\/www.repam.net\/es\/ceama-y-repam-contribucion-al-sinodo-sinodalidad\/"},"wordCount":669,"publisher":{"@id":"https:\/\/www.repam.net\/es\/#organization"},"image":{"@id":"https:\/\/www.repam.net\/es\/ceama-y-repam-contribucion-al-sinodo-sinodalidad\/#primaryimage"},"thumbnailUrl":"https:\/\/www.repam.net\/es\/wp-content\/uploads\/2023\/02\/REPAM-CEAMA-Sinodalidad.jpg","keywords":["CEAMA","CELAM","Iglesia con rostro amaz\u00f3nico","REPAM","sinodalidad","S\u00ednodo"],"articleSection":["CEAMA","Noticias","REPAM"],"inLanguage":"es-CO"},{"@type":"WebPage","@id":"https:\/\/www.repam.net\/es\/ceama-y-repam-contribucion-al-sinodo-sinodalidad\/","url":"https:\/\/www.repam.net\/es\/ceama-y-repam-contribucion-al-sinodo-sinodalidad\/","name":"CEAMA y REPAM env\u00edan contribuci\u00f3n a la etapa continental del S\u00ednodo sobre la Sinodalidad - REPAM","isPartOf":{"@id":"https:\/\/www.repam.net\/es\/#website"},"primaryImageOfPage":{"@id":"https:\/\/www.repam.net\/es\/ceama-y-repam-contribucion-al-sinodo-sinodalidad\/#primaryimage"},"image":{"@id":"https:\/\/www.repam.net\/es\/ceama-y-repam-contribucion-al-sinodo-sinodalidad\/#primaryimage"},"thumbnailUrl":"https:\/\/www.repam.net\/es\/wp-content\/uploads\/2023\/02\/REPAM-CEAMA-Sinodalidad.jpg","datePublished":"2023-02-23T18:01:59+00:00","dateModified":"2023-02-24T14:01:44+00:00","breadcrumb":{"@id":"https:\/\/www.repam.net\/es\/ceama-y-repam-contribucion-al-sinodo-sinodalidad\/#breadcrumb"},"inLanguage":"es-CO","potentialAction":[{"@type":"ReadAction","target":["https:\/\/www.repam.net\/es\/ceama-y-repam-contribucion-al-sinodo-sinodalidad\/"]}]},{"@type":"ImageObject","inLanguage":"es-CO","@id":"https:\/\/www.repam.net\/es\/ceama-y-repam-contribucion-al-sinodo-sinodalidad\/#primaryimage","url":"https:\/\/www.repam.net\/es\/wp-content\/uploads\/2023\/02\/REPAM-CEAMA-Sinodalidad.jpg","contentUrl":"https:\/\/www.repam.net\/es\/wp-content\/uploads\/2023\/02\/REPAM-CEAMA-Sinodalidad.jpg","width":1280,"height":720},{"@type":"BreadcrumbList","@id":"https:\/\/www.repam.net\/es\/ceama-y-repam-contribucion-al-sinodo-sinodalidad\/#breadcrumb","itemListElement":[{"@type":"ListItem","position":1,"name":"Inicio","item":"https:\/\/www.repam.net\/es\/"},{"@type":"ListItem","position":2,"name":"CEAMA y REPAM env\u00edan contribuci\u00f3n a la etapa continental del S\u00ednodo sobre la Sinodalidad"}]},{"@type":"WebSite","@id":"https:\/\/www.repam.net\/es\/#website","url":"https:\/\/www.repam.net\/es\/","name":"REPAM","description":"Red Eclesial Panamaz\u00f3nica","publisher":{"@id":"https:\/\/www.repam.net\/es\/#organization"},"potentialAction":[{"@type":"SearchAction","target":{"@type":"EntryPoint","urlTemplate":"https:\/\/www.repam.net\/es\/?s={search_term_string}"},"query-input":{"@type":"PropertyValueSpecification","valueRequired":true,"valueName":"search_term_string"}}],"inLanguage":"es-CO"},{"@type":"Organization","@id":"https:\/\/www.repam.net\/es\/#organization","name":"REPAM","url":"https:\/\/www.repam.net\/es\/","logo":{"@type":"ImageObject","inLanguage":"es-CO","@id":"https:\/\/www.repam.net\/es\/#\/schema\/logo\/image\/","url":"https:\/\/www.repam.net\/es\/wp-content\/uploads\/2021\/11\/cropped-favicon.png","contentUrl":"https:\/\/www.repam.net\/es\/wp-content\/uploads\/2021\/11\/cropped-favicon.png","width":512,"height":512,"caption":"REPAM"},"image":{"@id":"https:\/\/www.repam.net\/es\/#\/schema\/logo\/image\/"}},{"@type":"Person","@id":"https:\/\/www.repam.net\/es\/#\/schema\/person\/0c828bf04cf1abe6016cbe752c76a033","name":"repam@adm","image":{"@type":"ImageObject","inLanguage":"es-CO","@id":"https:\/\/secure.gravatar.com\/avatar\/b18234ea6de5d74563e52ca7bfdad9d2b029b514c935b38a2790717abf8f2e5f?s=96&d=mm&r=g","url":"https:\/\/secure.gravatar.com\/avatar\/b18234ea6de5d74563e52ca7bfdad9d2b029b514c935b38a2790717abf8f2e5f?s=96&d=mm&r=g","contentUrl":"https:\/\/secure.gravatar.com\/avatar\/b18234ea6de5d74563e52ca7bfdad9d2b029b514c935b38a2790717abf8f2e5f?s=96&d=mm&r=g","caption":"repam@adm"},"sameAs":["http:\/\/repam.net"],"url":"https:\/\/www.repam.net\/es\/author\/repamadm\/"}]}},"_links":{"self":[{"href":"https:\/\/www.repam.net\/es\/wp-json\/wp\/v2\/posts\/9511","targetHints":{"allow":["GET"]}}],"collection":[{"href":"https:\/\/www.repam.net\/es\/wp-json\/wp\/v2\/posts"}],"about":[{"href":"https:\/\/www.repam.net\/es\/wp-json\/wp\/v2\/types\/post"}],"author":[{"embeddable":true,"href":"https:\/\/www.repam.net\/es\/wp-json\/wp\/v2\/users\/1"}],"replies":[{"embeddable":true,"href":"https:\/\/www.repam.net\/es\/wp-json\/wp\/v2\/comments?post=9511"}],"version-history":[{"count":13,"href":"https:\/\/www.repam.net\/es\/wp-json\/wp\/v2\/posts\/9511\/revisions"}],"predecessor-version":[{"id":9545,"href":"https:\/\/www.repam.net\/es\/wp-json\/wp\/v2\/posts\/9511\/revisions\/9545"}],"wp:featuredmedia":[{"embeddable":true,"href":"https:\/\/www.repam.net\/es\/wp-json\/wp\/v2\/media\/9525"}],"wp:attachment":[{"href":"https:\/\/www.repam.net\/es\/wp-json\/wp\/v2\/media?parent=9511"}],"wp:term":[{"taxonomy":"category","embeddable":true,"href":"https:\/\/www.repam.net\/es\/wp-json\/wp\/v2\/categories?post=9511"},{"taxonomy":"post_tag","embeddable":true,"href":"https:\/\/www.repam.net\/es\/wp-json\/wp\/v2\/tags?post=9511"}],"curies":[{"name":"wp","href":"https:\/\/api.w.org\/{rel}","templated":true}]}}