{"id":9744,"date":"2023-03-10T17:05:34","date_gmt":"2023-03-10T22:05:34","guid":{"rendered":"https:\/\/www.repam.net\/es\/?p=9744"},"modified":"2023-03-10T17:05:56","modified_gmt":"2023-03-10T22:05:56","slug":"ecuador-orellana-marcha-en-contra-de-la-mineria-ilegal","status":"publish","type":"post","link":"https:\/\/www.repam.net\/es\/ecuador-orellana-marcha-en-contra-de-la-mineria-ilegal\/","title":{"rendered":"Ecuador: Orellana marcha en contra de la miner\u00eda ilegal"},"content":{"rendered":"<div class=\"wp-block-image\">\n<figure class=\"aligncenter size-full\"><img loading=\"lazy\" decoding=\"async\" width=\"1024\" height=\"576\" src=\"https:\/\/www.repam.net\/es\/wp-content\/uploads\/2023\/03\/marcha-Orellana-3-1024x576-Mineria-Ilegal.jpg\" alt=\"\" class=\"wp-image-9745\" srcset=\"https:\/\/www.repam.net\/es\/wp-content\/uploads\/2023\/03\/marcha-Orellana-3-1024x576-Mineria-Ilegal.jpg 1024w, https:\/\/www.repam.net\/es\/wp-content\/uploads\/2023\/03\/marcha-Orellana-3-1024x576-Mineria-Ilegal-300x169.jpg 300w, https:\/\/www.repam.net\/es\/wp-content\/uploads\/2023\/03\/marcha-Orellana-3-1024x576-Mineria-Ilegal-768x432.jpg 768w\" sizes=\"auto, (max-width: 1024px) 100vw, 1024px\" \/><figcaption class=\"wp-element-caption\">Fotos de la marcha: Archivo C\u00e1ritas Ecuador<\/figcaption><\/figure>\n<\/div>\n\n\n<blockquote class=\"wp-block-quote is-layout-flow wp-block-quote-is-layout-flow\">\n<p>El Vicariato Apost\u00f3lico de Aguarico, la Pastoral Social C\u00e1ritas, organizaciones sociales, religiosas\/os, mujeres, j\u00f3venes y lideres de las comunidades afectadas por los derrames de petr\u00f3leo y la miner\u00eda ilegal,&nbsp;<strong>protagonizaron este viernes 10 de marzo una marcha en defensa de la vida y en contra de la miner\u00eda ilegal.<\/strong><\/p>\n<\/blockquote>\n\n\n\n<p><strong><em>Por Myriam Carre\u00f1o \/ C\u00e1ritas Ecuador<\/em><\/strong><\/p>\n\n\n\n<p><strong>La marcha pac\u00edfica arranc\u00f3 desde el Parque Central de la ciudad de El Coca, recorri\u00f3 las principales calles de la ciudad, haciendo sentir la voz de las comunidades afectadas por la presencia de la miner\u00eda ilegal<\/strong>. Con pancartas, consignas, cornetas y m\u00fasica, los marchantes hicieron escuchar su voz de protesta y rechazo en contra de los efectos que deja la miner\u00eda.<\/p>\n\n\n\n<p>\u201cSomos pueblo en resistencia\u201d, \u201cOrellana libre de miner\u00eda\u201d, \u201cRiqueza para pocos, pobreza para muchos, no a la miner\u00eda ilegal\u201d, \u201cLa vida es primero, fuera proyecto minero\u201d, son algunas de las frases que se escucharon durante todo el recorrido de la marcha.<\/p>\n\n\n\n<p>Los marchantes llegaron hasta la sede provincial de la Fiscal\u00eda General del Estado, para entregar un manifiesto, as\u00ed como botellas con agua contaminada producto de la miner\u00eda ilegal que afecta a los r\u00edos:&nbsp;<strong>Punino, Payamino y al agua potable que consume la ciudad de El Coca.<\/strong><\/p>\n\n\n<div class=\"wp-block-image\">\n<figure class=\"aligncenter\"><img decoding=\"async\" src=\"https:\/\/www.caritasecuador.org\/wp-content\/uploads\/2023\/03\/marcha-Orellana-2.jpg\" alt=\"\" class=\"wp-image-36753\"\/><\/figure>\n<\/div>\n\n\n<p>Mons. Adalberto Jim\u00e9nez, obispo del Vicariato Apost\u00f3lico de Aguarico, manifest\u00f3 que, \u201cLa fiscal\u00eda debe comprometerse para que la contaminaci\u00f3n ambiental por la miner\u00eda ilegal no avance.&nbsp;<strong>Como Iglesia y ciudadan\u00eda, venimos junto a las comunidades a decirle \u00a1NO a la miner\u00eda ilegal!.<\/strong>&nbsp; Yo le pregunto al se\u00f1or fiscal, \u00bfdejar\u00eda que su hijo tome agua contaminada con mercurio?, traemos pruebas de agua contaminada, de la orden para que retiren las maquinarias de los r\u00edos Punino y Payamino\u201d.<\/p>\n\n\n\n<p>Tras dejar el manifiesto en la Fiscal\u00eda Provincial, la marcha se traslad\u00f3 a la gobernaci\u00f3n, fueron recibidos por Esperanza Bustamante gobernadora de Orellana, la representante sali\u00f3 de su despacho y les atendi\u00f3, en su intervenci\u00f3n indic\u00f3:&nbsp;<strong>\u201cLa miner\u00eda ilegal es un delito y tiene que sancionar la Polic\u00eda Judicial y Fiscal\u00eda, las personas que hacen miner\u00eda ilegal son delincuentes, criminales\u201d.<\/strong><\/p>\n\n\n\n<blockquote class=\"wp-block-quote is-layout-flow wp-block-quote-is-layout-flow\">\n<p>Tambi\u00e9n Ubaldo Aj\u00f3n, miembro de la comunidad San Jos\u00e9 de Coca, se\u00f1alo \u201cQueremos un fiscal que nos haga justicia para el pueblo de Orellana, no a la miner\u00eda ilegal, porque es riqueza para pocos y pobreza para muchos, nos encontramos preocupados por el agua contaminada que estamos tomando\u201d.<\/p>\n\n\n\n<p>La marcha pac\u00edfica que concluy\u00f3 en la gobernaci\u00f3n de la provincia, estuvo coordinada por el Vicariato Apost\u00f3lico de Aguarico, que manifest\u00f3: \u201cEste es un d\u00eda de esperanza, de lucha, de levantar la voz en defensa de la vida, en defensa del agua limpia de nuestros r\u00edos y un reclamo masivo por el agua en nuestras zonas urbanas, cuyas bombas de captaci\u00f3n est\u00e1n precisamente en los r\u00edos contaminados. Estamos con ustedes hermanos\u201d.<\/p>\n<\/blockquote>\n\n\n\n<p><\/p>\n\n\n<div class=\"wp-block-image\">\n<figure class=\"aligncenter size-large\"><img loading=\"lazy\" decoding=\"async\" width=\"1024\" height=\"576\" src=\"https:\/\/www.repam.net\/es\/wp-content\/uploads\/2023\/03\/marcha-Orellana-mineria-ilegal-1024x576.jpg\" alt=\"\" class=\"wp-image-9746\" srcset=\"https:\/\/www.repam.net\/es\/wp-content\/uploads\/2023\/03\/marcha-Orellana-mineria-ilegal-1024x576.jpg 1024w, https:\/\/www.repam.net\/es\/wp-content\/uploads\/2023\/03\/marcha-Orellana-mineria-ilegal-300x169.jpg 300w, https:\/\/www.repam.net\/es\/wp-content\/uploads\/2023\/03\/marcha-Orellana-mineria-ilegal-768x432.jpg 768w, https:\/\/www.repam.net\/es\/wp-content\/uploads\/2023\/03\/marcha-Orellana-mineria-ilegal-1536x864.jpg 1536w, https:\/\/www.repam.net\/es\/wp-content\/uploads\/2023\/03\/marcha-Orellana-mineria-ilegal.jpg 2000w\" sizes=\"auto, (max-width: 1024px) 100vw, 1024px\" \/><\/figure>\n<\/div>","protected":false},"excerpt":{"rendered":"<p>El Vicariato Apost\u00f3lico de Aguarico, la Pastoral Social C\u00e1ritas, organizaciones sociales, religiosas\/os, mujeres, j\u00f3venes y lideres de las comunidades afectadas por los derrames de petr\u00f3leo y la miner\u00eda ilegal,&nbsp;protagonizaron este viernes 10 de marzo una marcha en defensa de la vida y en contra de la miner\u00eda ilegal. Por Myriam Carre\u00f1o \/ C\u00e1ritas Ecuador La [&hellip;]<\/p>\n","protected":false},"author":1,"featured_media":9745,"comment_status":"closed","ping_status":"closed","sticky":false,"template":"","format":"standard","meta":{"_acf_changed":false,"_uf_show_specific_survey":0,"_uf_disable_surveys":false,"footnotes":""},"categories":[98,15,281,4],"tags":[375,173,170,14,39,363],"class_list":["post-9744","post","type-post","status-publish","format-standard","has-post-thumbnail","hentry","category-derechos-humanos","category-ecuador","category-extractivismo","category-noticias","tag-defensa-de-la-vida","tag-ecuador","tag-extractivismo","tag-mineria-ilegal","tag-pueblos-amazonicos","tag-vicariato-de-aguarico"],"acf":[],"aioseo_notices":[],"yoast_head":"<!-- This site is optimized with the Yoast SEO plugin v27.4 - https:\/\/yoast.com\/product\/yoast-seo-wordpress\/ -->\n<title>Ecuador: Orellana marcha en contra de la miner\u00eda ilegal - REPAM<\/title>\n<meta name=\"robots\" content=\"index, follow, max-snippet:-1, max-image-preview:large, max-video-preview:-1\" \/>\n<link rel=\"canonical\" href=\"https:\/\/www.repam.net\/es\/ecuador-orellana-marcha-en-contra-de-la-mineria-ilegal\/\" \/>\n<meta property=\"og:locale\" content=\"es_ES\" \/>\n<meta property=\"og:type\" content=\"article\" \/>\n<meta property=\"og:title\" content=\"Ecuador: Orellana marcha en contra de la miner\u00eda ilegal - REPAM\" \/>\n<meta property=\"og:description\" content=\"El Vicariato Apost\u00f3lico de Aguarico, la Pastoral Social C\u00e1ritas, organizaciones sociales, religiosas\/os, mujeres, j\u00f3venes y lideres de las comunidades afectadas por los derrames de petr\u00f3leo y la miner\u00eda ilegal,&nbsp;protagonizaron este viernes 10 de marzo una marcha en defensa de la vida y en contra de la miner\u00eda ilegal. Por Myriam Carre\u00f1o \/ C\u00e1ritas Ecuador La [&hellip;]\" \/>\n<meta property=\"og:url\" content=\"https:\/\/www.repam.net\/es\/ecuador-orellana-marcha-en-contra-de-la-mineria-ilegal\/\" \/>\n<meta property=\"og:site_name\" content=\"REPAM\" \/>\n<meta property=\"article:published_time\" content=\"2023-03-10T22:05:34+00:00\" \/>\n<meta property=\"article:modified_time\" content=\"2023-03-10T22:05:56+00:00\" \/>\n<meta property=\"og:image\" content=\"https:\/\/www.repam.net\/es\/wp-content\/uploads\/2023\/03\/marcha-Orellana-3-1024x576-Mineria-Ilegal.jpg\" \/>\n\t<meta property=\"og:image:width\" content=\"1024\" \/>\n\t<meta property=\"og:image:height\" content=\"576\" \/>\n\t<meta property=\"og:image:type\" content=\"image\/jpeg\" \/>\n<meta name=\"author\" content=\"repam@adm\" \/>\n<meta name=\"twitter:card\" content=\"summary_large_image\" \/>\n<meta name=\"twitter:label1\" content=\"Escrito por\" \/>\n\t<meta name=\"twitter:data1\" content=\"repam@adm\" \/>\n\t<meta name=\"twitter:label2\" content=\"Tiempo de lectura\" \/>\n\t<meta name=\"twitter:data2\" content=\"3 minutos\" \/>\n<script type=\"application\/ld+json\" class=\"yoast-schema-graph\">{\"@context\":\"https:\\\/\\\/schema.org\",\"@graph\":[{\"@type\":\"Article\",\"@id\":\"https:\\\/\\\/www.repam.net\\\/es\\\/ecuador-orellana-marcha-en-contra-de-la-mineria-ilegal\\\/#article\",\"isPartOf\":{\"@id\":\"https:\\\/\\\/www.repam.net\\\/es\\\/ecuador-orellana-marcha-en-contra-de-la-mineria-ilegal\\\/\"},\"author\":{\"name\":\"repam@adm\",\"@id\":\"https:\\\/\\\/www.repam.net\\\/es\\\/#\\\/schema\\\/person\\\/0c828bf04cf1abe6016cbe752c76a033\"},\"headline\":\"Ecuador: Orellana marcha en contra de la miner\u00eda ilegal\",\"datePublished\":\"2023-03-10T22:05:34+00:00\",\"dateModified\":\"2023-03-10T22:05:56+00:00\",\"mainEntityOfPage\":{\"@id\":\"https:\\\/\\\/www.repam.net\\\/es\\\/ecuador-orellana-marcha-en-contra-de-la-mineria-ilegal\\\/\"},\"wordCount\":526,\"publisher\":{\"@id\":\"https:\\\/\\\/www.repam.net\\\/es\\\/#organization\"},\"image\":{\"@id\":\"https:\\\/\\\/www.repam.net\\\/es\\\/ecuador-orellana-marcha-en-contra-de-la-mineria-ilegal\\\/#primaryimage\"},\"thumbnailUrl\":\"https:\\\/\\\/www.repam.net\\\/es\\\/wp-content\\\/uploads\\\/2023\\\/03\\\/marcha-Orellana-3-1024x576-Mineria-Ilegal.jpg\",\"keywords\":[\"defensa de la vida\",\"Ecuador\",\"extractivismo\",\"Miner\u00eda Ilegal\",\"pueblos amaz\u00f3nicos\",\"Vicariato de Aguarico\"],\"articleSection\":[\"Derechos Humanos\",\"Ecuador\",\"Extractivismo\",\"Noticias\"],\"inLanguage\":\"es-CO\"},{\"@type\":\"WebPage\",\"@id\":\"https:\\\/\\\/www.repam.net\\\/es\\\/ecuador-orellana-marcha-en-contra-de-la-mineria-ilegal\\\/\",\"url\":\"https:\\\/\\\/www.repam.net\\\/es\\\/ecuador-orellana-marcha-en-contra-de-la-mineria-ilegal\\\/\",\"name\":\"Ecuador: Orellana marcha en contra de la miner\u00eda ilegal - REPAM\",\"isPartOf\":{\"@id\":\"https:\\\/\\\/www.repam.net\\\/es\\\/#website\"},\"primaryImageOfPage\":{\"@id\":\"https:\\\/\\\/www.repam.net\\\/es\\\/ecuador-orellana-marcha-en-contra-de-la-mineria-ilegal\\\/#primaryimage\"},\"image\":{\"@id\":\"https:\\\/\\\/www.repam.net\\\/es\\\/ecuador-orellana-marcha-en-contra-de-la-mineria-ilegal\\\/#primaryimage\"},\"thumbnailUrl\":\"https:\\\/\\\/www.repam.net\\\/es\\\/wp-content\\\/uploads\\\/2023\\\/03\\\/marcha-Orellana-3-1024x576-Mineria-Ilegal.jpg\",\"datePublished\":\"2023-03-10T22:05:34+00:00\",\"dateModified\":\"2023-03-10T22:05:56+00:00\",\"breadcrumb\":{\"@id\":\"https:\\\/\\\/www.repam.net\\\/es\\\/ecuador-orellana-marcha-en-contra-de-la-mineria-ilegal\\\/#breadcrumb\"},\"inLanguage\":\"es-CO\",\"potentialAction\":[{\"@type\":\"ReadAction\",\"target\":[\"https:\\\/\\\/www.repam.net\\\/es\\\/ecuador-orellana-marcha-en-contra-de-la-mineria-ilegal\\\/\"]}]},{\"@type\":\"ImageObject\",\"inLanguage\":\"es-CO\",\"@id\":\"https:\\\/\\\/www.repam.net\\\/es\\\/ecuador-orellana-marcha-en-contra-de-la-mineria-ilegal\\\/#primaryimage\",\"url\":\"https:\\\/\\\/www.repam.net\\\/es\\\/wp-content\\\/uploads\\\/2023\\\/03\\\/marcha-Orellana-3-1024x576-Mineria-Ilegal.jpg\",\"contentUrl\":\"https:\\\/\\\/www.repam.net\\\/es\\\/wp-content\\\/uploads\\\/2023\\\/03\\\/marcha-Orellana-3-1024x576-Mineria-Ilegal.jpg\",\"width\":1024,\"height\":576},{\"@type\":\"BreadcrumbList\",\"@id\":\"https:\\\/\\\/www.repam.net\\\/es\\\/ecuador-orellana-marcha-en-contra-de-la-mineria-ilegal\\\/#breadcrumb\",\"itemListElement\":[{\"@type\":\"ListItem\",\"position\":1,\"name\":\"Inicio\",\"item\":\"https:\\\/\\\/www.repam.net\\\/es\\\/\"},{\"@type\":\"ListItem\",\"position\":2,\"name\":\"Ecuador: Orellana marcha en contra de la miner\u00eda ilegal\"}]},{\"@type\":\"WebSite\",\"@id\":\"https:\\\/\\\/www.repam.net\\\/es\\\/#website\",\"url\":\"https:\\\/\\\/www.repam.net\\\/es\\\/\",\"name\":\"REPAM\",\"description\":\"Red Eclesial Panamaz\u00f3nica\",\"publisher\":{\"@id\":\"https:\\\/\\\/www.repam.net\\\/es\\\/#organization\"},\"potentialAction\":[{\"@type\":\"SearchAction\",\"target\":{\"@type\":\"EntryPoint\",\"urlTemplate\":\"https:\\\/\\\/www.repam.net\\\/es\\\/?s={search_term_string}\"},\"query-input\":{\"@type\":\"PropertyValueSpecification\",\"valueRequired\":true,\"valueName\":\"search_term_string\"}}],\"inLanguage\":\"es-CO\"},{\"@type\":\"Organization\",\"@id\":\"https:\\\/\\\/www.repam.net\\\/es\\\/#organization\",\"name\":\"REPAM\",\"url\":\"https:\\\/\\\/www.repam.net\\\/es\\\/\",\"logo\":{\"@type\":\"ImageObject\",\"inLanguage\":\"es-CO\",\"@id\":\"https:\\\/\\\/www.repam.net\\\/es\\\/#\\\/schema\\\/logo\\\/image\\\/\",\"url\":\"https:\\\/\\\/www.repam.net\\\/es\\\/wp-content\\\/uploads\\\/2021\\\/11\\\/cropped-favicon.png\",\"contentUrl\":\"https:\\\/\\\/www.repam.net\\\/es\\\/wp-content\\\/uploads\\\/2021\\\/11\\\/cropped-favicon.png\",\"width\":512,\"height\":512,\"caption\":\"REPAM\"},\"image\":{\"@id\":\"https:\\\/\\\/www.repam.net\\\/es\\\/#\\\/schema\\\/logo\\\/image\\\/\"}},{\"@type\":\"Person\",\"@id\":\"https:\\\/\\\/www.repam.net\\\/es\\\/#\\\/schema\\\/person\\\/0c828bf04cf1abe6016cbe752c76a033\",\"name\":\"repam@adm\",\"image\":{\"@type\":\"ImageObject\",\"inLanguage\":\"es-CO\",\"@id\":\"https:\\\/\\\/secure.gravatar.com\\\/avatar\\\/b18234ea6de5d74563e52ca7bfdad9d2b029b514c935b38a2790717abf8f2e5f?s=96&d=mm&r=g\",\"url\":\"https:\\\/\\\/secure.gravatar.com\\\/avatar\\\/b18234ea6de5d74563e52ca7bfdad9d2b029b514c935b38a2790717abf8f2e5f?s=96&d=mm&r=g\",\"contentUrl\":\"https:\\\/\\\/secure.gravatar.com\\\/avatar\\\/b18234ea6de5d74563e52ca7bfdad9d2b029b514c935b38a2790717abf8f2e5f?s=96&d=mm&r=g\",\"caption\":\"repam@adm\"},\"sameAs\":[\"http:\\\/\\\/repam.net\"],\"url\":\"https:\\\/\\\/www.repam.net\\\/es\\\/author\\\/repamadm\\\/\"}]}<\/script>\n<!-- \/ Yoast SEO plugin. -->","yoast_head_json":{"title":"Ecuador: Orellana marcha en contra de la miner\u00eda ilegal - REPAM","robots":{"index":"index","follow":"follow","max-snippet":"max-snippet:-1","max-image-preview":"max-image-preview:large","max-video-preview":"max-video-preview:-1"},"canonical":"https:\/\/www.repam.net\/es\/ecuador-orellana-marcha-en-contra-de-la-mineria-ilegal\/","og_locale":"es_ES","og_type":"article","og_title":"Ecuador: Orellana marcha en contra de la miner\u00eda ilegal - REPAM","og_description":"El Vicariato Apost\u00f3lico de Aguarico, la Pastoral Social C\u00e1ritas, organizaciones sociales, religiosas\/os, mujeres, j\u00f3venes y lideres de las comunidades afectadas por los derrames de petr\u00f3leo y la miner\u00eda ilegal,&nbsp;protagonizaron este viernes 10 de marzo una marcha en defensa de la vida y en contra de la miner\u00eda ilegal. Por Myriam Carre\u00f1o \/ C\u00e1ritas Ecuador La [&hellip;]","og_url":"https:\/\/www.repam.net\/es\/ecuador-orellana-marcha-en-contra-de-la-mineria-ilegal\/","og_site_name":"REPAM","article_published_time":"2023-03-10T22:05:34+00:00","article_modified_time":"2023-03-10T22:05:56+00:00","og_image":[{"width":1024,"height":576,"url":"https:\/\/www.repam.net\/es\/wp-content\/uploads\/2023\/03\/marcha-Orellana-3-1024x576-Mineria-Ilegal.jpg","type":"image\/jpeg"}],"author":"repam@adm","twitter_card":"summary_large_image","twitter_misc":{"Escrito por":"repam@adm","Tiempo de lectura":"3 minutos"},"schema":{"@context":"https:\/\/schema.org","@graph":[{"@type":"Article","@id":"https:\/\/www.repam.net\/es\/ecuador-orellana-marcha-en-contra-de-la-mineria-ilegal\/#article","isPartOf":{"@id":"https:\/\/www.repam.net\/es\/ecuador-orellana-marcha-en-contra-de-la-mineria-ilegal\/"},"author":{"name":"repam@adm","@id":"https:\/\/www.repam.net\/es\/#\/schema\/person\/0c828bf04cf1abe6016cbe752c76a033"},"headline":"Ecuador: Orellana marcha en contra de la miner\u00eda ilegal","datePublished":"2023-03-10T22:05:34+00:00","dateModified":"2023-03-10T22:05:56+00:00","mainEntityOfPage":{"@id":"https:\/\/www.repam.net\/es\/ecuador-orellana-marcha-en-contra-de-la-mineria-ilegal\/"},"wordCount":526,"publisher":{"@id":"https:\/\/www.repam.net\/es\/#organization"},"image":{"@id":"https:\/\/www.repam.net\/es\/ecuador-orellana-marcha-en-contra-de-la-mineria-ilegal\/#primaryimage"},"thumbnailUrl":"https:\/\/www.repam.net\/es\/wp-content\/uploads\/2023\/03\/marcha-Orellana-3-1024x576-Mineria-Ilegal.jpg","keywords":["defensa de la vida","Ecuador","extractivismo","Miner\u00eda Ilegal","pueblos amaz\u00f3nicos","Vicariato de Aguarico"],"articleSection":["Derechos Humanos","Ecuador","Extractivismo","Noticias"],"inLanguage":"es-CO"},{"@type":"WebPage","@id":"https:\/\/www.repam.net\/es\/ecuador-orellana-marcha-en-contra-de-la-mineria-ilegal\/","url":"https:\/\/www.repam.net\/es\/ecuador-orellana-marcha-en-contra-de-la-mineria-ilegal\/","name":"Ecuador: Orellana marcha en contra de la miner\u00eda ilegal - REPAM","isPartOf":{"@id":"https:\/\/www.repam.net\/es\/#website"},"primaryImageOfPage":{"@id":"https:\/\/www.repam.net\/es\/ecuador-orellana-marcha-en-contra-de-la-mineria-ilegal\/#primaryimage"},"image":{"@id":"https:\/\/www.repam.net\/es\/ecuador-orellana-marcha-en-contra-de-la-mineria-ilegal\/#primaryimage"},"thumbnailUrl":"https:\/\/www.repam.net\/es\/wp-content\/uploads\/2023\/03\/marcha-Orellana-3-1024x576-Mineria-Ilegal.jpg","datePublished":"2023-03-10T22:05:34+00:00","dateModified":"2023-03-10T22:05:56+00:00","breadcrumb":{"@id":"https:\/\/www.repam.net\/es\/ecuador-orellana-marcha-en-contra-de-la-mineria-ilegal\/#breadcrumb"},"inLanguage":"es-CO","potentialAction":[{"@type":"ReadAction","target":["https:\/\/www.repam.net\/es\/ecuador-orellana-marcha-en-contra-de-la-mineria-ilegal\/"]}]},{"@type":"ImageObject","inLanguage":"es-CO","@id":"https:\/\/www.repam.net\/es\/ecuador-orellana-marcha-en-contra-de-la-mineria-ilegal\/#primaryimage","url":"https:\/\/www.repam.net\/es\/wp-content\/uploads\/2023\/03\/marcha-Orellana-3-1024x576-Mineria-Ilegal.jpg","contentUrl":"https:\/\/www.repam.net\/es\/wp-content\/uploads\/2023\/03\/marcha-Orellana-3-1024x576-Mineria-Ilegal.jpg","width":1024,"height":576},{"@type":"BreadcrumbList","@id":"https:\/\/www.repam.net\/es\/ecuador-orellana-marcha-en-contra-de-la-mineria-ilegal\/#breadcrumb","itemListElement":[{"@type":"ListItem","position":1,"name":"Inicio","item":"https:\/\/www.repam.net\/es\/"},{"@type":"ListItem","position":2,"name":"Ecuador: Orellana marcha en contra de la miner\u00eda ilegal"}]},{"@type":"WebSite","@id":"https:\/\/www.repam.net\/es\/#website","url":"https:\/\/www.repam.net\/es\/","name":"REPAM","description":"Red Eclesial Panamaz\u00f3nica","publisher":{"@id":"https:\/\/www.repam.net\/es\/#organization"},"potentialAction":[{"@type":"SearchAction","target":{"@type":"EntryPoint","urlTemplate":"https:\/\/www.repam.net\/es\/?s={search_term_string}"},"query-input":{"@type":"PropertyValueSpecification","valueRequired":true,"valueName":"search_term_string"}}],"inLanguage":"es-CO"},{"@type":"Organization","@id":"https:\/\/www.repam.net\/es\/#organization","name":"REPAM","url":"https:\/\/www.repam.net\/es\/","logo":{"@type":"ImageObject","inLanguage":"es-CO","@id":"https:\/\/www.repam.net\/es\/#\/schema\/logo\/image\/","url":"https:\/\/www.repam.net\/es\/wp-content\/uploads\/2021\/11\/cropped-favicon.png","contentUrl":"https:\/\/www.repam.net\/es\/wp-content\/uploads\/2021\/11\/cropped-favicon.png","width":512,"height":512,"caption":"REPAM"},"image":{"@id":"https:\/\/www.repam.net\/es\/#\/schema\/logo\/image\/"}},{"@type":"Person","@id":"https:\/\/www.repam.net\/es\/#\/schema\/person\/0c828bf04cf1abe6016cbe752c76a033","name":"repam@adm","image":{"@type":"ImageObject","inLanguage":"es-CO","@id":"https:\/\/secure.gravatar.com\/avatar\/b18234ea6de5d74563e52ca7bfdad9d2b029b514c935b38a2790717abf8f2e5f?s=96&d=mm&r=g","url":"https:\/\/secure.gravatar.com\/avatar\/b18234ea6de5d74563e52ca7bfdad9d2b029b514c935b38a2790717abf8f2e5f?s=96&d=mm&r=g","contentUrl":"https:\/\/secure.gravatar.com\/avatar\/b18234ea6de5d74563e52ca7bfdad9d2b029b514c935b38a2790717abf8f2e5f?s=96&d=mm&r=g","caption":"repam@adm"},"sameAs":["http:\/\/repam.net"],"url":"https:\/\/www.repam.net\/es\/author\/repamadm\/"}]}},"_links":{"self":[{"href":"https:\/\/www.repam.net\/es\/wp-json\/wp\/v2\/posts\/9744","targetHints":{"allow":["GET"]}}],"collection":[{"href":"https:\/\/www.repam.net\/es\/wp-json\/wp\/v2\/posts"}],"about":[{"href":"https:\/\/www.repam.net\/es\/wp-json\/wp\/v2\/types\/post"}],"author":[{"embeddable":true,"href":"https:\/\/www.repam.net\/es\/wp-json\/wp\/v2\/users\/1"}],"replies":[{"embeddable":true,"href":"https:\/\/www.repam.net\/es\/wp-json\/wp\/v2\/comments?post=9744"}],"version-history":[{"count":2,"href":"https:\/\/www.repam.net\/es\/wp-json\/wp\/v2\/posts\/9744\/revisions"}],"predecessor-version":[{"id":9748,"href":"https:\/\/www.repam.net\/es\/wp-json\/wp\/v2\/posts\/9744\/revisions\/9748"}],"wp:featuredmedia":[{"embeddable":true,"href":"https:\/\/www.repam.net\/es\/wp-json\/wp\/v2\/media\/9745"}],"wp:attachment":[{"href":"https:\/\/www.repam.net\/es\/wp-json\/wp\/v2\/media?parent=9744"}],"wp:term":[{"taxonomy":"category","embeddable":true,"href":"https:\/\/www.repam.net\/es\/wp-json\/wp\/v2\/categories?post=9744"},{"taxonomy":"post_tag","embeddable":true,"href":"https:\/\/www.repam.net\/es\/wp-json\/wp\/v2\/tags?post=9744"}],"curies":[{"name":"wp","href":"https:\/\/api.w.org\/{rel}","templated":true}]}}