{"id":9855,"date":"2023-03-22T13:11:05","date_gmt":"2023-03-22T18:11:05","guid":{"rendered":"https:\/\/www.repam.net\/es\/?p=9855"},"modified":"2023-03-22T13:12:48","modified_gmt":"2023-03-22T18:12:48","slug":"delegaciones-de-la-amazonia-participan-en-la-conferencia-del-agua-de-la-onu","status":"publish","type":"post","link":"https:\/\/www.repam.net\/es\/delegaciones-de-la-amazonia-participan-en-la-conferencia-del-agua-de-la-onu\/","title":{"rendered":"Delegaciones de la Amazon\u00eda participan en la Conferencia del Agua de la ONU"},"content":{"rendered":"<div class=\"wp-block-image\">\n<figure class=\"aligncenter size-large\"><img loading=\"lazy\" decoding=\"async\" width=\"1024\" height=\"437\" src=\"https:\/\/www.repam.net\/es\/wp-content\/uploads\/2023\/03\/Conferencia-Agua-ONU-2023-1024x437.jpg\" alt=\"\" class=\"wp-image-9865\" srcset=\"https:\/\/www.repam.net\/es\/wp-content\/uploads\/2023\/03\/Conferencia-Agua-ONU-2023-1024x437.jpg 1024w, https:\/\/www.repam.net\/es\/wp-content\/uploads\/2023\/03\/Conferencia-Agua-ONU-2023-300x128.jpg 300w, https:\/\/www.repam.net\/es\/wp-content\/uploads\/2023\/03\/Conferencia-Agua-ONU-2023-768x328.jpg 768w, https:\/\/www.repam.net\/es\/wp-content\/uploads\/2023\/03\/Conferencia-Agua-ONU-2023.jpg 1346w\" sizes=\"auto, (max-width: 1024px) 100vw, 1024px\" \/><\/figure>\n<\/div>\n\n\n<blockquote class=\"wp-block-quote is-layout-flow wp-block-quote-is-layout-flow\">\n<p>REPAM, CEAMA, PUAM, Red AUSJAL, ACQUAS y Universidad del Agua se unen para visibilizar y presentar las propuestas de las personas y comunidades vulneradas de la Amazon\u00eda respecto al acceso a agua limpia para toda la humanidad.<\/p>\n<\/blockquote>\n\n\n\n<p><strong><em>Por Comunicaciones REPAM<\/em><\/strong><\/p>\n\n\n\n<p>La <a href=\"https:\/\/sdgs.un.org\/es\/conferences\/water2023?_gl=1*kx0bml*_ga*MTEyMTU4NDMyOS4xNjc3NjEwNzky*_ga_TK9BQL5X7Z*MTY3OTQyODAxOS4xLjAuMTY3OTQyODAxOS4wLjAuMA..\" target=\"_blank\" rel=\"noreferrer noopener\">Conferencia de las Naciones Unidas sobre el Agua 2023<\/a>, se realiza del 22 al 24 de marzo en Nueva York, para agilizar el cambio necesario para resolver la crisis del agua y el saneamiento en el mundo. Seg\u00fan la p\u00e1gina oficial de la ONU, \u201cla conferencia ser\u00e1 una oportunidad \u00fanica para&nbsp;buscar soluciones&nbsp;a la crisis actual del agua y el saneamiento\u201d.<\/p>\n\n\n\n<p>En esta oportunidad, \u201clos gobiernos&nbsp;y toda la sociedad interesada en el tema se unir\u00e1n en este evento para asumir compromisos voluntarios que aceleren&nbsp;el progreso en el Objetivo de Desarrollo Sostenible 6 (Agua limpia y saneamiento)&nbsp;y otras metas relacionadas con el agua acordadas&nbsp;internacionalmente\u201d. La iniciativa busca que estos compromisos asumidos conformen \u201cla llamada Agenda de Acci\u00f3n del Agua, un plan r\u00e1pido y transformador en el que tambi\u00e9n puede estar reflejada tu acci\u00f3n individual\u201d.<\/p>\n\n\n\n<h5 class=\"wp-block-heading\"><strong>Amazon\u00eda en defensa del agua<\/strong><\/h5>\n\n\n\n<p>Desde hace algunos a\u00f1os, el Vaticano est\u00e1 haciendo un intenso trabajo de reflexi\u00f3n y movilizaci\u00f3n internacional sobre el acceso al agua, con presencia de l\u00edderes y lideresas de los territorios m\u00e1s amenazados de los cinco continentes, entre ellos, de la Amazon\u00eda.<\/p>\n\n\n\n<p>Unidos en esta causa, la delegaci\u00f3n de la Amazon\u00eda participar\u00e1 de la Conferencia del Agua de la ONU con representantes de la Red Eclesial Panamaz\u00f3nica (REPAM), la Conferencia Eclesial de la Amazon\u00eda (CEAMA) y del Programa Universitario Amaz\u00f3nico (PUAM), en alianza con la Red AUSJAL (red de 30 universidades confiadas a la Compa\u00f1\u00eda de Jes\u00fas en Am\u00e9rica Latina), Instituto del Agua y el Saneamiento (m\u00e1s conocido como la Universidad del Agua en Argentina) y ACQUAS (Programa Internacional del Agua del Instituto para el Di\u00e1logo Global y la Cultura del Encuentro).<\/p>\n\n\n<div class=\"wp-block-image\">\n<figure class=\"aligncenter size-large\"><img loading=\"lazy\" decoding=\"async\" width=\"1024\" height=\"768\" src=\"https:\/\/www.repam.net\/es\/wp-content\/uploads\/2023\/03\/Conferencia-del-Agua-2023-1024x768.jpg\" alt=\"\" class=\"wp-image-9856\" srcset=\"https:\/\/www.repam.net\/es\/wp-content\/uploads\/2023\/03\/Conferencia-del-Agua-2023-1024x768.jpg 1024w, https:\/\/www.repam.net\/es\/wp-content\/uploads\/2023\/03\/Conferencia-del-Agua-2023-300x225.jpg 300w, https:\/\/www.repam.net\/es\/wp-content\/uploads\/2023\/03\/Conferencia-del-Agua-2023-768x576.jpg 768w, https:\/\/www.repam.net\/es\/wp-content\/uploads\/2023\/03\/Conferencia-del-Agua-2023-1536x1152.jpg 1536w, https:\/\/www.repam.net\/es\/wp-content\/uploads\/2023\/03\/Conferencia-del-Agua-2023.jpg 1600w\" sizes=\"auto, (max-width: 1024px) 100vw, 1024px\" \/><figcaption class=\"wp-element-caption\">Delegaci\u00f3n presencial de REPAM, CEAMA y PUAM en la Conferencia del Agua ONU 2023 &#8211; Foto: Sonia Olea\/REPAM<\/figcaption><\/figure>\n<\/div>\n\n\n<p>Entre los objetivos est\u00e1 visibilizar las propuestas de las personas y comunidades vulneradas en la Amazon\u00eda respecto al acceso a agua limpia presentadas ante Naciones Unidas en 2021 y que forman parte del Informe del Relator de Naciones Unidas para una agua limpia sobre pueblos ind\u00edgenas y agua. Algunas de estas propuestas est\u00e1n en el II Informe de Vulneraci\u00f3n de DDHH de la REPAM, presentado ante las Naciones Unidas el pasado mes de noviembre 2022, en Ginebra.<\/p>\n\n\n\n<h5 class=\"wp-block-heading\"><strong>Amazon\u00eda en la Conferencia del Agua<\/strong><\/h5>\n\n\n\n<p>En el marco del d\u00eda internacional de agua, cuyo tema para este a\u00f1o es \u201cAgua para todos: no dejar a nadie atr\u00e1s\u201d, la Amazon\u00eda participar\u00e1 en diversos espacios en la Conferencia del Agua, :<\/p>\n\n\n\n<p>El 23 de marzo a las 12:30 (hora de Nueva York), se llevar\u00e1 a cabo el <strong>Side Event<\/strong> animado por FUTRASAFODE en alianza con diversas instituciones, entre ellas CEAMA y PUAM, con el tema \u201c<a href=\"https:\/\/www.futrasafode.org\/inicio\/2023\/03\/07\/conferencia-agua\/\" target=\"_blank\" rel=\"noreferrer noopener\">Agua y Esperanza: Experiencias y Desaf\u00edos para la Promoci\u00f3n del Desarrollo Sostenible y el Cuidado de la Casa Com\u00fan<\/a>\u201d. Entre los participantes estar\u00e1 el cardenal Pedro Barreto, presidente de la CEAMA. Durante el evento se compartir\u00e1 un mensaje especial del Papa Francisco.<\/p>\n\n\n\n<p>Este mismo 23 de marzo a las 14:00, la ind\u00edgena Rosita Silvano Cuscchinchinari, defensora y lideresa del pueblo Yine y alumna de la III Escuela de Derechos Humanos de la REPAM de 2022, presenta el caso de la cuenca del r\u00edo Las Piedras, de Madre de Dios, Per\u00fa. Ella participa en el <strong>Side Event <\/strong>oficial de la Conferencia, organizado por el Mining Workin Group \u2013 MWG, con el tema: \u201c<a href=\"https:\/\/www.waterspirit.org\/events-calendar\/2023\/3\/23\/impacts-of-extractives-on-water-and-the-environment-protection-and-accountability-through-a-human-rights-framework\" target=\"_blank\" rel=\"noreferrer noopener\">Impactos de las industrias extractivas en el agua y el medio ambiente: protecci\u00f3n y rendici\u00f3n de cuentas a trav\u00e9s de un marco de derechos humanos<\/a>\u201d.<\/p>\n\n\n\n<p>En la ma\u00f1ana del 24 de marzo, a las 8:30, la REPAM tambi\u00e9n participar\u00e1 en la Conferencia con la presencia de Carol Jeri, jurista de C\u00e1ritas Madre de Dios, que acompa\u00f1a el caso de la Cuenca del R\u00edo las Piedras (Per\u00fa), que fue alumna de la 2\u00aa Escuela de DDHH de la REPAM y coanimadora del M\u00f3dulo de Incidencia de la III Escuela realizada el pasado mes de julio en Manaos. Este <strong>evento paralelo <\/strong>es coordinado por Pax Christi Internacional, Catholic Nonviolence Initiative y Proclade Internazionale Onlus: \u201c<a href=\"https:\/\/us02web.zoom.us\/meeting\/register\/tZcrcO-rrD4iEtbCTjxknxXuoeqiIt6jWT24\" target=\"_blank\" rel=\"noreferrer noopener\">Agua y desarrollo integral de las comunidades: retos y propuestas<\/a>\u201d.<\/p>\n\n\n\n<div class=\"wp-block-columns is-layout-flex wp-container-core-columns-is-layout-9d6595d7 wp-block-columns-is-layout-flex\">\n<div class=\"wp-block-column is-layout-flow wp-block-column-is-layout-flow\">\n<figure class=\"wp-block-image size-large\"><img loading=\"lazy\" decoding=\"async\" width=\"672\" height=\"1024\" src=\"https:\/\/www.repam.net\/es\/wp-content\/uploads\/2023\/03\/2023.-Agua-futrasafode-2-672x1024.jpg\" alt=\"\" class=\"wp-image-9860\" srcset=\"https:\/\/www.repam.net\/es\/wp-content\/uploads\/2023\/03\/2023.-Agua-futrasafode-2-672x1024.jpg 672w, https:\/\/www.repam.net\/es\/wp-content\/uploads\/2023\/03\/2023.-Agua-futrasafode-2-197x300.jpg 197w, https:\/\/www.repam.net\/es\/wp-content\/uploads\/2023\/03\/2023.-Agua-futrasafode-2.jpg 738w\" sizes=\"auto, (max-width: 672px) 100vw, 672px\" \/><\/figure>\n<\/div>\n\n\n\n<div class=\"wp-block-column is-layout-flow wp-block-column-is-layout-flow\">\n<figure class=\"wp-block-image size-large\"><img loading=\"lazy\" decoding=\"async\" width=\"791\" height=\"1024\" src=\"https:\/\/www.repam.net\/es\/wp-content\/uploads\/2023\/03\/2023UNWaterConferenceSideEventPoster-791x1024.png\" alt=\"\" class=\"wp-image-9858\" srcset=\"https:\/\/www.repam.net\/es\/wp-content\/uploads\/2023\/03\/2023UNWaterConferenceSideEventPoster-791x1024.png 791w, https:\/\/www.repam.net\/es\/wp-content\/uploads\/2023\/03\/2023UNWaterConferenceSideEventPoster-232x300.png 232w, https:\/\/www.repam.net\/es\/wp-content\/uploads\/2023\/03\/2023UNWaterConferenceSideEventPoster-768x994.png 768w, https:\/\/www.repam.net\/es\/wp-content\/uploads\/2023\/03\/2023UNWaterConferenceSideEventPoster.png 1000w\" sizes=\"auto, (max-width: 791px) 100vw, 791px\" \/><\/figure>\n<\/div>\n\n\n\n<div class=\"wp-block-column is-layout-flow wp-block-column-is-layout-flow\">\n<figure class=\"wp-block-image size-full\"><img loading=\"lazy\" decoding=\"async\" width=\"631\" height=\"838\" src=\"https:\/\/www.repam.net\/es\/wp-content\/uploads\/2023\/03\/2023.-Pax-Christi.jpg\" alt=\"\" class=\"wp-image-9857\" srcset=\"https:\/\/www.repam.net\/es\/wp-content\/uploads\/2023\/03\/2023.-Pax-Christi.jpg 631w, https:\/\/www.repam.net\/es\/wp-content\/uploads\/2023\/03\/2023.-Pax-Christi-226x300.jpg 226w\" sizes=\"auto, (max-width: 631px) 100vw, 631px\" \/><\/figure>\n<\/div>\n<\/div>\n\n\n\n<h5 class=\"wp-block-heading\"><strong>Incidencia Internacional<\/strong><\/h5>\n\n\n\n<p>En el marco de la Conferencia del Agua de Naciones Unidas 2023, las delegaciones de REPAM, CEAMA y PUAM estar\u00e1n participando en espacios relevantes de incidencia internacional, tales como reuniones con <strong>relatores especiales de Naciones Unidas<\/strong> para los derechos de los Pueblos Ind\u00edgenas y para el agua potable y el saneamiento; reuni\u00f3n con la <strong>Holy See<\/strong> ante Naciones Unidas; encuentros con<strong> comunidades cristianas<\/strong>; encuentro con la OEA (Organizaci\u00f3n de Estados Americanos), \u00e1rea de pueblos ind\u00edgenas; jornada de trabajo con el <strong><a href=\"https:\/\/twitter.com\/NGOMWG\" target=\"_blank\" rel=\"noreferrer noopener\">Mining Working Group<\/a>,<\/strong> que une a congregaciones cat\u00f3licas miembros del ECOSOC de Naciones Unidas, con las que REPAM viene trabajando en alianza desde 2014.<\/p>\n","protected":false},"excerpt":{"rendered":"<p>REPAM, CEAMA, PUAM, Red AUSJAL, ACQUAS y Universidad del Agua se unen para visibilizar y presentar las propuestas de las personas y comunidades vulneradas de la Amazon\u00eda respecto al acceso a agua limpia para toda la humanidad. Por Comunicaciones REPAM La Conferencia de las Naciones Unidas sobre el Agua 2023, se realiza del 22 al [&hellip;]<\/p>\n","protected":false},"author":1,"featured_media":9856,"comment_status":"closed","ping_status":"closed","sticky":false,"template":"","format":"standard","meta":{"_acf_changed":false,"_uf_show_specific_survey":0,"_uf_disable_surveys":false,"footnotes":""},"categories":[98,4],"tags":[250,50,93,362,350,1220,9],"class_list":["post-9855","post","type-post","status-publish","format-standard","has-post-thumbnail","hentry","category-derechos-humanos","category-noticias","tag-agua","tag-ausjal","tag-ceama","tag-derecho-al-agua","tag-onu","tag-puam","tag-repam"],"acf":[],"aioseo_notices":[],"yoast_head":"<!-- This site is optimized with the Yoast SEO plugin v27.5 - https:\/\/yoast.com\/product\/yoast-seo-wordpress\/ -->\n<title>Delegaciones de la Amazon\u00eda participan en la Conferencia del Agua de la ONU - REPAM<\/title>\n<meta name=\"robots\" content=\"index, follow, max-snippet:-1, max-image-preview:large, max-video-preview:-1\" \/>\n<link rel=\"canonical\" href=\"https:\/\/www.repam.net\/es\/delegaciones-de-la-amazonia-participan-en-la-conferencia-del-agua-de-la-onu\/\" \/>\n<meta property=\"og:locale\" content=\"es_ES\" \/>\n<meta property=\"og:type\" content=\"article\" \/>\n<meta property=\"og:title\" content=\"Delegaciones de la Amazon\u00eda participan en la Conferencia del Agua de la ONU - REPAM\" \/>\n<meta property=\"og:description\" content=\"REPAM, CEAMA, PUAM, Red AUSJAL, ACQUAS y Universidad del Agua se unen para visibilizar y presentar las propuestas de las personas y comunidades vulneradas de la Amazon\u00eda respecto al acceso a agua limpia para toda la humanidad. Por Comunicaciones REPAM La Conferencia de las Naciones Unidas sobre el Agua 2023, se realiza del 22 al [&hellip;]\" \/>\n<meta property=\"og:url\" content=\"https:\/\/www.repam.net\/es\/delegaciones-de-la-amazonia-participan-en-la-conferencia-del-agua-de-la-onu\/\" \/>\n<meta property=\"og:site_name\" content=\"REPAM\" \/>\n<meta property=\"article:published_time\" content=\"2023-03-22T18:11:05+00:00\" \/>\n<meta property=\"article:modified_time\" content=\"2023-03-22T18:12:48+00:00\" \/>\n<meta property=\"og:image\" content=\"https:\/\/www.repam.net\/es\/wp-content\/uploads\/2023\/03\/Conferencia-del-Agua-2023.jpg\" \/>\n\t<meta property=\"og:image:width\" content=\"1600\" \/>\n\t<meta property=\"og:image:height\" content=\"1200\" \/>\n\t<meta property=\"og:image:type\" content=\"image\/jpeg\" \/>\n<meta name=\"author\" content=\"repam@adm\" \/>\n<meta name=\"twitter:card\" content=\"summary_large_image\" \/>\n<meta name=\"twitter:label1\" content=\"Escrito por\" \/>\n\t<meta name=\"twitter:data1\" content=\"repam@adm\" \/>\n\t<meta name=\"twitter:label2\" content=\"Tiempo de lectura\" \/>\n\t<meta name=\"twitter:data2\" content=\"5 minutos\" \/>\n<script type=\"application\/ld+json\" class=\"yoast-schema-graph\">{\"@context\":\"https:\\\/\\\/schema.org\",\"@graph\":[{\"@type\":\"Article\",\"@id\":\"https:\\\/\\\/www.repam.net\\\/es\\\/delegaciones-de-la-amazonia-participan-en-la-conferencia-del-agua-de-la-onu\\\/#article\",\"isPartOf\":{\"@id\":\"https:\\\/\\\/www.repam.net\\\/es\\\/delegaciones-de-la-amazonia-participan-en-la-conferencia-del-agua-de-la-onu\\\/\"},\"author\":{\"name\":\"repam@adm\",\"@id\":\"https:\\\/\\\/www.repam.net\\\/es\\\/#\\\/schema\\\/person\\\/0c828bf04cf1abe6016cbe752c76a033\"},\"headline\":\"Delegaciones de la Amazon\u00eda participan en la Conferencia del Agua de la ONU\",\"datePublished\":\"2023-03-22T18:11:05+00:00\",\"dateModified\":\"2023-03-22T18:12:48+00:00\",\"mainEntityOfPage\":{\"@id\":\"https:\\\/\\\/www.repam.net\\\/es\\\/delegaciones-de-la-amazonia-participan-en-la-conferencia-del-agua-de-la-onu\\\/\"},\"wordCount\":879,\"publisher\":{\"@id\":\"https:\\\/\\\/www.repam.net\\\/es\\\/#organization\"},\"image\":{\"@id\":\"https:\\\/\\\/www.repam.net\\\/es\\\/delegaciones-de-la-amazonia-participan-en-la-conferencia-del-agua-de-la-onu\\\/#primaryimage\"},\"thumbnailUrl\":\"https:\\\/\\\/www.repam.net\\\/es\\\/wp-content\\\/uploads\\\/2023\\\/03\\\/Conferencia-del-Agua-2023.jpg\",\"keywords\":[\"Agua\",\"AUSJAL\",\"CEAMA\",\"Derecho al Agua\",\"ONU\",\"PUAM\",\"REPAM\"],\"articleSection\":[\"Derechos Humanos\",\"Noticias\"],\"inLanguage\":\"es-CO\"},{\"@type\":\"WebPage\",\"@id\":\"https:\\\/\\\/www.repam.net\\\/es\\\/delegaciones-de-la-amazonia-participan-en-la-conferencia-del-agua-de-la-onu\\\/\",\"url\":\"https:\\\/\\\/www.repam.net\\\/es\\\/delegaciones-de-la-amazonia-participan-en-la-conferencia-del-agua-de-la-onu\\\/\",\"name\":\"Delegaciones de la Amazon\u00eda participan en la Conferencia del Agua de la ONU - REPAM\",\"isPartOf\":{\"@id\":\"https:\\\/\\\/www.repam.net\\\/es\\\/#website\"},\"primaryImageOfPage\":{\"@id\":\"https:\\\/\\\/www.repam.net\\\/es\\\/delegaciones-de-la-amazonia-participan-en-la-conferencia-del-agua-de-la-onu\\\/#primaryimage\"},\"image\":{\"@id\":\"https:\\\/\\\/www.repam.net\\\/es\\\/delegaciones-de-la-amazonia-participan-en-la-conferencia-del-agua-de-la-onu\\\/#primaryimage\"},\"thumbnailUrl\":\"https:\\\/\\\/www.repam.net\\\/es\\\/wp-content\\\/uploads\\\/2023\\\/03\\\/Conferencia-del-Agua-2023.jpg\",\"datePublished\":\"2023-03-22T18:11:05+00:00\",\"dateModified\":\"2023-03-22T18:12:48+00:00\",\"breadcrumb\":{\"@id\":\"https:\\\/\\\/www.repam.net\\\/es\\\/delegaciones-de-la-amazonia-participan-en-la-conferencia-del-agua-de-la-onu\\\/#breadcrumb\"},\"inLanguage\":\"es-CO\",\"potentialAction\":[{\"@type\":\"ReadAction\",\"target\":[\"https:\\\/\\\/www.repam.net\\\/es\\\/delegaciones-de-la-amazonia-participan-en-la-conferencia-del-agua-de-la-onu\\\/\"]}]},{\"@type\":\"ImageObject\",\"inLanguage\":\"es-CO\",\"@id\":\"https:\\\/\\\/www.repam.net\\\/es\\\/delegaciones-de-la-amazonia-participan-en-la-conferencia-del-agua-de-la-onu\\\/#primaryimage\",\"url\":\"https:\\\/\\\/www.repam.net\\\/es\\\/wp-content\\\/uploads\\\/2023\\\/03\\\/Conferencia-del-Agua-2023.jpg\",\"contentUrl\":\"https:\\\/\\\/www.repam.net\\\/es\\\/wp-content\\\/uploads\\\/2023\\\/03\\\/Conferencia-del-Agua-2023.jpg\",\"width\":1600,\"height\":1200},{\"@type\":\"BreadcrumbList\",\"@id\":\"https:\\\/\\\/www.repam.net\\\/es\\\/delegaciones-de-la-amazonia-participan-en-la-conferencia-del-agua-de-la-onu\\\/#breadcrumb\",\"itemListElement\":[{\"@type\":\"ListItem\",\"position\":1,\"name\":\"Inicio\",\"item\":\"https:\\\/\\\/www.repam.net\\\/es\\\/\"},{\"@type\":\"ListItem\",\"position\":2,\"name\":\"Delegaciones de la Amazon\u00eda participan en la Conferencia del Agua de la ONU\"}]},{\"@type\":\"WebSite\",\"@id\":\"https:\\\/\\\/www.repam.net\\\/es\\\/#website\",\"url\":\"https:\\\/\\\/www.repam.net\\\/es\\\/\",\"name\":\"REPAM\",\"description\":\"Red Eclesial Panamaz\u00f3nica\",\"publisher\":{\"@id\":\"https:\\\/\\\/www.repam.net\\\/es\\\/#organization\"},\"potentialAction\":[{\"@type\":\"SearchAction\",\"target\":{\"@type\":\"EntryPoint\",\"urlTemplate\":\"https:\\\/\\\/www.repam.net\\\/es\\\/?s={search_term_string}\"},\"query-input\":{\"@type\":\"PropertyValueSpecification\",\"valueRequired\":true,\"valueName\":\"search_term_string\"}}],\"inLanguage\":\"es-CO\"},{\"@type\":\"Organization\",\"@id\":\"https:\\\/\\\/www.repam.net\\\/es\\\/#organization\",\"name\":\"REPAM\",\"url\":\"https:\\\/\\\/www.repam.net\\\/es\\\/\",\"logo\":{\"@type\":\"ImageObject\",\"inLanguage\":\"es-CO\",\"@id\":\"https:\\\/\\\/www.repam.net\\\/es\\\/#\\\/schema\\\/logo\\\/image\\\/\",\"url\":\"https:\\\/\\\/www.repam.net\\\/es\\\/wp-content\\\/uploads\\\/2021\\\/11\\\/cropped-favicon.png\",\"contentUrl\":\"https:\\\/\\\/www.repam.net\\\/es\\\/wp-content\\\/uploads\\\/2021\\\/11\\\/cropped-favicon.png\",\"width\":512,\"height\":512,\"caption\":\"REPAM\"},\"image\":{\"@id\":\"https:\\\/\\\/www.repam.net\\\/es\\\/#\\\/schema\\\/logo\\\/image\\\/\"}},{\"@type\":\"Person\",\"@id\":\"https:\\\/\\\/www.repam.net\\\/es\\\/#\\\/schema\\\/person\\\/0c828bf04cf1abe6016cbe752c76a033\",\"name\":\"repam@adm\",\"image\":{\"@type\":\"ImageObject\",\"inLanguage\":\"es-CO\",\"@id\":\"https:\\\/\\\/secure.gravatar.com\\\/avatar\\\/b18234ea6de5d74563e52ca7bfdad9d2b029b514c935b38a2790717abf8f2e5f?s=96&d=mm&r=g\",\"url\":\"https:\\\/\\\/secure.gravatar.com\\\/avatar\\\/b18234ea6de5d74563e52ca7bfdad9d2b029b514c935b38a2790717abf8f2e5f?s=96&d=mm&r=g\",\"contentUrl\":\"https:\\\/\\\/secure.gravatar.com\\\/avatar\\\/b18234ea6de5d74563e52ca7bfdad9d2b029b514c935b38a2790717abf8f2e5f?s=96&d=mm&r=g\",\"caption\":\"repam@adm\"},\"sameAs\":[\"http:\\\/\\\/repam.net\"],\"url\":\"https:\\\/\\\/www.repam.net\\\/es\\\/author\\\/repamadm\\\/\"}]}<\/script>\n<!-- \/ Yoast SEO plugin. -->","yoast_head_json":{"title":"Delegaciones de la Amazon\u00eda participan en la Conferencia del Agua de la ONU - REPAM","robots":{"index":"index","follow":"follow","max-snippet":"max-snippet:-1","max-image-preview":"max-image-preview:large","max-video-preview":"max-video-preview:-1"},"canonical":"https:\/\/www.repam.net\/es\/delegaciones-de-la-amazonia-participan-en-la-conferencia-del-agua-de-la-onu\/","og_locale":"es_ES","og_type":"article","og_title":"Delegaciones de la Amazon\u00eda participan en la Conferencia del Agua de la ONU - REPAM","og_description":"REPAM, CEAMA, PUAM, Red AUSJAL, ACQUAS y Universidad del Agua se unen para visibilizar y presentar las propuestas de las personas y comunidades vulneradas de la Amazon\u00eda respecto al acceso a agua limpia para toda la humanidad. Por Comunicaciones REPAM La Conferencia de las Naciones Unidas sobre el Agua 2023, se realiza del 22 al [&hellip;]","og_url":"https:\/\/www.repam.net\/es\/delegaciones-de-la-amazonia-participan-en-la-conferencia-del-agua-de-la-onu\/","og_site_name":"REPAM","article_published_time":"2023-03-22T18:11:05+00:00","article_modified_time":"2023-03-22T18:12:48+00:00","og_image":[{"width":1600,"height":1200,"url":"https:\/\/www.repam.net\/es\/wp-content\/uploads\/2023\/03\/Conferencia-del-Agua-2023.jpg","type":"image\/jpeg"}],"author":"repam@adm","twitter_card":"summary_large_image","twitter_misc":{"Escrito por":"repam@adm","Tiempo de lectura":"5 minutos"},"schema":{"@context":"https:\/\/schema.org","@graph":[{"@type":"Article","@id":"https:\/\/www.repam.net\/es\/delegaciones-de-la-amazonia-participan-en-la-conferencia-del-agua-de-la-onu\/#article","isPartOf":{"@id":"https:\/\/www.repam.net\/es\/delegaciones-de-la-amazonia-participan-en-la-conferencia-del-agua-de-la-onu\/"},"author":{"name":"repam@adm","@id":"https:\/\/www.repam.net\/es\/#\/schema\/person\/0c828bf04cf1abe6016cbe752c76a033"},"headline":"Delegaciones de la Amazon\u00eda participan en la Conferencia del Agua de la ONU","datePublished":"2023-03-22T18:11:05+00:00","dateModified":"2023-03-22T18:12:48+00:00","mainEntityOfPage":{"@id":"https:\/\/www.repam.net\/es\/delegaciones-de-la-amazonia-participan-en-la-conferencia-del-agua-de-la-onu\/"},"wordCount":879,"publisher":{"@id":"https:\/\/www.repam.net\/es\/#organization"},"image":{"@id":"https:\/\/www.repam.net\/es\/delegaciones-de-la-amazonia-participan-en-la-conferencia-del-agua-de-la-onu\/#primaryimage"},"thumbnailUrl":"https:\/\/www.repam.net\/es\/wp-content\/uploads\/2023\/03\/Conferencia-del-Agua-2023.jpg","keywords":["Agua","AUSJAL","CEAMA","Derecho al Agua","ONU","PUAM","REPAM"],"articleSection":["Derechos Humanos","Noticias"],"inLanguage":"es-CO"},{"@type":"WebPage","@id":"https:\/\/www.repam.net\/es\/delegaciones-de-la-amazonia-participan-en-la-conferencia-del-agua-de-la-onu\/","url":"https:\/\/www.repam.net\/es\/delegaciones-de-la-amazonia-participan-en-la-conferencia-del-agua-de-la-onu\/","name":"Delegaciones de la Amazon\u00eda participan en la Conferencia del Agua de la ONU - REPAM","isPartOf":{"@id":"https:\/\/www.repam.net\/es\/#website"},"primaryImageOfPage":{"@id":"https:\/\/www.repam.net\/es\/delegaciones-de-la-amazonia-participan-en-la-conferencia-del-agua-de-la-onu\/#primaryimage"},"image":{"@id":"https:\/\/www.repam.net\/es\/delegaciones-de-la-amazonia-participan-en-la-conferencia-del-agua-de-la-onu\/#primaryimage"},"thumbnailUrl":"https:\/\/www.repam.net\/es\/wp-content\/uploads\/2023\/03\/Conferencia-del-Agua-2023.jpg","datePublished":"2023-03-22T18:11:05+00:00","dateModified":"2023-03-22T18:12:48+00:00","breadcrumb":{"@id":"https:\/\/www.repam.net\/es\/delegaciones-de-la-amazonia-participan-en-la-conferencia-del-agua-de-la-onu\/#breadcrumb"},"inLanguage":"es-CO","potentialAction":[{"@type":"ReadAction","target":["https:\/\/www.repam.net\/es\/delegaciones-de-la-amazonia-participan-en-la-conferencia-del-agua-de-la-onu\/"]}]},{"@type":"ImageObject","inLanguage":"es-CO","@id":"https:\/\/www.repam.net\/es\/delegaciones-de-la-amazonia-participan-en-la-conferencia-del-agua-de-la-onu\/#primaryimage","url":"https:\/\/www.repam.net\/es\/wp-content\/uploads\/2023\/03\/Conferencia-del-Agua-2023.jpg","contentUrl":"https:\/\/www.repam.net\/es\/wp-content\/uploads\/2023\/03\/Conferencia-del-Agua-2023.jpg","width":1600,"height":1200},{"@type":"BreadcrumbList","@id":"https:\/\/www.repam.net\/es\/delegaciones-de-la-amazonia-participan-en-la-conferencia-del-agua-de-la-onu\/#breadcrumb","itemListElement":[{"@type":"ListItem","position":1,"name":"Inicio","item":"https:\/\/www.repam.net\/es\/"},{"@type":"ListItem","position":2,"name":"Delegaciones de la Amazon\u00eda participan en la Conferencia del Agua de la ONU"}]},{"@type":"WebSite","@id":"https:\/\/www.repam.net\/es\/#website","url":"https:\/\/www.repam.net\/es\/","name":"REPAM","description":"Red Eclesial Panamaz\u00f3nica","publisher":{"@id":"https:\/\/www.repam.net\/es\/#organization"},"potentialAction":[{"@type":"SearchAction","target":{"@type":"EntryPoint","urlTemplate":"https:\/\/www.repam.net\/es\/?s={search_term_string}"},"query-input":{"@type":"PropertyValueSpecification","valueRequired":true,"valueName":"search_term_string"}}],"inLanguage":"es-CO"},{"@type":"Organization","@id":"https:\/\/www.repam.net\/es\/#organization","name":"REPAM","url":"https:\/\/www.repam.net\/es\/","logo":{"@type":"ImageObject","inLanguage":"es-CO","@id":"https:\/\/www.repam.net\/es\/#\/schema\/logo\/image\/","url":"https:\/\/www.repam.net\/es\/wp-content\/uploads\/2021\/11\/cropped-favicon.png","contentUrl":"https:\/\/www.repam.net\/es\/wp-content\/uploads\/2021\/11\/cropped-favicon.png","width":512,"height":512,"caption":"REPAM"},"image":{"@id":"https:\/\/www.repam.net\/es\/#\/schema\/logo\/image\/"}},{"@type":"Person","@id":"https:\/\/www.repam.net\/es\/#\/schema\/person\/0c828bf04cf1abe6016cbe752c76a033","name":"repam@adm","image":{"@type":"ImageObject","inLanguage":"es-CO","@id":"https:\/\/secure.gravatar.com\/avatar\/b18234ea6de5d74563e52ca7bfdad9d2b029b514c935b38a2790717abf8f2e5f?s=96&d=mm&r=g","url":"https:\/\/secure.gravatar.com\/avatar\/b18234ea6de5d74563e52ca7bfdad9d2b029b514c935b38a2790717abf8f2e5f?s=96&d=mm&r=g","contentUrl":"https:\/\/secure.gravatar.com\/avatar\/b18234ea6de5d74563e52ca7bfdad9d2b029b514c935b38a2790717abf8f2e5f?s=96&d=mm&r=g","caption":"repam@adm"},"sameAs":["http:\/\/repam.net"],"url":"https:\/\/www.repam.net\/es\/author\/repamadm\/"}]}},"_links":{"self":[{"href":"https:\/\/www.repam.net\/es\/wp-json\/wp\/v2\/posts\/9855","targetHints":{"allow":["GET"]}}],"collection":[{"href":"https:\/\/www.repam.net\/es\/wp-json\/wp\/v2\/posts"}],"about":[{"href":"https:\/\/www.repam.net\/es\/wp-json\/wp\/v2\/types\/post"}],"author":[{"embeddable":true,"href":"https:\/\/www.repam.net\/es\/wp-json\/wp\/v2\/users\/1"}],"replies":[{"embeddable":true,"href":"https:\/\/www.repam.net\/es\/wp-json\/wp\/v2\/comments?post=9855"}],"version-history":[{"count":2,"href":"https:\/\/www.repam.net\/es\/wp-json\/wp\/v2\/posts\/9855\/revisions"}],"predecessor-version":[{"id":9866,"href":"https:\/\/www.repam.net\/es\/wp-json\/wp\/v2\/posts\/9855\/revisions\/9866"}],"wp:featuredmedia":[{"embeddable":true,"href":"https:\/\/www.repam.net\/es\/wp-json\/wp\/v2\/media\/9856"}],"wp:attachment":[{"href":"https:\/\/www.repam.net\/es\/wp-json\/wp\/v2\/media?parent=9855"}],"wp:term":[{"taxonomy":"category","embeddable":true,"href":"https:\/\/www.repam.net\/es\/wp-json\/wp\/v2\/categories?post=9855"},{"taxonomy":"post_tag","embeddable":true,"href":"https:\/\/www.repam.net\/es\/wp-json\/wp\/v2\/tags?post=9855"}],"curies":[{"name":"wp","href":"https:\/\/api.w.org\/{rel}","templated":true}]}}