{"id":2001,"date":"2023-01-27T18:43:12","date_gmt":"2023-01-27T21:43:12","guid":{"rendered":"https:\/\/www.repam.net\/pt\/?p=2001"},"modified":"2023-01-27T18:43:13","modified_gmt":"2023-01-27T21:43:13","slug":"ceama-e-repam-se-solidarizam-com-o-povo-yanomami","status":"publish","type":"post","link":"https:\/\/www.repam.net\/pt\/ceama-e-repam-se-solidarizam-com-o-povo-yanomami\/","title":{"rendered":"CEAMA e REPAM se solidarizam com o Povo Yanomami"},"content":{"rendered":"<div class=\"wp-block-image\">\n<figure class=\"aligncenter size-large\"><img decoding=\"async\" src=\"https:\/\/www.repam.net\/pt\/wp-content\/uploads\/2023\/01\/PT.-Solidariedade-Yanomami-1024x576.jpg\" alt=\"\" class=\"wp-image-2002\"\/><\/figure>\n<\/div>\n\n\n<p class=\"has-text-align-right\"><em>Bogot\u00e1 e Manaus, 27 de janeiro de 2023<\/em><\/p>\n\n\n\n<p>A <strong>Confer\u00eancia Eclesial da Amaz\u00f4nia (CEAMA) <\/strong>e a<strong> Rede Eclesial Pan-Amaz\u00f4nica (REPAM), <\/strong>em uni\u00e3o com a Igreja no Brasil, se comprometem a ser aliadas dos povos amaz\u00f4nicos para denunciar os ataques contra a vida das comunidades ind\u00edgenas, os projetos que afetam o meio ambiente, a falta de demarca\u00e7\u00e3o de seus territ\u00f3rios, bem como o modelo econ\u00f4mico de desenvolvimento predat\u00f3rio e ecocida (cf. Documento Final do S\u00ednodo Amaz\u00f4nico, n\u00ba 46). Nossa resposta como Igreja \u00e9 a defesa da vida, da terra e dos direitos dos povos.<\/p>\n\n\n\n<p>Manifestamos nossa profunda <strong>solidariedade e compromisso com o povo Yanomami<\/strong> de Roraima e com as pessoas e institui\u00e7\u00f5es que lutam pela defesa de seus territ\u00f3rios e da vida das pessoas. Fazemos nossas&nbsp;as&nbsp;den\u00fancias e apelos presentes nas mensagens <strong><em>&#8220;Indigna\u00e7\u00e3o e Solidariedade&#8221;<\/em><\/strong><strong> do Regional Norte 1 da Confer\u00eancia Nacional dos Bispos do Brasil (CNBB),<\/strong> no dia 21 de janeiro, e <strong><em>&#8220;Apelo por justi\u00e7a aos Povos Yanomami&#8221;,<\/em><\/strong><strong> publicado pela REPAM-Brasil<\/strong> no dia 23 de janeiro.<\/p>\n\n\n\n<p><strong>Anexamos essas<\/strong> <strong>mensagens na \u00edntegra<\/strong> para pleno conhecimento e divulga\u00e7\u00e3o nos \u00e2mbitos das comunidades brasileira e internacional.<\/p>\n\n\n\n<p>Sonhamos, como o Papa Francisco expressou na exorta\u00e7\u00e3o apost\u00f3lica Querida Amaz\u00f4nia, &#8220;<em>com uma Amaz\u00f4nia que lute pelos direitos dos mais pobres, dos povos nativos, dos \u00faltimos, de modo que a sua voz seja ouvida e sua dignidade promovida&#8230; e que preserve a riqueza cultural que a caracteriza e na qual brilha de maneira t\u00e3o variada a beleza humana<\/em>&#8221; (QA, 7).<\/p>\n\n\n\n<p><strong>Cardeal Pedro Barreto Jimeno<\/strong> &#8211; Presidente da CEAMA<\/p>\n\n\n\n<p><strong>Dom Rafael Cob Garc\u00eda<\/strong> &#8211; Presidente&nbsp;da&nbsp;REPAM<\/p>\n\n\n\n<hr class=\"wp-block-separator has-alpha-channel-opacity\"\/>\n\n\n\n<div class=\"wp-block-columns is-layout-flex wp-container-core-columns-is-layout-9d6595d7 wp-block-columns-is-layout-flex\">\n<div class=\"wp-block-column is-layout-flow wp-block-column-is-layout-flow\">\n<div data-wp-interactive=\"core\/file\" class=\"wp-block-file\"><object data-wp-bind--hidden=\"!state.hasPdfPreview\" hidden class=\"wp-block-file__embed\" data=\"https:\/\/www.repam.net\/pt\/wp-content\/uploads\/2023\/01\/INDIGNACAO-E-SOLIDARIEDADE-POVO-YANOMAMI.pdf\" type=\"application\/pdf\" style=\"width:100%;height:600px\" aria-label=\"Incorporado de CNBB N1.\"><\/object><a id=\"wp-block-file--media-e4c9a988-66c1-4f60-9b5e-6603f26033a1\" href=\"https:\/\/www.repam.net\/pt\/wp-content\/uploads\/2023\/01\/INDIGNACAO-E-SOLIDARIEDADE-POVO-YANOMAMI.pdf\">CNBB N1<\/a><a href=\"https:\/\/www.repam.net\/pt\/wp-content\/uploads\/2023\/01\/INDIGNACAO-E-SOLIDARIEDADE-POVO-YANOMAMI.pdf\" class=\"wp-block-file__button wp-element-button\" download aria-describedby=\"wp-block-file--media-e4c9a988-66c1-4f60-9b5e-6603f26033a1\"><\/a><\/div>\n<\/div>\n\n\n\n<div class=\"wp-block-column is-layout-flow wp-block-column-is-layout-flow\">\n<div data-wp-interactive=\"core\/file\" class=\"wp-block-file\"><object data-wp-bind--hidden=\"!state.hasPdfPreview\" hidden class=\"wp-block-file__embed\" data=\"https:\/\/www.repam.net\/pt\/wp-content\/uploads\/2023\/01\/NOTA-YANOMAMI-REPAM-Brasil.pdf\" type=\"application\/pdf\" style=\"width:100%;height:600px\" aria-label=\"Incorporado de REPAM Brasil.\"><\/object><a id=\"wp-block-file--media-8532a9c4-1b93-453a-94dc-5dbfccf3ddd0\" href=\"https:\/\/www.repam.net\/pt\/wp-content\/uploads\/2023\/01\/NOTA-YANOMAMI-REPAM-Brasil.pdf\">REPAM Brasil<\/a><a href=\"https:\/\/www.repam.net\/pt\/wp-content\/uploads\/2023\/01\/NOTA-YANOMAMI-REPAM-Brasil.pdf\" class=\"wp-block-file__button wp-element-button\" download aria-describedby=\"wp-block-file--media-8532a9c4-1b93-453a-94dc-5dbfccf3ddd0\"><\/a><\/div>\n<\/div>\n<\/div>\n\n\n\n<h5 class=\"has-text-align-left wp-block-heading\"><mark style=\"background-color:rgba(0, 0, 0, 0)\" class=\"has-inline-color has-vivid-cyan-blue-color\">Baixe aqui a carta oficial da CEAMA e REPAM: \ud83d\udc47\ud83c\udffd\ud83d\udc47\ud83c\udffd\ud83d\udc47\ud83c\udffd<\/mark><\/h5>\n\n\n\n<div data-wp-interactive=\"core\/file\" class=\"wp-block-file\"><object data-wp-bind--hidden=\"!state.hasPdfPreview\" hidden class=\"wp-block-file__embed\" data=\"https:\/\/www.repam.net\/pt\/wp-content\/uploads\/2023\/01\/2023.01.27.-PT.-Carta-Yanomami-REPAM-CEAMA.pdf\" type=\"application\/pdf\" style=\"width:100%;height:600px\" aria-label=\"Incorporado de 2023.01.27.-PT.-Carta-Yanomami-REPAM-CEAMA.\"><\/object><a id=\"wp-block-file--media-bc422479-43e9-42d6-a10a-0374fa6026a0\" href=\"https:\/\/www.repam.net\/pt\/wp-content\/uploads\/2023\/01\/2023.01.27.-PT.-Carta-Yanomami-REPAM-CEAMA.pdf\">2023.01.27.-PT.-Carta-Yanomami-REPAM-CEAMA<\/a><a href=\"https:\/\/www.repam.net\/pt\/wp-content\/uploads\/2023\/01\/2023.01.27.-PT.-Carta-Yanomami-REPAM-CEAMA.pdf\" class=\"wp-block-file__button wp-element-button\" download aria-describedby=\"wp-block-file--media-bc422479-43e9-42d6-a10a-0374fa6026a0\">Baixar<\/a><\/div>\n\n\n\n<p><\/p>\n","protected":false},"excerpt":{"rendered":"<p>Bogot\u00e1 e Manaus, 27 de janeiro de 2023 A Confer\u00eancia Eclesial da Amaz\u00f4nia (CEAMA) e a Rede Eclesial Pan-Amaz\u00f4nica (REPAM), em uni\u00e3o com a Igreja no Brasil, se comprometem a ser aliadas dos povos amaz\u00f4nicos para denunciar os ataques contra a vida das comunidades ind\u00edgenas, os projetos que afetam o meio ambiente, a falta de [&hellip;]<\/p>\n","protected":false},"author":1,"featured_media":2005,"comment_status":"closed","ping_status":"closed","sticky":false,"template":"","format":"standard","meta":{"_acf_changed":false,"_uf_show_specific_survey":0,"_uf_disable_surveys":false,"footnotes":""},"categories":[94,4],"tags":[9,170,172,25,20,35,6,171],"class_list":["post-2001","post","type-post","status-publish","format-standard","has-post-thumbnail","hentry","category-comunicado","category-noticias","tag-ceama","tag-comunicado","tag-denuncia-2","tag-diocese-de-roraima","tag-igreja-com-rosto-amazonico","tag-povos-indigenas","tag-repam","tag-yanomami"],"acf":[],"aioseo_notices":[],"yoast_head":"<!-- This site is optimized with the Yoast SEO plugin v24.2 - https:\/\/yoast.com\/wordpress\/plugins\/seo\/ -->\n<title>CEAMA e REPAM se solidarizam com o Povo Yanomami - Repam<\/title>\n<meta name=\"robots\" content=\"index, follow, max-snippet:-1, max-image-preview:large, max-video-preview:-1\" \/>\n<link rel=\"canonical\" href=\"https:\/\/www.repam.net\/pt\/ceama-e-repam-se-solidarizam-com-o-povo-yanomami\/\" \/>\n<meta property=\"og:locale\" content=\"pt_BR\" \/>\n<meta property=\"og:type\" content=\"article\" \/>\n<meta property=\"og:title\" content=\"CEAMA e REPAM se solidarizam com o Povo Yanomami - Repam\" \/>\n<meta property=\"og:description\" content=\"Bogot\u00e1 e Manaus, 27 de janeiro de 2023 A Confer\u00eancia Eclesial da Amaz\u00f4nia (CEAMA) e a Rede Eclesial Pan-Amaz\u00f4nica (REPAM), em uni\u00e3o com a Igreja no Brasil, se comprometem a ser aliadas dos povos amaz\u00f4nicos para denunciar os ataques contra a vida das comunidades ind\u00edgenas, os projetos que afetam o meio ambiente, a falta de [&hellip;]\" \/>\n<meta property=\"og:url\" content=\"https:\/\/www.repam.net\/pt\/ceama-e-repam-se-solidarizam-com-o-povo-yanomami\/\" \/>\n<meta property=\"og:site_name\" content=\"Repam\" \/>\n<meta property=\"article:published_time\" content=\"2023-01-27T21:43:12+00:00\" \/>\n<meta property=\"article:modified_time\" content=\"2023-01-27T21:43:13+00:00\" \/>\n<meta property=\"og:image\" content=\"https:\/\/www.repam.net\/pt\/wp-content\/uploads\/2023\/01\/PT.-Solidariedade-Yanomami.jpg\" \/>\n\t<meta property=\"og:image:width\" content=\"1280\" \/>\n\t<meta property=\"og:image:height\" content=\"720\" \/>\n\t<meta property=\"og:image:type\" content=\"image\/jpeg\" \/>\n<meta name=\"author\" content=\"repam@adm\" \/>\n<meta name=\"twitter:card\" content=\"summary_large_image\" \/>\n<meta name=\"twitter:label1\" content=\"Escrito por\" \/>\n\t<meta name=\"twitter:data1\" content=\"repam@adm\" \/>\n\t<meta name=\"twitter:label2\" content=\"Est. tempo de leitura\" \/>\n\t<meta name=\"twitter:data2\" content=\"2 minutos\" \/>\n<script type=\"application\/ld+json\" class=\"yoast-schema-graph\">{\"@context\":\"https:\/\/schema.org\",\"@graph\":[{\"@type\":\"Article\",\"@id\":\"https:\/\/www.repam.net\/pt\/ceama-e-repam-se-solidarizam-com-o-povo-yanomami\/#article\",\"isPartOf\":{\"@id\":\"https:\/\/www.repam.net\/pt\/ceama-e-repam-se-solidarizam-com-o-povo-yanomami\/\"},\"author\":{\"name\":\"repam@adm\",\"@id\":\"https:\/\/www.repam.net\/pt\/#\/schema\/person\/b6f20b09de002e56f342d9b3a5143d51\"},\"headline\":\"CEAMA e REPAM se solidarizam com o Povo Yanomami\",\"datePublished\":\"2023-01-27T21:43:12+00:00\",\"dateModified\":\"2023-01-27T21:43:13+00:00\",\"mainEntityOfPage\":{\"@id\":\"https:\/\/www.repam.net\/pt\/ceama-e-repam-se-solidarizam-com-o-povo-yanomami\/\"},\"wordCount\":306,\"publisher\":{\"@id\":\"https:\/\/www.repam.net\/pt\/#organization\"},\"image\":{\"@id\":\"https:\/\/www.repam.net\/pt\/ceama-e-repam-se-solidarizam-com-o-povo-yanomami\/#primaryimage\"},\"thumbnailUrl\":\"https:\/\/www.repam.net\/pt\/wp-content\/uploads\/2023\/01\/PT.-Solidariedade-Yanomami.jpg\",\"keywords\":[\"CEAMA\",\"Comunicado\",\"Den\u00fancia\",\"Diocese de Roraima\",\"Igreja com rosto amaz\u00f4nico\",\"Povos Ind\u00edgenas\",\"REPAM\",\"Yanomami\"],\"articleSection\":[\"Comunicado\",\"Not\u00edcias\"],\"inLanguage\":\"pt-BR\"},{\"@type\":\"WebPage\",\"@id\":\"https:\/\/www.repam.net\/pt\/ceama-e-repam-se-solidarizam-com-o-povo-yanomami\/\",\"url\":\"https:\/\/www.repam.net\/pt\/ceama-e-repam-se-solidarizam-com-o-povo-yanomami\/\",\"name\":\"CEAMA e REPAM se solidarizam com o Povo Yanomami - Repam\",\"isPartOf\":{\"@id\":\"https:\/\/www.repam.net\/pt\/#website\"},\"primaryImageOfPage\":{\"@id\":\"https:\/\/www.repam.net\/pt\/ceama-e-repam-se-solidarizam-com-o-povo-yanomami\/#primaryimage\"},\"image\":{\"@id\":\"https:\/\/www.repam.net\/pt\/ceama-e-repam-se-solidarizam-com-o-povo-yanomami\/#primaryimage\"},\"thumbnailUrl\":\"https:\/\/www.repam.net\/pt\/wp-content\/uploads\/2023\/01\/PT.-Solidariedade-Yanomami.jpg\",\"datePublished\":\"2023-01-27T21:43:12+00:00\",\"dateModified\":\"2023-01-27T21:43:13+00:00\",\"breadcrumb\":{\"@id\":\"https:\/\/www.repam.net\/pt\/ceama-e-repam-se-solidarizam-com-o-povo-yanomami\/#breadcrumb\"},\"inLanguage\":\"pt-BR\",\"potentialAction\":[{\"@type\":\"ReadAction\",\"target\":[\"https:\/\/www.repam.net\/pt\/ceama-e-repam-se-solidarizam-com-o-povo-yanomami\/\"]}]},{\"@type\":\"ImageObject\",\"inLanguage\":\"pt-BR\",\"@id\":\"https:\/\/www.repam.net\/pt\/ceama-e-repam-se-solidarizam-com-o-povo-yanomami\/#primaryimage\",\"url\":\"https:\/\/www.repam.net\/pt\/wp-content\/uploads\/2023\/01\/PT.-Solidariedade-Yanomami.jpg\",\"contentUrl\":\"https:\/\/www.repam.net\/pt\/wp-content\/uploads\/2023\/01\/PT.-Solidariedade-Yanomami.jpg\",\"width\":1280,\"height\":720},{\"@type\":\"BreadcrumbList\",\"@id\":\"https:\/\/www.repam.net\/pt\/ceama-e-repam-se-solidarizam-com-o-povo-yanomami\/#breadcrumb\",\"itemListElement\":[{\"@type\":\"ListItem\",\"position\":1,\"name\":\"In\u00edcio\",\"item\":\"https:\/\/www.repam.net\/pt\/\"},{\"@type\":\"ListItem\",\"position\":2,\"name\":\"CEAMA e REPAM se solidarizam com o Povo Yanomami\"}]},{\"@type\":\"WebSite\",\"@id\":\"https:\/\/www.repam.net\/pt\/#website\",\"url\":\"https:\/\/www.repam.net\/pt\/\",\"name\":\"Repam\",\"description\":\"Rede Eclesial Pan-amaz\u00f4nica\",\"publisher\":{\"@id\":\"https:\/\/www.repam.net\/pt\/#organization\"},\"potentialAction\":[{\"@type\":\"SearchAction\",\"target\":{\"@type\":\"EntryPoint\",\"urlTemplate\":\"https:\/\/www.repam.net\/pt\/?s={search_term_string}\"},\"query-input\":{\"@type\":\"PropertyValueSpecification\",\"valueRequired\":true,\"valueName\":\"search_term_string\"}}],\"inLanguage\":\"pt-BR\"},{\"@type\":\"Organization\",\"@id\":\"https:\/\/www.repam.net\/pt\/#organization\",\"name\":\"Repam\",\"url\":\"https:\/\/www.repam.net\/pt\/\",\"logo\":{\"@type\":\"ImageObject\",\"inLanguage\":\"pt-BR\",\"@id\":\"https:\/\/www.repam.net\/pt\/#\/schema\/logo\/image\/\",\"url\":\"https:\/\/www.repam.net\/pt\/wp-content\/uploads\/2022\/02\/15.-REPAM-BRASIL.jpg\",\"contentUrl\":\"https:\/\/www.repam.net\/pt\/wp-content\/uploads\/2022\/02\/15.-REPAM-BRASIL.jpg\",\"width\":231,\"height\":230,\"caption\":\"Repam\"},\"image\":{\"@id\":\"https:\/\/www.repam.net\/pt\/#\/schema\/logo\/image\/\"}},{\"@type\":\"Person\",\"@id\":\"https:\/\/www.repam.net\/pt\/#\/schema\/person\/b6f20b09de002e56f342d9b3a5143d51\",\"name\":\"repam@adm\",\"image\":{\"@type\":\"ImageObject\",\"inLanguage\":\"pt-BR\",\"@id\":\"https:\/\/www.repam.net\/pt\/#\/schema\/person\/image\/\",\"url\":\"https:\/\/secure.gravatar.com\/avatar\/b18234ea6de5d74563e52ca7bfdad9d2b029b514c935b38a2790717abf8f2e5f?s=96&d=mm&r=g\",\"contentUrl\":\"https:\/\/secure.gravatar.com\/avatar\/b18234ea6de5d74563e52ca7bfdad9d2b029b514c935b38a2790717abf8f2e5f?s=96&d=mm&r=g\",\"caption\":\"repam@adm\"},\"sameAs\":[\"https:\/\/www.repam.net\/pt\"],\"url\":\"https:\/\/www.repam.net\/pt\/author\/repamadm\/\"}]}<\/script>\n<!-- \/ Yoast SEO plugin. -->","yoast_head_json":{"title":"CEAMA e REPAM se solidarizam com o Povo Yanomami - Repam","robots":{"index":"index","follow":"follow","max-snippet":"max-snippet:-1","max-image-preview":"max-image-preview:large","max-video-preview":"max-video-preview:-1"},"canonical":"https:\/\/www.repam.net\/pt\/ceama-e-repam-se-solidarizam-com-o-povo-yanomami\/","og_locale":"pt_BR","og_type":"article","og_title":"CEAMA e REPAM se solidarizam com o Povo Yanomami - Repam","og_description":"Bogot\u00e1 e Manaus, 27 de janeiro de 2023 A Confer\u00eancia Eclesial da Amaz\u00f4nia (CEAMA) e a Rede Eclesial Pan-Amaz\u00f4nica (REPAM), em uni\u00e3o com a Igreja no Brasil, se comprometem a ser aliadas dos povos amaz\u00f4nicos para denunciar os ataques contra a vida das comunidades ind\u00edgenas, os projetos que afetam o meio ambiente, a falta de [&hellip;]","og_url":"https:\/\/www.repam.net\/pt\/ceama-e-repam-se-solidarizam-com-o-povo-yanomami\/","og_site_name":"Repam","article_published_time":"2023-01-27T21:43:12+00:00","article_modified_time":"2023-01-27T21:43:13+00:00","og_image":[{"width":1280,"height":720,"url":"https:\/\/www.repam.net\/pt\/wp-content\/uploads\/2023\/01\/PT.-Solidariedade-Yanomami.jpg","type":"image\/jpeg"}],"author":"repam@adm","twitter_card":"summary_large_image","twitter_misc":{"Escrito por":"repam@adm","Est. tempo de leitura":"2 minutos"},"schema":{"@context":"https:\/\/schema.org","@graph":[{"@type":"Article","@id":"https:\/\/www.repam.net\/pt\/ceama-e-repam-se-solidarizam-com-o-povo-yanomami\/#article","isPartOf":{"@id":"https:\/\/www.repam.net\/pt\/ceama-e-repam-se-solidarizam-com-o-povo-yanomami\/"},"author":{"name":"repam@adm","@id":"https:\/\/www.repam.net\/pt\/#\/schema\/person\/b6f20b09de002e56f342d9b3a5143d51"},"headline":"CEAMA e REPAM se solidarizam com o Povo Yanomami","datePublished":"2023-01-27T21:43:12+00:00","dateModified":"2023-01-27T21:43:13+00:00","mainEntityOfPage":{"@id":"https:\/\/www.repam.net\/pt\/ceama-e-repam-se-solidarizam-com-o-povo-yanomami\/"},"wordCount":306,"publisher":{"@id":"https:\/\/www.repam.net\/pt\/#organization"},"image":{"@id":"https:\/\/www.repam.net\/pt\/ceama-e-repam-se-solidarizam-com-o-povo-yanomami\/#primaryimage"},"thumbnailUrl":"https:\/\/www.repam.net\/pt\/wp-content\/uploads\/2023\/01\/PT.-Solidariedade-Yanomami.jpg","keywords":["CEAMA","Comunicado","Den\u00fancia","Diocese de Roraima","Igreja com rosto amaz\u00f4nico","Povos Ind\u00edgenas","REPAM","Yanomami"],"articleSection":["Comunicado","Not\u00edcias"],"inLanguage":"pt-BR"},{"@type":"WebPage","@id":"https:\/\/www.repam.net\/pt\/ceama-e-repam-se-solidarizam-com-o-povo-yanomami\/","url":"https:\/\/www.repam.net\/pt\/ceama-e-repam-se-solidarizam-com-o-povo-yanomami\/","name":"CEAMA e REPAM se solidarizam com o Povo Yanomami - Repam","isPartOf":{"@id":"https:\/\/www.repam.net\/pt\/#website"},"primaryImageOfPage":{"@id":"https:\/\/www.repam.net\/pt\/ceama-e-repam-se-solidarizam-com-o-povo-yanomami\/#primaryimage"},"image":{"@id":"https:\/\/www.repam.net\/pt\/ceama-e-repam-se-solidarizam-com-o-povo-yanomami\/#primaryimage"},"thumbnailUrl":"https:\/\/www.repam.net\/pt\/wp-content\/uploads\/2023\/01\/PT.-Solidariedade-Yanomami.jpg","datePublished":"2023-01-27T21:43:12+00:00","dateModified":"2023-01-27T21:43:13+00:00","breadcrumb":{"@id":"https:\/\/www.repam.net\/pt\/ceama-e-repam-se-solidarizam-com-o-povo-yanomami\/#breadcrumb"},"inLanguage":"pt-BR","potentialAction":[{"@type":"ReadAction","target":["https:\/\/www.repam.net\/pt\/ceama-e-repam-se-solidarizam-com-o-povo-yanomami\/"]}]},{"@type":"ImageObject","inLanguage":"pt-BR","@id":"https:\/\/www.repam.net\/pt\/ceama-e-repam-se-solidarizam-com-o-povo-yanomami\/#primaryimage","url":"https:\/\/www.repam.net\/pt\/wp-content\/uploads\/2023\/01\/PT.-Solidariedade-Yanomami.jpg","contentUrl":"https:\/\/www.repam.net\/pt\/wp-content\/uploads\/2023\/01\/PT.-Solidariedade-Yanomami.jpg","width":1280,"height":720},{"@type":"BreadcrumbList","@id":"https:\/\/www.repam.net\/pt\/ceama-e-repam-se-solidarizam-com-o-povo-yanomami\/#breadcrumb","itemListElement":[{"@type":"ListItem","position":1,"name":"In\u00edcio","item":"https:\/\/www.repam.net\/pt\/"},{"@type":"ListItem","position":2,"name":"CEAMA e REPAM se solidarizam com o Povo Yanomami"}]},{"@type":"WebSite","@id":"https:\/\/www.repam.net\/pt\/#website","url":"https:\/\/www.repam.net\/pt\/","name":"Repam","description":"Rede Eclesial Pan-amaz\u00f4nica","publisher":{"@id":"https:\/\/www.repam.net\/pt\/#organization"},"potentialAction":[{"@type":"SearchAction","target":{"@type":"EntryPoint","urlTemplate":"https:\/\/www.repam.net\/pt\/?s={search_term_string}"},"query-input":{"@type":"PropertyValueSpecification","valueRequired":true,"valueName":"search_term_string"}}],"inLanguage":"pt-BR"},{"@type":"Organization","@id":"https:\/\/www.repam.net\/pt\/#organization","name":"Repam","url":"https:\/\/www.repam.net\/pt\/","logo":{"@type":"ImageObject","inLanguage":"pt-BR","@id":"https:\/\/www.repam.net\/pt\/#\/schema\/logo\/image\/","url":"https:\/\/www.repam.net\/pt\/wp-content\/uploads\/2022\/02\/15.-REPAM-BRASIL.jpg","contentUrl":"https:\/\/www.repam.net\/pt\/wp-content\/uploads\/2022\/02\/15.-REPAM-BRASIL.jpg","width":231,"height":230,"caption":"Repam"},"image":{"@id":"https:\/\/www.repam.net\/pt\/#\/schema\/logo\/image\/"}},{"@type":"Person","@id":"https:\/\/www.repam.net\/pt\/#\/schema\/person\/b6f20b09de002e56f342d9b3a5143d51","name":"repam@adm","image":{"@type":"ImageObject","inLanguage":"pt-BR","@id":"https:\/\/www.repam.net\/pt\/#\/schema\/person\/image\/","url":"https:\/\/secure.gravatar.com\/avatar\/b18234ea6de5d74563e52ca7bfdad9d2b029b514c935b38a2790717abf8f2e5f?s=96&d=mm&r=g","contentUrl":"https:\/\/secure.gravatar.com\/avatar\/b18234ea6de5d74563e52ca7bfdad9d2b029b514c935b38a2790717abf8f2e5f?s=96&d=mm&r=g","caption":"repam@adm"},"sameAs":["https:\/\/www.repam.net\/pt"],"url":"https:\/\/www.repam.net\/pt\/author\/repamadm\/"}]}},"_links":{"self":[{"href":"https:\/\/www.repam.net\/pt\/wp-json\/wp\/v2\/posts\/2001","targetHints":{"allow":["GET"]}}],"collection":[{"href":"https:\/\/www.repam.net\/pt\/wp-json\/wp\/v2\/posts"}],"about":[{"href":"https:\/\/www.repam.net\/pt\/wp-json\/wp\/v2\/types\/post"}],"author":[{"embeddable":true,"href":"https:\/\/www.repam.net\/pt\/wp-json\/wp\/v2\/users\/1"}],"replies":[{"embeddable":true,"href":"https:\/\/www.repam.net\/pt\/wp-json\/wp\/v2\/comments?post=2001"}],"version-history":[{"count":2,"href":"https:\/\/www.repam.net\/pt\/wp-json\/wp\/v2\/posts\/2001\/revisions"}],"predecessor-version":[{"id":2006,"href":"https:\/\/www.repam.net\/pt\/wp-json\/wp\/v2\/posts\/2001\/revisions\/2006"}],"wp:featuredmedia":[{"embeddable":true,"href":"https:\/\/www.repam.net\/pt\/wp-json\/wp\/v2\/media\/2005"}],"wp:attachment":[{"href":"https:\/\/www.repam.net\/pt\/wp-json\/wp\/v2\/media?parent=2001"}],"wp:term":[{"taxonomy":"category","embeddable":true,"href":"https:\/\/www.repam.net\/pt\/wp-json\/wp\/v2\/categories?post=2001"},{"taxonomy":"post_tag","embeddable":true,"href":"https:\/\/www.repam.net\/pt\/wp-json\/wp\/v2\/tags?post=2001"}],"curies":[{"name":"wp","href":"https:\/\/api.w.org\/{rel}","templated":true}]}}