{"id":2197,"date":"2023-03-15T16:34:44","date_gmt":"2023-03-15T19:34:44","guid":{"rendered":"https:\/\/www.repam.net\/pt\/?p=2197"},"modified":"2023-03-15T16:34:46","modified_gmt":"2023-03-15T19:34:46","slug":"dez-contribuicoes-do-papa-francisco-a-amazonia","status":"publish","type":"post","link":"https:\/\/www.repam.net\/pt\/dez-contribuicoes-do-papa-francisco-a-amazonia\/","title":{"rendered":"Dez contribui\u00e7\u00f5es do Papa Francisco \u00e0 Amaz\u00f4nia"},"content":{"rendered":"<div class=\"wp-block-image\">\n<figure class=\"aligncenter size-full\"><img loading=\"lazy\" decoding=\"async\" width=\"1024\" height=\"682\" src=\"https:\/\/www.repam.net\/pt\/wp-content\/uploads\/2023\/03\/pueblos-indigenas-y-Papa-5-2-1024x682-1.jpg\" alt=\"\" class=\"wp-image-2198\" srcset=\"https:\/\/www.repam.net\/pt\/wp-content\/uploads\/2023\/03\/pueblos-indigenas-y-Papa-5-2-1024x682-1.jpg 1024w, https:\/\/www.repam.net\/pt\/wp-content\/uploads\/2023\/03\/pueblos-indigenas-y-Papa-5-2-1024x682-1-300x200.jpg 300w, https:\/\/www.repam.net\/pt\/wp-content\/uploads\/2023\/03\/pueblos-indigenas-y-Papa-5-2-1024x682-1-768x512.jpg 768w\" sizes=\"auto, (max-width: 1024px) 100vw, 1024px\" \/><\/figure>\n<\/div>\n\n\n<blockquote class=\"wp-block-quote is-layout-flow wp-block-quote-is-layout-flow\">\n<p><em>Francisco \u00e9 reconhecido como o Papa da querida Amaz\u00f4nia. Sistematizamos aqui dez contribui\u00e7\u00f5es iniciais de seu pontificado para a Amaz\u00f4nia, e convidamos voc\u00eas a coment\u00e1-las e enriquec\u00ea-las em suas comunidades. Que equil\u00edbrio resta para a Amaz\u00f4nia no final desta primeira d\u00e9cada do pontificado do Papa Francisco? O que devemos continuar a perseverar para que a palavra amanhe\u00e7a e os sonhos se tornem realidade?<\/em><\/p>\n<\/blockquote>\n\n\n\n<p><strong><em>Por Alirio C\u00e1ceres (*)<\/em><\/strong><\/p>\n\n\n\n<p>Faz dez anos desde aquele momento inesquec\u00edvel quando o novo bispo de Roma pediu aos paroquianos da Pra\u00e7a de S\u00e3o Pedro que rezassem por ele, antes de dar a sua b\u00ean\u00e7\u00e3o \u00e0 cidade e ao mundo.<\/p>\n\n\n\n<p>Um Papa argentino, um jesu\u00edta com o nome de Francisco de Assis. O Pont\u00edfice dos \u201cprimeiros\u201d, das inova\u00e7\u00f5es e das surpresas. O do convite para \u201cfazer bagun\u00e7a\u201d, da primavera pontif\u00edcia e da renova\u00e7\u00e3o eclesial.<\/p>\n\n\n\n<p>O esfor\u00e7o de sintetizar o rico Magist\u00e9rio de Francisco n\u00e3o se esgota na disserta\u00e7\u00e3o de uma \u00fanica pessoa, pois seu j\u00e1 legend\u00e1rio legado envolve sempre um exerc\u00edcio de colegialidade. Falar do Papa \u00e9 tecer um \u201cn\u00f3s\u201d, como uma fibra que se vai tecendo juntos para formar uma cesta na qual todos n\u00f3s cabemos em fraternidade.<\/p>\n\n\n\n<p><strong>BALAN\u00c7O INICIAL<\/strong><\/p>\n\n\n\n<p>Que balan\u00e7o resta para a Amaz\u00f4nia no final desta primeira d\u00e9cada de pontificado? \u00c9 uma quest\u00e3o de navegarmos nos meandros da mem\u00f3ria e deixarmos fluir a sabedoria nos c\u00edrculos da palavra que nasce em uma nova realidade da Igreja na Amaz\u00f4nia e da Amaz\u00f4nia na Igreja.<\/p>\n\n\n\n<p>O que mudou entre 2013 e 2023 em rela\u00e7\u00e3o \u00e0 evangeliza\u00e7\u00e3o nesta floresta que \u00e9 a garantia da vida de nossa grande Casa Comum? Aqui est\u00e3o dez ideias iniciais para que as comentemos e enrique\u00e7amos em nossas diferentes comunidades:<\/p>\n\n\n\n<p><strong><em>1. Novos caminhos<\/em><\/strong><em><\/em><\/p>\n\n\n\n<p>A Amaz\u00f4nia n\u00e3o \u00e9 apenas o cora\u00e7\u00e3o biol\u00f3gico do planeta. \u00c9 tamb\u00e9m o cora\u00e7\u00e3o eclesial de uma experi\u00eancia piloto, um laborat\u00f3rio experimental no qual novas formas de encarnar a Boa Nova do Reino de Deus e caminhar em dire\u00e7\u00e3o a uma Ecologia Integral est\u00e3o sendo cozinhadas no fogo sagrado do Evangelho, como proposto na Assembleia Especial do S\u00ednodo dos Bispos para a regi\u00e3o Pan-Amaz\u00f4nica.<\/p>\n\n\n\n<p>Em outras palavras, a dimens\u00e3o local e regional do processo de caminhar juntos na Amaz\u00f4nia teve (e ter\u00e1) profundas implica\u00e7\u00f5es universais para promover uma convers\u00e3o a Jesus Cristo a partir das dimens\u00f5es pastoral, cultural, ecol\u00f3gica e sinodal em \u201coutra Amaz\u00f4nia\u201d de nosso Planeta Azul.<\/p>\n\n\n\n<p><strong><em>2. Cultura do encontro<\/em><\/strong><em><\/em><\/p>\n\n\n\n<p>Em coer\u00eancia com a abordagem de uma Igreja mission\u00e1ria, em sa\u00edda e n\u00e3o auto referencial, mais como um hospital em meio \u00e0 guerra do que um castelo medieval, o Papa optou pelas pessoas mais fr\u00e1geis e vulner\u00e1veis, habitantes de um dos biomas mais amea\u00e7ados da Terra.<\/p>\n\n\n\n<p>Os povos amaz\u00f4nicos est\u00e3o em s\u00e9rio risco de extin\u00e7\u00e3o devido \u00e0 mudan\u00e7a clim\u00e1tica e \u00e0 coloniza\u00e7\u00e3o, o que os torna v\u00edtimas do extrativismo, da discrimina\u00e7\u00e3o e da exclus\u00e3o.<\/p>\n\n\n<div class=\"wp-block-image\">\n<figure class=\"aligncenter size-full\"><img loading=\"lazy\" decoding=\"async\" width=\"1000\" height=\"563\" src=\"https:\/\/www.repam.net\/pt\/wp-content\/uploads\/2023\/03\/Consagracion-del-Sinodo-a-San-Francisco.jpeg\" alt=\"\" class=\"wp-image-2199\" srcset=\"https:\/\/www.repam.net\/pt\/wp-content\/uploads\/2023\/03\/Consagracion-del-Sinodo-a-San-Francisco.jpeg 1000w, https:\/\/www.repam.net\/pt\/wp-content\/uploads\/2023\/03\/Consagracion-del-Sinodo-a-San-Francisco-300x169.jpeg 300w, https:\/\/www.repam.net\/pt\/wp-content\/uploads\/2023\/03\/Consagracion-del-Sinodo-a-San-Francisco-768x432.jpeg 768w\" sizes=\"auto, (max-width: 1000px) 100vw, 1000px\" \/><\/figure>\n<\/div>\n\n\n<p>\u00c9 justamente com estas comunidades ancestrais que o Papa estabeleceu um canal de di\u00e1logo, valorizando sua sabedoria, reconhecendo sua dignidade e promovendo cen\u00e1rios para tornar vis\u00edveis suas vis\u00f5es de mundo, que alimentam o resgate do humanismo, e possibilitam viver e coexistir como fam\u00edlia de Deus em nossa preciosa maloca comum.<\/p>\n\n\n\n<p><strong><em>3. Escuta da biodiversidade<\/em><\/strong><em><\/em><\/p>\n\n\n\n<p>O famoso m\u00e9todo pastoral \u201cver, julgar, agir\u201d deu uma reviravolta para valorizar a din\u00e2mica \u201couvir, discernir, responder\u201d, justamente porque o sentido do s\u00ednodo \u00e9 o de \u201ccaminhar em companhia\u201d at\u00e9 os limites, essas periferias geogr\u00e1ficas e existenciais do lugar que habitamos juntos.<\/p>\n\n\n\n<p>No caso exemplar da Amaz\u00f4nia, a contempla\u00e7\u00e3o do Criador nas maravilhas de sua cria\u00e7\u00e3o se interliga com a escuta amorosa dos diversos grupos \u00e9tnicos, nos quais Deus tamb\u00e9m se compraz e se revela, como nos lembra o Catecismo no par\u00e1grafo 340: \u201c&#8230; escutai a Deus, at\u00e9 ouvirdes com Ele o grito do povo; escutai o povo, at\u00e9 respirardes nele a vontade para a qual Deus nos chama\u201d (Episcopalis Communio, Comunh\u00e3o Episcopal, n\u00ba 6).<\/p>\n\n\n\n<p><strong><em>4. Territ\u00f3rios que falam<\/em><\/strong><em><\/em><\/p>\n\n\n\n<p>Por esta mesma raz\u00e3o, a Amaz\u00f4nia n\u00e3o \u00e9 um dep\u00f3sito de \u201crecursos naturais\u201d, nem uma despensa para suprir o consumo insalubre das sociedades industrializadas. Tampouco \u00e9 \u201cnatureza\u201d composta de madeira e \u00e1gua sem alma, ou uma massa florestal que cumpre a fun\u00e7\u00e3o de mitigar o impacto dos gases de efeito estufa.<\/p>\n\n\n\n<p>Gra\u00e7as aos esfor\u00e7os do Papa, que vem fortalecendo os esfor\u00e7os eclesiais de v\u00e1rias d\u00e9cadas atr\u00e1s, em dez anos a Amaz\u00f4nia passou de \u201cperiferia\u201d a \u201ccentro\u201d, n\u00e3o apenas em termos socioecon\u00f4micos e pol\u00edticos, mas tamb\u00e9m na perspectiva espiritual e teol\u00f3gica. Deus uno e trino, preciosa comunidade de amor infinito (LS 246) navega, caminha e habita a floresta. Nele vivemos, nos movemos e existimos.<\/p>\n\n\n\n<p>N\u00e3o basta mais conservar a floresta tropical; \u00e9 essencial cuidar da floresta e de seus guardi\u00f5es em todas as suas rela\u00e7\u00f5es vitais. A Amaz\u00f4nia \u00e9 um santu\u00e1rio, uma catedral, uma bas\u00edlica onde cada Eucaristia tamb\u00e9m \u00e9 celebrada sobre o altar do mundo, e a hist\u00f3ria \u00e9 ressignificada com o sentido eucar\u00edstico de compartilhar a mandioca\/macaxeira, a fauna, a flora, os sonhos, o c\u00e9u e o solo.<\/p>\n\n\n\n<p><strong><em>5. Quatro grandes sonhos<\/em><\/strong><em><\/em><\/p>\n\n\n\n<p>Jorge Mario Bergoglio popularizou a devo\u00e7\u00e3o a S\u00e3o Jos\u00e9 dormindo. Os sonhos de S\u00e3o Jos\u00e9 s\u00e3o os sonhos do Deus que guarda a vida, d\u00e1 nome \u00e0 salva\u00e7\u00e3o, livra de todo o mal e perigo. Quando o Papa prop\u00f5e seus sonhos na \u201c<em>Querida Amaz\u00f4nia<\/em>\u201d, ele n\u00e3o apenas usa uma linguagem t\u00e9cnica, mas tamb\u00e9m poesia e imagens simb\u00f3licas, para fazer notar que o sonho eclesial anda sempre de m\u00e3os dadas com os sonhos sociais, culturais e ecol\u00f3gicos.<\/p>\n\n\n\n<figure class=\"wp-block-embed aligncenter is-type-video is-provider-youtube wp-block-embed-youtube wp-embed-aspect-16-9 wp-has-aspect-ratio\"><div class=\"wp-block-embed__wrapper\">\n<iframe loading=\"lazy\" title=\"D\u00eda de la &quot;Querida Amazonia&quot; - ESP\" width=\"500\" height=\"281\" src=\"https:\/\/www.youtube.com\/embed\/VK6cnRR-Wgs?feature=oembed\" frameborder=\"0\" allow=\"accelerometer; autoplay; clipboard-write; encrypted-media; gyroscope; picture-in-picture; web-share\" referrerpolicy=\"strict-origin-when-cross-origin\" allowfullscreen><\/iframe>\n<\/div><\/figure>\n\n\n\n<p>Uma Igreja com rosto amaz\u00f4nico s\u00f3 ser\u00e1 poss\u00edvel atrav\u00e9s da experi\u00eancia da ecologia integral. Ritos em sintonia com mitos, ci\u00eancia com consci\u00eancia, cren\u00e7a com coer\u00eancia, a fim de \u201cexportar\u201d uma vis\u00e3o sagrada do territ\u00f3rio, para que os quatro sonhos n\u00e3o se esgotem na dimens\u00e3o geogr\u00e1fica da Pan-Amaz\u00f4nia, mas se estendam, como intuiu a Assembleia Eclesial, a toda a Am\u00e9rica Latina e o Caribe.<\/p>\n\n\n\n<p><strong><em>6. O que se ama<\/em><\/strong><em><\/em><\/p>\n\n\n\n<p>Do S\u00ednodo Amaz\u00f4nico n\u00e3o restou apenas um produto, mas um processo, no qual o resgate da rela\u00e7\u00e3o afetiva com o territ\u00f3rio \u00e9 transcendental.&nbsp; Chamar a Amaz\u00f4nia de \u201cquerida\u201d, promover uma confer\u00eancia hist\u00f3rica \u201ceclesial\u201d, cujo nome ressoa de forma t\u00e3o bela. A CEAMA luta, defende o que se ama e, em articula\u00e7\u00e3o com a REPAM para, em rede, contribui para \u201camazonizar\u201d a Igreja, a sociedade e o Estado.<\/p>\n\n\n\n<p>Evidentemente, n\u00e3o se trata de assumir uma identidade amaz\u00f4nica, sabendo que existem muitas outras culturas, mas de aprender a viver de forma s\u00f3bria, em harmonia, sem destruir o habitat e descobrir nele a presen\u00e7a do sagrado.<\/p>\n\n\n\n<p>A Amaz\u00f4nia n\u00e3o \u00e9 objeto, mas sujeito. N\u00e3o \u00e9 algo, mas algu\u00e9m, e \u00e9 por isso que dan\u00e7ar \u201c<em>tudo est\u00e1 interligado como se f\u00f4ssemos um, tudo est\u00e1 interligado em nossa casa comum<\/em>\u201d n\u00e3o \u00e9 apenas um refr\u00e3o da moda, mas um projeto de amor.<\/p>\n\n\n\n<p><strong><em>7. Uma arca multicolorida<\/em><\/strong><em><\/em><\/p>\n\n\n\n<p>Como pioneira das Redes Eclesiais Territoriais de Ecologia Integral (RETEI), a Amaz\u00f4nia nos inspirou com uma m\u00edstica que nos conecta profundamente com a Sant\u00edssima Trindade e nos leva a viver de forma sinodal a miss\u00e3o evangelizadora da Igreja.<\/p>\n\n\n<div class=\"wp-block-image\">\n<figure class=\"aligncenter size-large\"><img loading=\"lazy\" decoding=\"async\" width=\"1024\" height=\"512\" src=\"https:\/\/www.repam.net\/pt\/wp-content\/uploads\/2023\/03\/Papa-e-Hummes-1197x598-1-1024x512.jpg\" alt=\"\" class=\"wp-image-2200\" srcset=\"https:\/\/www.repam.net\/pt\/wp-content\/uploads\/2023\/03\/Papa-e-Hummes-1197x598-1-1024x512.jpg 1024w, https:\/\/www.repam.net\/pt\/wp-content\/uploads\/2023\/03\/Papa-e-Hummes-1197x598-1-300x150.jpg 300w, https:\/\/www.repam.net\/pt\/wp-content\/uploads\/2023\/03\/Papa-e-Hummes-1197x598-1-768x384.jpg 768w, https:\/\/www.repam.net\/pt\/wp-content\/uploads\/2023\/03\/Papa-e-Hummes-1197x598-1.jpg 1197w\" sizes=\"auto, (max-width: 1024px) 100vw, 1024px\" \/><\/figure>\n<\/div>\n\n\n<p>A REPAM \u00e9 a irm\u00e3 maior, a precursora desta vis\u00e3o integral e integradora da a\u00e7\u00e3o pastoral. E junto com a REMAM (Rede Eclesial Ecol\u00f3gica da Meso-Am\u00e9rica) e a REGCHAG (Rede Eclesial do Gran Chaco e do Aqu\u00edfero Guarani), em nosso continente; a REBAC na bacia do Congo, e a RAEON nas \u00e1guas da \u00c1sia e Oceania nos mostram uma forma de salvaguardar a cria\u00e7\u00e3o como se fossem uma nova vers\u00e3o da arca de No\u00e9 diante da inclem\u00eancia da inunda\u00e7\u00e3o consumista, extrativista e predat\u00f3ria.<\/p>\n\n\n\n<p><strong><em>8. Narrativa pessoal de convers\u00e3o<\/em><\/strong><em><\/em><\/p>\n\n\n\n<p>Se evangelizar hoje implica \u201c<em>laudatosificar<\/em>\u201d, n\u00e3o h\u00e1 como louvar o Senhor sem \u201c<em>amazonizar<\/em>\u201d e \u201c<em>fratellituttizar<\/em>\u201d. Dito em outras palavras, o testemunho crist\u00e3o se baseia em uma cultura de cuidado consigo mesmo, com os outros seres humanos e com todas as outras criaturas que s\u00e3o nossas irm\u00e3s, porque v\u00eam da m\u00e3o amorosa do Criador.<\/p>\n\n\n\n<p>O pr\u00f3prio Papa Francisco confessou que, durante a Confer\u00eancia dos Bispos da Am\u00e9rica Latina e do Caribe em Aparecida (2007), foi dif\u00edcil para ele entender porque os bispos brasileiros insistiram tanto na Amaz\u00f4nia, at\u00e9 que os cientistas que o aconselharam para escrever a \u201cLaudato Si\u2019\u201d e a experi\u00eancia do contato com a sabedoria dos povos origin\u00e1rios o fizeram compreender com o cora\u00e7\u00e3o o valor do bioma amaz\u00f4nico e a proposta do bem viver que, durante s\u00e9culos, os guardi\u00f5es da floresta amaz\u00f4nica assumiram.<\/p>\n\n\n\n<p><strong><em>9. Desafios ao di\u00e1logo<\/em><\/strong><em><\/em><\/p>\n\n\n\n<p>A conviv\u00eancia em um territ\u00f3rio comum tamb\u00e9m marca a pauta para pr\u00e1ticas que conduzam \u00e0 paz e \u00e0 n\u00e3o-viol\u00eancia. Assim como S\u00e3o Francisco de Assis procurou o sult\u00e3o mu\u00e7ulmano <em>Al Kamil<\/em> em seu tempo, Francisco, o Bispo de Roma, procurou o di\u00e1logo com outras religi\u00f5es e espiritualidades.<\/p>\n\n\n<div class=\"wp-block-image\">\n<figure class=\"aligncenter size-large\"><img loading=\"lazy\" decoding=\"async\" width=\"1024\" height=\"588\" src=\"https:\/\/www.repam.net\/pt\/wp-content\/uploads\/2023\/03\/FranciscoPuertoMaldonado-1-1024x588.jpeg\" alt=\"\" class=\"wp-image-2201\" srcset=\"https:\/\/www.repam.net\/pt\/wp-content\/uploads\/2023\/03\/FranciscoPuertoMaldonado-1-1024x588.jpeg 1024w, https:\/\/www.repam.net\/pt\/wp-content\/uploads\/2023\/03\/FranciscoPuertoMaldonado-1-300x172.jpeg 300w, https:\/\/www.repam.net\/pt\/wp-content\/uploads\/2023\/03\/FranciscoPuertoMaldonado-1-768x441.jpeg 768w, https:\/\/www.repam.net\/pt\/wp-content\/uploads\/2023\/03\/FranciscoPuertoMaldonado-1.jpeg 1214w\" sizes=\"auto, (max-width: 1024px) 100vw, 1024px\" \/><\/figure>\n<\/div>\n\n\n<p>Esta atitude \u00e9 um enorme desafio para melhorar a comunica\u00e7\u00e3o entre congrega\u00e7\u00f5es mission\u00e1rias, com o clero, com outras denomina\u00e7\u00f5es crist\u00e3s, os governantes, os povos que permanecem escondidos em isolamento volunt\u00e1rio, os cientistas e acad\u00eamicos. Em resumo, o processo sinodal na Amaz\u00f4nia fundamentou este exerc\u00edcio de escuta assertiva como base da vida comunit\u00e1ria. Num realismo um tanto grosseiro, devemos assumir que a Doutrina Social da Igreja, por si s\u00f3, n\u00e3o transforma a realidade. Ela requer processos pastorais inculturados, que s\u00e3o evidentes em comunidades repletas de vida.<\/p>\n\n\n\n<p><strong><em>10. Transbordamento de miseric\u00f3rdia<\/em><\/strong><em><\/em><\/p>\n\n\n\n<p>O av\u00f4 branco, como algumas pessoas na Amaz\u00f4nia chamam o Papa Francisco, construiu uma ponte de di\u00e1logo entre gera\u00e7\u00f5es. Como bom pont\u00edfice \u2013 ou seja, construtor de pontes \u2013 ele tem se preocupado em reivindicar o valor dos idosos, que s\u00e3o t\u00e3o marginalizados na civiliza\u00e7\u00e3o ocidental.<\/p>\n\n\n\n<p>Isto \u00e9 especialmente significativo para as culturas amaz\u00f4nicas, pois valida um estilo de vida e prop\u00f5e uma mudan\u00e7a de paradigma nas rela\u00e7\u00f5es interpessoais. Na raiz desta forma de perceber o mundo est\u00e1 a experi\u00eancia de um Deus que \u00e9 miseric\u00f3rdia, um Deus que transborda de puro amor e nos convida a transbordar criativamente para restaurar os v\u00ednculos sagrados da fraternidade. Um Deus que transborda de alegria e nos convoca para a alegria da comunidade.<\/p>\n\n\n\n<p><strong>REFLITAMOS JUNTOS<\/strong><\/p>\n\n\n\n<p>Ao ler estas dez ideias iniciais, convidamos voc\u00ea a fazer o exerc\u00edcio de coment\u00e1-las e enriquec\u00ea-las em suas comunidades.<\/p>\n\n\n\n<p>Que balan\u00e7o resta para a Amaz\u00f4nia no final desta primeira d\u00e9cada de pontificado? O que mudou entre 2013 e 2023 em rela\u00e7\u00e3o \u00e0 evangeliza\u00e7\u00e3o nesta floresta, que \u00e9 a garantia da vida de nossa grande Casa Comum? Mas, acima de tudo: o que \u00e9 que devemos continuar a perseverar para que a palavra amanhe\u00e7a e os sonhos se tornem realidade?<\/p>\n\n\n<div class=\"wp-block-image\">\n<figure class=\"aligncenter size-full\"><img loading=\"lazy\" decoding=\"async\" width=\"1024\" height=\"682\" src=\"https:\/\/www.repam.net\/pt\/wp-content\/uploads\/2023\/03\/pueblos-indigenas-y-Papa-2-1024x682-1.jpg\" alt=\"\" class=\"wp-image-2202\" srcset=\"https:\/\/www.repam.net\/pt\/wp-content\/uploads\/2023\/03\/pueblos-indigenas-y-Papa-2-1024x682-1.jpg 1024w, https:\/\/www.repam.net\/pt\/wp-content\/uploads\/2023\/03\/pueblos-indigenas-y-Papa-2-1024x682-1-300x200.jpg 300w, https:\/\/www.repam.net\/pt\/wp-content\/uploads\/2023\/03\/pueblos-indigenas-y-Papa-2-1024x682-1-768x512.jpg 768w\" sizes=\"auto, (max-width: 1024px) 100vw, 1024px\" \/><\/figure>\n<\/div>\n\n\n<p>A Plataforma de A\u00e7\u00e3o \u201cLaudato Si\u2019\u201d, o trabalho do movimento de Economia de Clara e de Francisco de Assis, o profetismo da Rede Igrejas e Minera\u00e7\u00e3o, as den\u00fancias da Igreja constitu\u00edda como sujeito pol\u00edtico para proteger os Direitos Humanos e para pedir medidas cautelares perante a CIDH, a mem\u00f3ria sempre viva dos m\u00e1rtires que transbordaram seu discipulado mission\u00e1rio at\u00e9 o batismo de sangue, indicam que esta d\u00e9cada do Papa Francisco n\u00e3o pode ser medida apenas por frutos como o S\u00ednodo, a exorta\u00e7\u00e3o Querida Amaz\u00f4nia ou a CEAMA.<\/p>\n\n\n\n<p>As sementes que ele espalhou, e que o &#8220;sonho feito de \u00e1gua&#8221; far\u00e1 florescer a abund\u00e2ncia nos campos. As palavras em Puerto Maldonado, quando foi dado o primeiro passo sinodal, continuam a ter uma impactante vig\u00eancia:<\/p>\n\n\n\n<p><em>\u201cAmem esta terra, sintam-na como se fosse de voc\u00eas. Cheirem-na, escutem-na, maravilhem-se com ela. Apaixonem-se por esta terra, M\u00e3e de Deus, e se comprometam com ela e cuidem dela, defendam-na. N\u00e3o a usem como um mero objeto descart\u00e1vel, mas como um verdadeiro tesouro para desfrutar, para faz\u00ea-la crescer e para transmiti-la a seus filhos. N\u00f3s nos confiamos a Maria, M\u00e3e de Deus e nossa M\u00e3e, e nos colocamos sob sua prote\u00e7\u00e3o. E, por favor, n\u00e3o se esque\u00e7am de rezar por mim. E convido todos voc\u00eas a rezarem \u00e0 M\u00e3e de Deus. Ave Maria&#8230; E que Deus todo-poderoso, o Pai, o Filho e o Esp\u00edrito Santo vos aben\u00e7oe. Adeus\u201d.<\/em><\/p>\n\n\n\n<p><em>(*) Alirio C\u00e1ceres Aguirre <\/em>\u00e9 di\u00e1cono permanente, eco te\u00f3logo, gestor ambiental, educador.<\/p>\n\n\n\n<p><strong><em>Fonte: REPAM\/Tradu\u00e7\u00e3o &#8211; Irm\u00e3o Hugo Bruno Mombach<\/em><\/strong><\/p>\n","protected":false},"excerpt":{"rendered":"<p>Francisco \u00e9 reconhecido como o Papa da querida Amaz\u00f4nia. Sistematizamos aqui dez contribui\u00e7\u00f5es iniciais de seu pontificado para a Amaz\u00f4nia, e convidamos voc\u00eas a coment\u00e1-las e enriquec\u00ea-las em suas comunidades. Que equil\u00edbrio resta para a Amaz\u00f4nia no final desta primeira d\u00e9cada do pontificado do Papa Francisco? O que devemos continuar a perseverar para que a [&hellip;]<\/p>\n","protected":false},"author":1,"featured_media":2198,"comment_status":"closed","ping_status":"closed","sticky":false,"template":"","format":"standard","meta":{"_acf_changed":false,"_uf_show_specific_survey":0,"_uf_disable_surveys":false,"footnotes":""},"categories":[4],"tags":[63,59,34,20,51,65,35,6,15],"class_list":["post-2197","post","type-post","status-publish","format-standard","has-post-thumbnail","hentry","category-noticias","tag-amazonia-2","tag-direitos-humanos","tag-ecologia-integral","tag-igreja-com-rosto-amazonico","tag-igreja-da-amazonia","tag-papafrancisco","tag-povos-indigenas","tag-repam","tag-sinodo-amazonico"],"acf":[],"aioseo_notices":[],"yoast_head":"<!-- This site is optimized with the Yoast SEO plugin v24.2 - https:\/\/yoast.com\/wordpress\/plugins\/seo\/ -->\n<title>Dez contribui\u00e7\u00f5es do Papa Francisco \u00e0 Amaz\u00f4nia - Repam<\/title>\n<meta name=\"robots\" content=\"index, follow, max-snippet:-1, max-image-preview:large, max-video-preview:-1\" \/>\n<link rel=\"canonical\" href=\"https:\/\/www.repam.net\/pt\/dez-contribuicoes-do-papa-francisco-a-amazonia\/\" \/>\n<meta property=\"og:locale\" content=\"pt_BR\" \/>\n<meta property=\"og:type\" content=\"article\" \/>\n<meta property=\"og:title\" content=\"Dez contribui\u00e7\u00f5es do Papa Francisco \u00e0 Amaz\u00f4nia - Repam\" \/>\n<meta property=\"og:description\" content=\"Francisco \u00e9 reconhecido como o Papa da querida Amaz\u00f4nia. Sistematizamos aqui dez contribui\u00e7\u00f5es iniciais de seu pontificado para a Amaz\u00f4nia, e convidamos voc\u00eas a coment\u00e1-las e enriquec\u00ea-las em suas comunidades. Que equil\u00edbrio resta para a Amaz\u00f4nia no final desta primeira d\u00e9cada do pontificado do Papa Francisco? O que devemos continuar a perseverar para que a [&hellip;]\" \/>\n<meta property=\"og:url\" content=\"https:\/\/www.repam.net\/pt\/dez-contribuicoes-do-papa-francisco-a-amazonia\/\" \/>\n<meta property=\"og:site_name\" content=\"Repam\" \/>\n<meta property=\"article:published_time\" content=\"2023-03-15T19:34:44+00:00\" \/>\n<meta property=\"article:modified_time\" content=\"2023-03-15T19:34:46+00:00\" \/>\n<meta property=\"og:image\" content=\"https:\/\/www.repam.net\/pt\/wp-content\/uploads\/2023\/03\/pueblos-indigenas-y-Papa-5-2-1024x682-1.jpg\" \/>\n\t<meta property=\"og:image:width\" content=\"1024\" \/>\n\t<meta property=\"og:image:height\" content=\"682\" \/>\n\t<meta property=\"og:image:type\" content=\"image\/jpeg\" \/>\n<meta name=\"author\" content=\"repam@adm\" \/>\n<meta name=\"twitter:card\" content=\"summary_large_image\" \/>\n<meta name=\"twitter:label1\" content=\"Escrito por\" \/>\n\t<meta name=\"twitter:data1\" content=\"repam@adm\" \/>\n\t<meta name=\"twitter:label2\" content=\"Est. tempo de leitura\" \/>\n\t<meta name=\"twitter:data2\" content=\"12 minutos\" \/>\n<script type=\"application\/ld+json\" class=\"yoast-schema-graph\">{\"@context\":\"https:\/\/schema.org\",\"@graph\":[{\"@type\":\"Article\",\"@id\":\"https:\/\/www.repam.net\/pt\/dez-contribuicoes-do-papa-francisco-a-amazonia\/#article\",\"isPartOf\":{\"@id\":\"https:\/\/www.repam.net\/pt\/dez-contribuicoes-do-papa-francisco-a-amazonia\/\"},\"author\":{\"name\":\"repam@adm\",\"@id\":\"https:\/\/www.repam.net\/pt\/#\/schema\/person\/b6f20b09de002e56f342d9b3a5143d51\"},\"headline\":\"Dez contribui\u00e7\u00f5es do Papa Francisco \u00e0 Amaz\u00f4nia\",\"datePublished\":\"2023-03-15T19:34:44+00:00\",\"dateModified\":\"2023-03-15T19:34:46+00:00\",\"mainEntityOfPage\":{\"@id\":\"https:\/\/www.repam.net\/pt\/dez-contribuicoes-do-papa-francisco-a-amazonia\/\"},\"wordCount\":2220,\"publisher\":{\"@id\":\"https:\/\/www.repam.net\/pt\/#organization\"},\"image\":{\"@id\":\"https:\/\/www.repam.net\/pt\/dez-contribuicoes-do-papa-francisco-a-amazonia\/#primaryimage\"},\"thumbnailUrl\":\"https:\/\/www.repam.net\/pt\/wp-content\/uploads\/2023\/03\/pueblos-indigenas-y-Papa-5-2-1024x682-1.jpg\",\"keywords\":[\"amazonia\",\"Direitos Humanos\",\"Ecologia Integral\",\"Igreja com rosto amaz\u00f4nico\",\"igreja da amaz\u00f4nia\",\"PapaFrancisco\",\"Povos Ind\u00edgenas\",\"REPAM\",\"S\u00ednodo Amaz\u00f4nico\"],\"articleSection\":[\"Not\u00edcias\"],\"inLanguage\":\"pt-BR\"},{\"@type\":\"WebPage\",\"@id\":\"https:\/\/www.repam.net\/pt\/dez-contribuicoes-do-papa-francisco-a-amazonia\/\",\"url\":\"https:\/\/www.repam.net\/pt\/dez-contribuicoes-do-papa-francisco-a-amazonia\/\",\"name\":\"Dez contribui\u00e7\u00f5es do Papa Francisco \u00e0 Amaz\u00f4nia - Repam\",\"isPartOf\":{\"@id\":\"https:\/\/www.repam.net\/pt\/#website\"},\"primaryImageOfPage\":{\"@id\":\"https:\/\/www.repam.net\/pt\/dez-contribuicoes-do-papa-francisco-a-amazonia\/#primaryimage\"},\"image\":{\"@id\":\"https:\/\/www.repam.net\/pt\/dez-contribuicoes-do-papa-francisco-a-amazonia\/#primaryimage\"},\"thumbnailUrl\":\"https:\/\/www.repam.net\/pt\/wp-content\/uploads\/2023\/03\/pueblos-indigenas-y-Papa-5-2-1024x682-1.jpg\",\"datePublished\":\"2023-03-15T19:34:44+00:00\",\"dateModified\":\"2023-03-15T19:34:46+00:00\",\"breadcrumb\":{\"@id\":\"https:\/\/www.repam.net\/pt\/dez-contribuicoes-do-papa-francisco-a-amazonia\/#breadcrumb\"},\"inLanguage\":\"pt-BR\",\"potentialAction\":[{\"@type\":\"ReadAction\",\"target\":[\"https:\/\/www.repam.net\/pt\/dez-contribuicoes-do-papa-francisco-a-amazonia\/\"]}]},{\"@type\":\"ImageObject\",\"inLanguage\":\"pt-BR\",\"@id\":\"https:\/\/www.repam.net\/pt\/dez-contribuicoes-do-papa-francisco-a-amazonia\/#primaryimage\",\"url\":\"https:\/\/www.repam.net\/pt\/wp-content\/uploads\/2023\/03\/pueblos-indigenas-y-Papa-5-2-1024x682-1.jpg\",\"contentUrl\":\"https:\/\/www.repam.net\/pt\/wp-content\/uploads\/2023\/03\/pueblos-indigenas-y-Papa-5-2-1024x682-1.jpg\",\"width\":1024,\"height\":682},{\"@type\":\"BreadcrumbList\",\"@id\":\"https:\/\/www.repam.net\/pt\/dez-contribuicoes-do-papa-francisco-a-amazonia\/#breadcrumb\",\"itemListElement\":[{\"@type\":\"ListItem\",\"position\":1,\"name\":\"In\u00edcio\",\"item\":\"https:\/\/www.repam.net\/pt\/\"},{\"@type\":\"ListItem\",\"position\":2,\"name\":\"Dez contribui\u00e7\u00f5es do Papa Francisco \u00e0 Amaz\u00f4nia\"}]},{\"@type\":\"WebSite\",\"@id\":\"https:\/\/www.repam.net\/pt\/#website\",\"url\":\"https:\/\/www.repam.net\/pt\/\",\"name\":\"Repam\",\"description\":\"Rede Eclesial Pan-amaz\u00f4nica\",\"publisher\":{\"@id\":\"https:\/\/www.repam.net\/pt\/#organization\"},\"potentialAction\":[{\"@type\":\"SearchAction\",\"target\":{\"@type\":\"EntryPoint\",\"urlTemplate\":\"https:\/\/www.repam.net\/pt\/?s={search_term_string}\"},\"query-input\":{\"@type\":\"PropertyValueSpecification\",\"valueRequired\":true,\"valueName\":\"search_term_string\"}}],\"inLanguage\":\"pt-BR\"},{\"@type\":\"Organization\",\"@id\":\"https:\/\/www.repam.net\/pt\/#organization\",\"name\":\"Repam\",\"url\":\"https:\/\/www.repam.net\/pt\/\",\"logo\":{\"@type\":\"ImageObject\",\"inLanguage\":\"pt-BR\",\"@id\":\"https:\/\/www.repam.net\/pt\/#\/schema\/logo\/image\/\",\"url\":\"https:\/\/www.repam.net\/pt\/wp-content\/uploads\/2022\/02\/15.-REPAM-BRASIL.jpg\",\"contentUrl\":\"https:\/\/www.repam.net\/pt\/wp-content\/uploads\/2022\/02\/15.-REPAM-BRASIL.jpg\",\"width\":231,\"height\":230,\"caption\":\"Repam\"},\"image\":{\"@id\":\"https:\/\/www.repam.net\/pt\/#\/schema\/logo\/image\/\"}},{\"@type\":\"Person\",\"@id\":\"https:\/\/www.repam.net\/pt\/#\/schema\/person\/b6f20b09de002e56f342d9b3a5143d51\",\"name\":\"repam@adm\",\"image\":{\"@type\":\"ImageObject\",\"inLanguage\":\"pt-BR\",\"@id\":\"https:\/\/www.repam.net\/pt\/#\/schema\/person\/image\/\",\"url\":\"https:\/\/secure.gravatar.com\/avatar\/b18234ea6de5d74563e52ca7bfdad9d2b029b514c935b38a2790717abf8f2e5f?s=96&d=mm&r=g\",\"contentUrl\":\"https:\/\/secure.gravatar.com\/avatar\/b18234ea6de5d74563e52ca7bfdad9d2b029b514c935b38a2790717abf8f2e5f?s=96&d=mm&r=g\",\"caption\":\"repam@adm\"},\"sameAs\":[\"https:\/\/www.repam.net\/pt\"],\"url\":\"https:\/\/www.repam.net\/pt\/author\/repamadm\/\"}]}<\/script>\n<!-- \/ Yoast SEO plugin. -->","yoast_head_json":{"title":"Dez contribui\u00e7\u00f5es do Papa Francisco \u00e0 Amaz\u00f4nia - Repam","robots":{"index":"index","follow":"follow","max-snippet":"max-snippet:-1","max-image-preview":"max-image-preview:large","max-video-preview":"max-video-preview:-1"},"canonical":"https:\/\/www.repam.net\/pt\/dez-contribuicoes-do-papa-francisco-a-amazonia\/","og_locale":"pt_BR","og_type":"article","og_title":"Dez contribui\u00e7\u00f5es do Papa Francisco \u00e0 Amaz\u00f4nia - Repam","og_description":"Francisco \u00e9 reconhecido como o Papa da querida Amaz\u00f4nia. Sistematizamos aqui dez contribui\u00e7\u00f5es iniciais de seu pontificado para a Amaz\u00f4nia, e convidamos voc\u00eas a coment\u00e1-las e enriquec\u00ea-las em suas comunidades. Que equil\u00edbrio resta para a Amaz\u00f4nia no final desta primeira d\u00e9cada do pontificado do Papa Francisco? O que devemos continuar a perseverar para que a [&hellip;]","og_url":"https:\/\/www.repam.net\/pt\/dez-contribuicoes-do-papa-francisco-a-amazonia\/","og_site_name":"Repam","article_published_time":"2023-03-15T19:34:44+00:00","article_modified_time":"2023-03-15T19:34:46+00:00","og_image":[{"width":1024,"height":682,"url":"https:\/\/www.repam.net\/pt\/wp-content\/uploads\/2023\/03\/pueblos-indigenas-y-Papa-5-2-1024x682-1.jpg","type":"image\/jpeg"}],"author":"repam@adm","twitter_card":"summary_large_image","twitter_misc":{"Escrito por":"repam@adm","Est. tempo de leitura":"12 minutos"},"schema":{"@context":"https:\/\/schema.org","@graph":[{"@type":"Article","@id":"https:\/\/www.repam.net\/pt\/dez-contribuicoes-do-papa-francisco-a-amazonia\/#article","isPartOf":{"@id":"https:\/\/www.repam.net\/pt\/dez-contribuicoes-do-papa-francisco-a-amazonia\/"},"author":{"name":"repam@adm","@id":"https:\/\/www.repam.net\/pt\/#\/schema\/person\/b6f20b09de002e56f342d9b3a5143d51"},"headline":"Dez contribui\u00e7\u00f5es do Papa Francisco \u00e0 Amaz\u00f4nia","datePublished":"2023-03-15T19:34:44+00:00","dateModified":"2023-03-15T19:34:46+00:00","mainEntityOfPage":{"@id":"https:\/\/www.repam.net\/pt\/dez-contribuicoes-do-papa-francisco-a-amazonia\/"},"wordCount":2220,"publisher":{"@id":"https:\/\/www.repam.net\/pt\/#organization"},"image":{"@id":"https:\/\/www.repam.net\/pt\/dez-contribuicoes-do-papa-francisco-a-amazonia\/#primaryimage"},"thumbnailUrl":"https:\/\/www.repam.net\/pt\/wp-content\/uploads\/2023\/03\/pueblos-indigenas-y-Papa-5-2-1024x682-1.jpg","keywords":["amazonia","Direitos Humanos","Ecologia Integral","Igreja com rosto amaz\u00f4nico","igreja da amaz\u00f4nia","PapaFrancisco","Povos Ind\u00edgenas","REPAM","S\u00ednodo Amaz\u00f4nico"],"articleSection":["Not\u00edcias"],"inLanguage":"pt-BR"},{"@type":"WebPage","@id":"https:\/\/www.repam.net\/pt\/dez-contribuicoes-do-papa-francisco-a-amazonia\/","url":"https:\/\/www.repam.net\/pt\/dez-contribuicoes-do-papa-francisco-a-amazonia\/","name":"Dez contribui\u00e7\u00f5es do Papa Francisco \u00e0 Amaz\u00f4nia - Repam","isPartOf":{"@id":"https:\/\/www.repam.net\/pt\/#website"},"primaryImageOfPage":{"@id":"https:\/\/www.repam.net\/pt\/dez-contribuicoes-do-papa-francisco-a-amazonia\/#primaryimage"},"image":{"@id":"https:\/\/www.repam.net\/pt\/dez-contribuicoes-do-papa-francisco-a-amazonia\/#primaryimage"},"thumbnailUrl":"https:\/\/www.repam.net\/pt\/wp-content\/uploads\/2023\/03\/pueblos-indigenas-y-Papa-5-2-1024x682-1.jpg","datePublished":"2023-03-15T19:34:44+00:00","dateModified":"2023-03-15T19:34:46+00:00","breadcrumb":{"@id":"https:\/\/www.repam.net\/pt\/dez-contribuicoes-do-papa-francisco-a-amazonia\/#breadcrumb"},"inLanguage":"pt-BR","potentialAction":[{"@type":"ReadAction","target":["https:\/\/www.repam.net\/pt\/dez-contribuicoes-do-papa-francisco-a-amazonia\/"]}]},{"@type":"ImageObject","inLanguage":"pt-BR","@id":"https:\/\/www.repam.net\/pt\/dez-contribuicoes-do-papa-francisco-a-amazonia\/#primaryimage","url":"https:\/\/www.repam.net\/pt\/wp-content\/uploads\/2023\/03\/pueblos-indigenas-y-Papa-5-2-1024x682-1.jpg","contentUrl":"https:\/\/www.repam.net\/pt\/wp-content\/uploads\/2023\/03\/pueblos-indigenas-y-Papa-5-2-1024x682-1.jpg","width":1024,"height":682},{"@type":"BreadcrumbList","@id":"https:\/\/www.repam.net\/pt\/dez-contribuicoes-do-papa-francisco-a-amazonia\/#breadcrumb","itemListElement":[{"@type":"ListItem","position":1,"name":"In\u00edcio","item":"https:\/\/www.repam.net\/pt\/"},{"@type":"ListItem","position":2,"name":"Dez contribui\u00e7\u00f5es do Papa Francisco \u00e0 Amaz\u00f4nia"}]},{"@type":"WebSite","@id":"https:\/\/www.repam.net\/pt\/#website","url":"https:\/\/www.repam.net\/pt\/","name":"Repam","description":"Rede Eclesial Pan-amaz\u00f4nica","publisher":{"@id":"https:\/\/www.repam.net\/pt\/#organization"},"potentialAction":[{"@type":"SearchAction","target":{"@type":"EntryPoint","urlTemplate":"https:\/\/www.repam.net\/pt\/?s={search_term_string}"},"query-input":{"@type":"PropertyValueSpecification","valueRequired":true,"valueName":"search_term_string"}}],"inLanguage":"pt-BR"},{"@type":"Organization","@id":"https:\/\/www.repam.net\/pt\/#organization","name":"Repam","url":"https:\/\/www.repam.net\/pt\/","logo":{"@type":"ImageObject","inLanguage":"pt-BR","@id":"https:\/\/www.repam.net\/pt\/#\/schema\/logo\/image\/","url":"https:\/\/www.repam.net\/pt\/wp-content\/uploads\/2022\/02\/15.-REPAM-BRASIL.jpg","contentUrl":"https:\/\/www.repam.net\/pt\/wp-content\/uploads\/2022\/02\/15.-REPAM-BRASIL.jpg","width":231,"height":230,"caption":"Repam"},"image":{"@id":"https:\/\/www.repam.net\/pt\/#\/schema\/logo\/image\/"}},{"@type":"Person","@id":"https:\/\/www.repam.net\/pt\/#\/schema\/person\/b6f20b09de002e56f342d9b3a5143d51","name":"repam@adm","image":{"@type":"ImageObject","inLanguage":"pt-BR","@id":"https:\/\/www.repam.net\/pt\/#\/schema\/person\/image\/","url":"https:\/\/secure.gravatar.com\/avatar\/b18234ea6de5d74563e52ca7bfdad9d2b029b514c935b38a2790717abf8f2e5f?s=96&d=mm&r=g","contentUrl":"https:\/\/secure.gravatar.com\/avatar\/b18234ea6de5d74563e52ca7bfdad9d2b029b514c935b38a2790717abf8f2e5f?s=96&d=mm&r=g","caption":"repam@adm"},"sameAs":["https:\/\/www.repam.net\/pt"],"url":"https:\/\/www.repam.net\/pt\/author\/repamadm\/"}]}},"_links":{"self":[{"href":"https:\/\/www.repam.net\/pt\/wp-json\/wp\/v2\/posts\/2197","targetHints":{"allow":["GET"]}}],"collection":[{"href":"https:\/\/www.repam.net\/pt\/wp-json\/wp\/v2\/posts"}],"about":[{"href":"https:\/\/www.repam.net\/pt\/wp-json\/wp\/v2\/types\/post"}],"author":[{"embeddable":true,"href":"https:\/\/www.repam.net\/pt\/wp-json\/wp\/v2\/users\/1"}],"replies":[{"embeddable":true,"href":"https:\/\/www.repam.net\/pt\/wp-json\/wp\/v2\/comments?post=2197"}],"version-history":[{"count":1,"href":"https:\/\/www.repam.net\/pt\/wp-json\/wp\/v2\/posts\/2197\/revisions"}],"predecessor-version":[{"id":2203,"href":"https:\/\/www.repam.net\/pt\/wp-json\/wp\/v2\/posts\/2197\/revisions\/2203"}],"wp:featuredmedia":[{"embeddable":true,"href":"https:\/\/www.repam.net\/pt\/wp-json\/wp\/v2\/media\/2198"}],"wp:attachment":[{"href":"https:\/\/www.repam.net\/pt\/wp-json\/wp\/v2\/media?parent=2197"}],"wp:term":[{"taxonomy":"category","embeddable":true,"href":"https:\/\/www.repam.net\/pt\/wp-json\/wp\/v2\/categories?post=2197"},{"taxonomy":"post_tag","embeddable":true,"href":"https:\/\/www.repam.net\/pt\/wp-json\/wp\/v2\/tags?post=2197"}],"curies":[{"name":"wp","href":"https:\/\/api.w.org\/{rel}","templated":true}]}}