{"id":2231,"date":"2023-03-22T17:06:00","date_gmt":"2023-03-22T20:06:00","guid":{"rendered":"https:\/\/www.repam.net\/pt\/?p=2231"},"modified":"2023-03-22T17:21:31","modified_gmt":"2023-03-22T20:21:31","slug":"1-encontro-da-rede-ecumenica-amazonizar","status":"publish","type":"post","link":"https:\/\/www.repam.net\/pt\/1-encontro-da-rede-ecumenica-amazonizar\/","title":{"rendered":"Primeiro encontro da Rede Ecum\u00eanica &#8220;Amazonizar&#8221; ser\u00e1 realizado na Amaz\u00f4nia brasileira"},"content":{"rendered":"<div class=\"wp-block-image\">\n<figure class=\"aligncenter size-large\"><img loading=\"lazy\" decoding=\"async\" width=\"1024\" height=\"512\" src=\"https:\/\/www.repam.net\/pt\/wp-content\/uploads\/2023\/03\/Rede-Amazonizar--1024x512.jpg\" alt=\"\" class=\"wp-image-2232\" srcset=\"https:\/\/www.repam.net\/pt\/wp-content\/uploads\/2023\/03\/Rede-Amazonizar--1024x512.jpg 1024w, https:\/\/www.repam.net\/pt\/wp-content\/uploads\/2023\/03\/Rede-Amazonizar--300x150.jpg 300w, https:\/\/www.repam.net\/pt\/wp-content\/uploads\/2023\/03\/Rede-Amazonizar--768x384.jpg 768w, https:\/\/www.repam.net\/pt\/wp-content\/uploads\/2023\/03\/Rede-Amazonizar--1536x768.jpg 1536w, https:\/\/www.repam.net\/pt\/wp-content\/uploads\/2023\/03\/Rede-Amazonizar-.jpg 1599w\" sizes=\"auto, (max-width: 1024px) 100vw, 1024px\" \/><\/figure>\n<\/div>\n\n\n<blockquote class=\"wp-block-quote is-layout-flow wp-block-quote-is-layout-flow\">\n<p>Nos dias 24, 25 e 26 de mar\u00e7o acontecer\u00e1 o encontro no audit\u00f3rio do Palacete Provincial, em Manaus, com o lema: \u201cTecendo redes de comunh\u00e3o na Amaz\u00f4nia no combate \u00e0 Intoler\u00e2ncia Religiosa\u201d.<\/p>\n<\/blockquote>\n\n\n\n<p><strong><em>Por Rede Amazonizar<\/em><\/strong><\/p>\n\n\n\n<p>A Rede Ecum\u00eanica AMAZONIZAR \u00e9 uma iniciativa de igrejas crist\u00e3s, organismos pastorais e entidades da sociedade civil que visa chamar a aten\u00e7\u00e3o do governo e da sociedade em geral para os problemas da regi\u00e3o amaz\u00f4nica bem como promover o combate \u00e0 Intoler\u00e2ncia Religiosa na mesma regi\u00e3o.<\/p>\n\n\n\n<p>Este evento, que durar\u00e1 tr\u00eas dias, versar\u00e1 sobre a situa\u00e7\u00e3o atual da Amaz\u00f4nia, o di\u00e1logo e a parceria entre igrejas crist\u00e3s e entre as demais religi\u00f5es em territ\u00f3rio amaz\u00f4nico e ter\u00e1 tamb\u00e9m a participa\u00e7\u00e3o especial da Iniciativa Inter-religiosa pela Preserva\u00e7\u00e3o das Florestas Tropicais da ONU, da Rede Eclesial Pan Amaz\u00f4nica (REPAM), do Conselho Nacional de Igrejas Crist\u00e3s e da Articula\u00e7\u00e3o do Povos Ind\u00edgenas do Amazonas (APIAM).<\/p>\n\n\n\n<p>Al\u00e9m disso, o encontro \u00e9 gratuito e conta com o apoio da CESE (Coordenadoria Ecum\u00eanica de Servi\u00e7o), da Secretaria de Cultura e do Governo do Estado do Amazonas. O evento certificar\u00e1, via e-mail, os participantes com 12hs de carga hor\u00e1ria.<\/p>\n\n\n\n<p>Autoridades religiosas e representantes do Poder p\u00fablico devem participar do encontro. Nos mesmos dias, o Museu do Palacete Provincial estar\u00e1 completando 10 anos.<\/p>\n\n\n\n<p><br>Para outras informa\u00e7\u00f5es e <a href=\"https:\/\/docs.google.com\/forms\/d\/e\/1FAIpQLScLeqxdNa-dBBBoDix4gX82_-DGDn7zhkdtTqQej9_7Ybla5A\/viewform?fbclid=IwAR2aMVu0R8NkGtHqKGMzDSP82e18312samWDbhYCTT_bF-nJBsAJuCt4pFM\" target=\"_blank\" rel=\"noreferrer noopener\">inscri\u00e7\u00f5es<\/a>, entrar em contato com: <a href=\"mailto:reamazonizar@gmail.com\" target=\"_blank\" rel=\"noreferrer noopener\">reamazonizar@gmail.com<\/a>\u00a0| <a href=\"https:\/\/www.facebook.com\/amazonizar\/\" target=\"_blank\" rel=\"noreferrer noopener\">@amazonizar<\/a><\/p>\n\n\n\n<p>Prof. Iuri Lima (92) 98426-1616 \/ Bp. Renato de Souza (92) 99173-2423<\/p>\n\n\n\n<hr class=\"wp-block-separator has-alpha-channel-opacity\"\/>\n\n\n\n<h5 class=\"wp-block-heading\">PROGRAMA\u00c7\u00c3O DO ENCONTRO<\/h5>\n\n\n\n<p><strong>SEXTA-FEIRA 24 DE MAR\u00c7O<\/strong><\/p>\n\n\n\n<p>Abertura 19h: Mesa: &#8220;Amazonizar um desafio de integra\u00e7\u00e3o para Amaz\u00f4nia brasileira media\u00e7\u00e3o&#8221;:&nbsp;<strong>membros da rede \/ Amarn \/ Fae \/ Igreja Ortodoxa \/ FCM \/ Anglicanos\/ Focolares \/ Rede um grito pela vida.<\/strong><\/p>\n\n\n\n<hr class=\"wp-block-separator has-alpha-channel-opacity\"\/>\n\n\n\n<p><strong>S\u00c1BADO 25 DE MAR\u00c7O<\/strong><\/p>\n\n\n\n<p>8h- Ora\u00e7\u00e3o da Manh\u00e3<\/p>\n\n\n\n<p>9h- A experi\u00eancia de ecumenismo e promo\u00e7\u00e3o da vida na Amaz\u00f4nia e a experi\u00eancia do S\u00ednodo da Amaz\u00f4nia \u2013 Rev. Cl\u00e1udio \/ Diego Aguiar (CAIC \/ REPAM)&nbsp;<\/p>\n\n\n\n<p>10h15- Intervalo<\/p>\n\n\n\n<p>10h30- An\u00e1lise de conjuntura do ecumenismo para o Brasil \u2013 Bp.Marinez \/ Pr. Romi (CONIC)<\/p>\n\n\n\n<p>12h- Almo\u00e7o<\/p>\n\n\n\n<p>13h30- Iniciativa inter-religiosa de prote\u00e7\u00e3o \u00e0s florestas tropicais \u2013 IRI \/ ONU<\/p>\n\n\n\n<p>14h50- Intervalo&nbsp;<\/p>\n\n\n\n<p>15h- Grupos de Trabalho: Planejamento da rede amazonizar para 2023 (Carta da Amaz\u00f4nia)&nbsp;<\/p>\n\n\n\n<p>17h- Intervalo<\/p>\n\n\n\n<p>17h15- Ora\u00e7\u00e3o da Tarde \u2013 Bp Renato<\/p>\n\n\n\n<p>Encerramento com a Banda de m\u00fasica da Marinha<\/p>\n\n\n\n<hr class=\"wp-block-separator has-alpha-channel-opacity\"\/>\n\n\n\n<p><strong>DOMINGO, 26 DE MAR\u00c7O<\/strong><\/p>\n\n\n\n<p><strong>MANH\u00c3<\/strong><\/p>\n\n\n\n<p>9h- Celebra\u00e7\u00e3o de encerramento na Pra\u00e7a da Pol\u00edcia.&nbsp;<\/p>\n\n\n\n<p>10h30- Lanche de encerramento<\/p>\n","protected":false},"excerpt":{"rendered":"<p>Nos dias 24, 25 e 26 de mar\u00e7o acontecer\u00e1 o encontro no audit\u00f3rio do Palacete Provincial, em Manaus, com o lema: \u201cTecendo redes de comunh\u00e3o na Amaz\u00f4nia no combate \u00e0 Intoler\u00e2ncia Religiosa\u201d. Por Rede Amazonizar A Rede Ecum\u00eanica AMAZONIZAR \u00e9 uma iniciativa de igrejas crist\u00e3s, organismos pastorais e entidades da sociedade civil que visa chamar [&hellip;]<\/p>\n","protected":false},"author":1,"featured_media":2237,"comment_status":"closed","ping_status":"closed","sticky":false,"template":"","format":"standard","meta":{"_acf_changed":false,"_uf_show_specific_survey":0,"_uf_disable_surveys":false,"footnotes":""},"categories":[155,4],"tags":[18,185,183,182,184,6],"class_list":["post-2231","post","type-post","status-publish","format-standard","has-post-thumbnail","hentry","category-espiritualidade-amazonica","category-noticias","tag-brasil","tag-cese","tag-dialogo-ecumenico","tag-ecumenismo","tag-rede-amazonizar","tag-repam"],"acf":[],"aioseo_notices":[],"yoast_head":"<!-- This site is optimized with the Yoast SEO plugin v24.2 - https:\/\/yoast.com\/wordpress\/plugins\/seo\/ -->\n<title>Primeiro encontro da Rede Ecum\u00eanica &quot;Amazonizar&quot; ser\u00e1 realizado na Amaz\u00f4nia brasileira - Repam<\/title>\n<meta name=\"robots\" content=\"index, follow, max-snippet:-1, max-image-preview:large, max-video-preview:-1\" \/>\n<link rel=\"canonical\" href=\"https:\/\/www.repam.net\/pt\/1-encontro-da-rede-ecumenica-amazonizar\/\" \/>\n<meta property=\"og:locale\" content=\"pt_BR\" \/>\n<meta property=\"og:type\" content=\"article\" \/>\n<meta property=\"og:title\" content=\"Primeiro encontro da Rede Ecum\u00eanica &quot;Amazonizar&quot; ser\u00e1 realizado na Amaz\u00f4nia brasileira - Repam\" \/>\n<meta property=\"og:description\" content=\"Nos dias 24, 25 e 26 de mar\u00e7o acontecer\u00e1 o encontro no audit\u00f3rio do Palacete Provincial, em Manaus, com o lema: \u201cTecendo redes de comunh\u00e3o na Amaz\u00f4nia no combate \u00e0 Intoler\u00e2ncia Religiosa\u201d. Por Rede Amazonizar A Rede Ecum\u00eanica AMAZONIZAR \u00e9 uma iniciativa de igrejas crist\u00e3s, organismos pastorais e entidades da sociedade civil que visa chamar [&hellip;]\" \/>\n<meta property=\"og:url\" content=\"https:\/\/www.repam.net\/pt\/1-encontro-da-rede-ecumenica-amazonizar\/\" \/>\n<meta property=\"og:site_name\" content=\"Repam\" \/>\n<meta property=\"article:published_time\" content=\"2023-03-22T20:06:00+00:00\" \/>\n<meta property=\"article:modified_time\" content=\"2023-03-22T20:21:31+00:00\" \/>\n<meta property=\"og:image\" content=\"https:\/\/www.repam.net\/pt\/wp-content\/uploads\/2023\/03\/Rede-Amazonizar-1-encontro.jpg\" \/>\n\t<meta property=\"og:image:width\" content=\"1280\" \/>\n\t<meta property=\"og:image:height\" content=\"720\" \/>\n\t<meta property=\"og:image:type\" content=\"image\/jpeg\" \/>\n<meta name=\"author\" content=\"repam@adm\" \/>\n<meta name=\"twitter:card\" content=\"summary_large_image\" \/>\n<meta name=\"twitter:label1\" content=\"Escrito por\" \/>\n\t<meta name=\"twitter:data1\" content=\"repam@adm\" \/>\n\t<meta name=\"twitter:label2\" content=\"Est. tempo de leitura\" \/>\n\t<meta name=\"twitter:data2\" content=\"3 minutos\" \/>\n<script type=\"application\/ld+json\" class=\"yoast-schema-graph\">{\"@context\":\"https:\/\/schema.org\",\"@graph\":[{\"@type\":\"Article\",\"@id\":\"https:\/\/www.repam.net\/pt\/1-encontro-da-rede-ecumenica-amazonizar\/#article\",\"isPartOf\":{\"@id\":\"https:\/\/www.repam.net\/pt\/1-encontro-da-rede-ecumenica-amazonizar\/\"},\"author\":{\"name\":\"repam@adm\",\"@id\":\"https:\/\/www.repam.net\/pt\/#\/schema\/person\/b6f20b09de002e56f342d9b3a5143d51\"},\"headline\":\"Primeiro encontro da Rede Ecum\u00eanica &#8220;Amazonizar&#8221; ser\u00e1 realizado na Amaz\u00f4nia brasileira\",\"datePublished\":\"2023-03-22T20:06:00+00:00\",\"dateModified\":\"2023-03-22T20:21:31+00:00\",\"mainEntityOfPage\":{\"@id\":\"https:\/\/www.repam.net\/pt\/1-encontro-da-rede-ecumenica-amazonizar\/\"},\"wordCount\":445,\"publisher\":{\"@id\":\"https:\/\/www.repam.net\/pt\/#organization\"},\"image\":{\"@id\":\"https:\/\/www.repam.net\/pt\/1-encontro-da-rede-ecumenica-amazonizar\/#primaryimage\"},\"thumbnailUrl\":\"https:\/\/www.repam.net\/pt\/wp-content\/uploads\/2023\/03\/Rede-Amazonizar-1-encontro.jpg\",\"keywords\":[\"Brasil\",\"CESE\",\"Di\u00e1logo Ecum\u00eanico\",\"Ecumenismo\",\"Rede Amazonizar\",\"REPAM\"],\"articleSection\":[\"Espiritualidade Amaz\u00f4nica\",\"Not\u00edcias\"],\"inLanguage\":\"pt-BR\"},{\"@type\":\"WebPage\",\"@id\":\"https:\/\/www.repam.net\/pt\/1-encontro-da-rede-ecumenica-amazonizar\/\",\"url\":\"https:\/\/www.repam.net\/pt\/1-encontro-da-rede-ecumenica-amazonizar\/\",\"name\":\"Primeiro encontro da Rede Ecum\u00eanica \\\"Amazonizar\\\" ser\u00e1 realizado na Amaz\u00f4nia brasileira - Repam\",\"isPartOf\":{\"@id\":\"https:\/\/www.repam.net\/pt\/#website\"},\"primaryImageOfPage\":{\"@id\":\"https:\/\/www.repam.net\/pt\/1-encontro-da-rede-ecumenica-amazonizar\/#primaryimage\"},\"image\":{\"@id\":\"https:\/\/www.repam.net\/pt\/1-encontro-da-rede-ecumenica-amazonizar\/#primaryimage\"},\"thumbnailUrl\":\"https:\/\/www.repam.net\/pt\/wp-content\/uploads\/2023\/03\/Rede-Amazonizar-1-encontro.jpg\",\"datePublished\":\"2023-03-22T20:06:00+00:00\",\"dateModified\":\"2023-03-22T20:21:31+00:00\",\"breadcrumb\":{\"@id\":\"https:\/\/www.repam.net\/pt\/1-encontro-da-rede-ecumenica-amazonizar\/#breadcrumb\"},\"inLanguage\":\"pt-BR\",\"potentialAction\":[{\"@type\":\"ReadAction\",\"target\":[\"https:\/\/www.repam.net\/pt\/1-encontro-da-rede-ecumenica-amazonizar\/\"]}]},{\"@type\":\"ImageObject\",\"inLanguage\":\"pt-BR\",\"@id\":\"https:\/\/www.repam.net\/pt\/1-encontro-da-rede-ecumenica-amazonizar\/#primaryimage\",\"url\":\"https:\/\/www.repam.net\/pt\/wp-content\/uploads\/2023\/03\/Rede-Amazonizar-1-encontro.jpg\",\"contentUrl\":\"https:\/\/www.repam.net\/pt\/wp-content\/uploads\/2023\/03\/Rede-Amazonizar-1-encontro.jpg\",\"width\":1280,\"height\":720},{\"@type\":\"BreadcrumbList\",\"@id\":\"https:\/\/www.repam.net\/pt\/1-encontro-da-rede-ecumenica-amazonizar\/#breadcrumb\",\"itemListElement\":[{\"@type\":\"ListItem\",\"position\":1,\"name\":\"In\u00edcio\",\"item\":\"https:\/\/www.repam.net\/pt\/\"},{\"@type\":\"ListItem\",\"position\":2,\"name\":\"Primeiro encontro da Rede Ecum\u00eanica &#8220;Amazonizar&#8221; ser\u00e1 realizado na Amaz\u00f4nia brasileira\"}]},{\"@type\":\"WebSite\",\"@id\":\"https:\/\/www.repam.net\/pt\/#website\",\"url\":\"https:\/\/www.repam.net\/pt\/\",\"name\":\"Repam\",\"description\":\"Rede Eclesial Pan-amaz\u00f4nica\",\"publisher\":{\"@id\":\"https:\/\/www.repam.net\/pt\/#organization\"},\"potentialAction\":[{\"@type\":\"SearchAction\",\"target\":{\"@type\":\"EntryPoint\",\"urlTemplate\":\"https:\/\/www.repam.net\/pt\/?s={search_term_string}\"},\"query-input\":{\"@type\":\"PropertyValueSpecification\",\"valueRequired\":true,\"valueName\":\"search_term_string\"}}],\"inLanguage\":\"pt-BR\"},{\"@type\":\"Organization\",\"@id\":\"https:\/\/www.repam.net\/pt\/#organization\",\"name\":\"Repam\",\"url\":\"https:\/\/www.repam.net\/pt\/\",\"logo\":{\"@type\":\"ImageObject\",\"inLanguage\":\"pt-BR\",\"@id\":\"https:\/\/www.repam.net\/pt\/#\/schema\/logo\/image\/\",\"url\":\"https:\/\/www.repam.net\/pt\/wp-content\/uploads\/2022\/02\/15.-REPAM-BRASIL.jpg\",\"contentUrl\":\"https:\/\/www.repam.net\/pt\/wp-content\/uploads\/2022\/02\/15.-REPAM-BRASIL.jpg\",\"width\":231,\"height\":230,\"caption\":\"Repam\"},\"image\":{\"@id\":\"https:\/\/www.repam.net\/pt\/#\/schema\/logo\/image\/\"}},{\"@type\":\"Person\",\"@id\":\"https:\/\/www.repam.net\/pt\/#\/schema\/person\/b6f20b09de002e56f342d9b3a5143d51\",\"name\":\"repam@adm\",\"image\":{\"@type\":\"ImageObject\",\"inLanguage\":\"pt-BR\",\"@id\":\"https:\/\/www.repam.net\/pt\/#\/schema\/person\/image\/\",\"url\":\"https:\/\/secure.gravatar.com\/avatar\/b18234ea6de5d74563e52ca7bfdad9d2b029b514c935b38a2790717abf8f2e5f?s=96&d=mm&r=g\",\"contentUrl\":\"https:\/\/secure.gravatar.com\/avatar\/b18234ea6de5d74563e52ca7bfdad9d2b029b514c935b38a2790717abf8f2e5f?s=96&d=mm&r=g\",\"caption\":\"repam@adm\"},\"sameAs\":[\"https:\/\/www.repam.net\/pt\"],\"url\":\"https:\/\/www.repam.net\/pt\/author\/repamadm\/\"}]}<\/script>\n<!-- \/ Yoast SEO plugin. -->","yoast_head_json":{"title":"Primeiro encontro da Rede Ecum\u00eanica \"Amazonizar\" ser\u00e1 realizado na Amaz\u00f4nia brasileira - Repam","robots":{"index":"index","follow":"follow","max-snippet":"max-snippet:-1","max-image-preview":"max-image-preview:large","max-video-preview":"max-video-preview:-1"},"canonical":"https:\/\/www.repam.net\/pt\/1-encontro-da-rede-ecumenica-amazonizar\/","og_locale":"pt_BR","og_type":"article","og_title":"Primeiro encontro da Rede Ecum\u00eanica \"Amazonizar\" ser\u00e1 realizado na Amaz\u00f4nia brasileira - Repam","og_description":"Nos dias 24, 25 e 26 de mar\u00e7o acontecer\u00e1 o encontro no audit\u00f3rio do Palacete Provincial, em Manaus, com o lema: \u201cTecendo redes de comunh\u00e3o na Amaz\u00f4nia no combate \u00e0 Intoler\u00e2ncia Religiosa\u201d. Por Rede Amazonizar A Rede Ecum\u00eanica AMAZONIZAR \u00e9 uma iniciativa de igrejas crist\u00e3s, organismos pastorais e entidades da sociedade civil que visa chamar [&hellip;]","og_url":"https:\/\/www.repam.net\/pt\/1-encontro-da-rede-ecumenica-amazonizar\/","og_site_name":"Repam","article_published_time":"2023-03-22T20:06:00+00:00","article_modified_time":"2023-03-22T20:21:31+00:00","og_image":[{"width":1280,"height":720,"url":"https:\/\/www.repam.net\/pt\/wp-content\/uploads\/2023\/03\/Rede-Amazonizar-1-encontro.jpg","type":"image\/jpeg"}],"author":"repam@adm","twitter_card":"summary_large_image","twitter_misc":{"Escrito por":"repam@adm","Est. tempo de leitura":"3 minutos"},"schema":{"@context":"https:\/\/schema.org","@graph":[{"@type":"Article","@id":"https:\/\/www.repam.net\/pt\/1-encontro-da-rede-ecumenica-amazonizar\/#article","isPartOf":{"@id":"https:\/\/www.repam.net\/pt\/1-encontro-da-rede-ecumenica-amazonizar\/"},"author":{"name":"repam@adm","@id":"https:\/\/www.repam.net\/pt\/#\/schema\/person\/b6f20b09de002e56f342d9b3a5143d51"},"headline":"Primeiro encontro da Rede Ecum\u00eanica &#8220;Amazonizar&#8221; ser\u00e1 realizado na Amaz\u00f4nia brasileira","datePublished":"2023-03-22T20:06:00+00:00","dateModified":"2023-03-22T20:21:31+00:00","mainEntityOfPage":{"@id":"https:\/\/www.repam.net\/pt\/1-encontro-da-rede-ecumenica-amazonizar\/"},"wordCount":445,"publisher":{"@id":"https:\/\/www.repam.net\/pt\/#organization"},"image":{"@id":"https:\/\/www.repam.net\/pt\/1-encontro-da-rede-ecumenica-amazonizar\/#primaryimage"},"thumbnailUrl":"https:\/\/www.repam.net\/pt\/wp-content\/uploads\/2023\/03\/Rede-Amazonizar-1-encontro.jpg","keywords":["Brasil","CESE","Di\u00e1logo Ecum\u00eanico","Ecumenismo","Rede Amazonizar","REPAM"],"articleSection":["Espiritualidade Amaz\u00f4nica","Not\u00edcias"],"inLanguage":"pt-BR"},{"@type":"WebPage","@id":"https:\/\/www.repam.net\/pt\/1-encontro-da-rede-ecumenica-amazonizar\/","url":"https:\/\/www.repam.net\/pt\/1-encontro-da-rede-ecumenica-amazonizar\/","name":"Primeiro encontro da Rede Ecum\u00eanica \"Amazonizar\" ser\u00e1 realizado na Amaz\u00f4nia brasileira - Repam","isPartOf":{"@id":"https:\/\/www.repam.net\/pt\/#website"},"primaryImageOfPage":{"@id":"https:\/\/www.repam.net\/pt\/1-encontro-da-rede-ecumenica-amazonizar\/#primaryimage"},"image":{"@id":"https:\/\/www.repam.net\/pt\/1-encontro-da-rede-ecumenica-amazonizar\/#primaryimage"},"thumbnailUrl":"https:\/\/www.repam.net\/pt\/wp-content\/uploads\/2023\/03\/Rede-Amazonizar-1-encontro.jpg","datePublished":"2023-03-22T20:06:00+00:00","dateModified":"2023-03-22T20:21:31+00:00","breadcrumb":{"@id":"https:\/\/www.repam.net\/pt\/1-encontro-da-rede-ecumenica-amazonizar\/#breadcrumb"},"inLanguage":"pt-BR","potentialAction":[{"@type":"ReadAction","target":["https:\/\/www.repam.net\/pt\/1-encontro-da-rede-ecumenica-amazonizar\/"]}]},{"@type":"ImageObject","inLanguage":"pt-BR","@id":"https:\/\/www.repam.net\/pt\/1-encontro-da-rede-ecumenica-amazonizar\/#primaryimage","url":"https:\/\/www.repam.net\/pt\/wp-content\/uploads\/2023\/03\/Rede-Amazonizar-1-encontro.jpg","contentUrl":"https:\/\/www.repam.net\/pt\/wp-content\/uploads\/2023\/03\/Rede-Amazonizar-1-encontro.jpg","width":1280,"height":720},{"@type":"BreadcrumbList","@id":"https:\/\/www.repam.net\/pt\/1-encontro-da-rede-ecumenica-amazonizar\/#breadcrumb","itemListElement":[{"@type":"ListItem","position":1,"name":"In\u00edcio","item":"https:\/\/www.repam.net\/pt\/"},{"@type":"ListItem","position":2,"name":"Primeiro encontro da Rede Ecum\u00eanica &#8220;Amazonizar&#8221; ser\u00e1 realizado na Amaz\u00f4nia brasileira"}]},{"@type":"WebSite","@id":"https:\/\/www.repam.net\/pt\/#website","url":"https:\/\/www.repam.net\/pt\/","name":"Repam","description":"Rede Eclesial Pan-amaz\u00f4nica","publisher":{"@id":"https:\/\/www.repam.net\/pt\/#organization"},"potentialAction":[{"@type":"SearchAction","target":{"@type":"EntryPoint","urlTemplate":"https:\/\/www.repam.net\/pt\/?s={search_term_string}"},"query-input":{"@type":"PropertyValueSpecification","valueRequired":true,"valueName":"search_term_string"}}],"inLanguage":"pt-BR"},{"@type":"Organization","@id":"https:\/\/www.repam.net\/pt\/#organization","name":"Repam","url":"https:\/\/www.repam.net\/pt\/","logo":{"@type":"ImageObject","inLanguage":"pt-BR","@id":"https:\/\/www.repam.net\/pt\/#\/schema\/logo\/image\/","url":"https:\/\/www.repam.net\/pt\/wp-content\/uploads\/2022\/02\/15.-REPAM-BRASIL.jpg","contentUrl":"https:\/\/www.repam.net\/pt\/wp-content\/uploads\/2022\/02\/15.-REPAM-BRASIL.jpg","width":231,"height":230,"caption":"Repam"},"image":{"@id":"https:\/\/www.repam.net\/pt\/#\/schema\/logo\/image\/"}},{"@type":"Person","@id":"https:\/\/www.repam.net\/pt\/#\/schema\/person\/b6f20b09de002e56f342d9b3a5143d51","name":"repam@adm","image":{"@type":"ImageObject","inLanguage":"pt-BR","@id":"https:\/\/www.repam.net\/pt\/#\/schema\/person\/image\/","url":"https:\/\/secure.gravatar.com\/avatar\/b18234ea6de5d74563e52ca7bfdad9d2b029b514c935b38a2790717abf8f2e5f?s=96&d=mm&r=g","contentUrl":"https:\/\/secure.gravatar.com\/avatar\/b18234ea6de5d74563e52ca7bfdad9d2b029b514c935b38a2790717abf8f2e5f?s=96&d=mm&r=g","caption":"repam@adm"},"sameAs":["https:\/\/www.repam.net\/pt"],"url":"https:\/\/www.repam.net\/pt\/author\/repamadm\/"}]}},"_links":{"self":[{"href":"https:\/\/www.repam.net\/pt\/wp-json\/wp\/v2\/posts\/2231","targetHints":{"allow":["GET"]}}],"collection":[{"href":"https:\/\/www.repam.net\/pt\/wp-json\/wp\/v2\/posts"}],"about":[{"href":"https:\/\/www.repam.net\/pt\/wp-json\/wp\/v2\/types\/post"}],"author":[{"embeddable":true,"href":"https:\/\/www.repam.net\/pt\/wp-json\/wp\/v2\/users\/1"}],"replies":[{"embeddable":true,"href":"https:\/\/www.repam.net\/pt\/wp-json\/wp\/v2\/comments?post=2231"}],"version-history":[{"count":4,"href":"https:\/\/www.repam.net\/pt\/wp-json\/wp\/v2\/posts\/2231\/revisions"}],"predecessor-version":[{"id":2238,"href":"https:\/\/www.repam.net\/pt\/wp-json\/wp\/v2\/posts\/2231\/revisions\/2238"}],"wp:featuredmedia":[{"embeddable":true,"href":"https:\/\/www.repam.net\/pt\/wp-json\/wp\/v2\/media\/2237"}],"wp:attachment":[{"href":"https:\/\/www.repam.net\/pt\/wp-json\/wp\/v2\/media?parent=2231"}],"wp:term":[{"taxonomy":"category","embeddable":true,"href":"https:\/\/www.repam.net\/pt\/wp-json\/wp\/v2\/categories?post=2231"},{"taxonomy":"post_tag","embeddable":true,"href":"https:\/\/www.repam.net\/pt\/wp-json\/wp\/v2\/tags?post=2231"}],"curies":[{"name":"wp","href":"https:\/\/api.w.org\/{rel}","templated":true}]}}