{"id":2449,"date":"2023-08-01T15:37:44","date_gmt":"2023-08-01T18:37:44","guid":{"rendered":"https:\/\/www.repam.net\/pt\/?p=2449"},"modified":"2023-08-01T15:50:08","modified_gmt":"2023-08-01T18:50:08","slug":"2o-encontro-da-rede-itinerante-amazonica-construindo-novos-caminhos-de-sinodalidade-e-itinerancia-na-amazonia","status":"publish","type":"post","link":"https:\/\/www.repam.net\/pt\/2o-encontro-da-rede-itinerante-amazonica-construindo-novos-caminhos-de-sinodalidade-e-itinerancia-na-amazonia\/","title":{"rendered":"2\u00ba Encontro da Rede Itinerante Amaz\u00f4nica: Construindo novos caminhos de sinodalidade e itiner\u00e2ncia na Amaz\u00f4nia"},"content":{"rendered":"<div class=\"wp-block-image\">\n<figure class=\"aligncenter size-large\"><img loading=\"lazy\" decoding=\"async\" width=\"1024\" height=\"682\" src=\"https:\/\/www.repam.net\/pt\/wp-content\/uploads\/2023\/08\/Red-Itinerante-2018-1024x682.jpg\" alt=\"\" class=\"wp-image-2450\" srcset=\"https:\/\/www.repam.net\/pt\/wp-content\/uploads\/2023\/08\/Red-Itinerante-2018-1024x682.jpg 1024w, https:\/\/www.repam.net\/pt\/wp-content\/uploads\/2023\/08\/Red-Itinerante-2018-300x200.jpg 300w, https:\/\/www.repam.net\/pt\/wp-content\/uploads\/2023\/08\/Red-Itinerante-2018-768x512.jpg 768w, https:\/\/www.repam.net\/pt\/wp-content\/uploads\/2023\/08\/Red-Itinerante-2018.jpg 1280w\" sizes=\"auto, (max-width: 1024px) 100vw, 1024px\" \/><figcaption class=\"wp-element-caption\">Encontro dos Mission\u00e1rios e Mission\u00e1rias da Pan-Amaz\u00f4nia 2018 &#8211; Foto: Jaime C. Patias<\/figcaption><\/figure>\n<\/div>\n\n\n<blockquote class=\"wp-block-quote is-layout-flow wp-block-quote-is-layout-flow\">\n<p>A Rede Itinerante Amaz\u00f4nica, animada pela Confedera\u00e7\u00e3o Latino-Americana de Religiosos e Religiosas (CLAR) e pela Rede Eclesial Pan-Amaz\u00f4nica (REPAM), est\u00e1 se preparando para o seu segundo encontro presencial, que acontecer\u00e1 de 3 a 6 de agosto de 2023 em Puerto Legu\u00edzamo, Putumayo, na Amaz\u00f4nia colombiana, na fronteira com o Peru.<\/p>\n<\/blockquote>\n\n\n\n<p><strong><em>Por comunica\u00e7\u00e3o CLAR-REPAM<\/em><\/strong><\/p>\n\n\n\n<p>O tema do encontro, que contar\u00e1 com aproximadamente 50 participantes, ser\u00e1 <em>&#8220;Sinodalidade e Itiner\u00e2ncia&#8221;,<\/em> inspirado no texto b\u00edblico: <em>&#8220;Eles se colocaram a caminho e foram de aldeia em aldeia&#8230;&#8221;<\/em> (Lc 9,6a). O encontro promete ser uma experi\u00eancia de grande alegria, esperan\u00e7a e colabora\u00e7\u00e3o para fortalecer a miss\u00e3o da Vida itinerante na Amaz\u00f4nia.<\/p>\n\n\n\n<p>O objetivo geral deste 2\u00ba Encontro \u00e9 promover um espa\u00e7o de converg\u00eancia e integra\u00e7\u00e3o das equipes itinerantes na Amaz\u00f4nia, a fim de fortalecer a rede na perspectiva da sinodalidade.<\/p>\n\n\n\n<p>Entre os objetivos espec\u00edficos est\u00e3o: fazer mem\u00f3ria do processo percorrido para a constru\u00e7\u00e3o da Rede Itinerante; favorecer a partilha entre as equipes itinerantes para descobrir horizontes e perspectivas que favore\u00e7am a inser\u00e7\u00e3o na realidade atrav\u00e9s da visita a alguma experi\u00eancia mission\u00e1ria; oferecer um espa\u00e7o de forma\u00e7\u00e3o sobre sinodalidade e itiner\u00e2ncia; projetar o futuro da Rede Itinerante Amaz\u00f4nica, incluindo aspectos de coordena\u00e7\u00e3o e anima\u00e7\u00e3o por parte da CLAR e da REPAM, assim como das atividades futuras.<\/p>\n\n\n\n<h5 class=\"wp-block-heading\"><strong>Na Querida Amaz\u00f4nia<\/strong><\/h5>\n\n\n\n<p>O Papa Francisco, em sua Exorta\u00e7\u00e3o Apost\u00f3lica &#8220;Querida Amaz\u00f4nia&#8221; (n. 98), destaca a import\u00e2ncia das equipes mission\u00e1rias itinerantes e o apoio \u00e0 sua inser\u00e7\u00e3o e itiner\u00e2ncia entre os mais empobrecidos e exclu\u00eddos.<\/p>\n\n\n\n<p>A Rede Itinerante Amaz\u00f4nica consolidou sua caminhada com o primeiro encontro presencial em Manaus, Amazonas, Brasil, em agosto de 2019, pouco antes do S\u00ednodo Amaz\u00f4nico. Ap\u00f3s o per\u00edodo de isolamento e adapta\u00e7\u00e3o ao trabalho online, devido \u00e0s diversas circunst\u00e2ncias impostas pela pandemia e \u00e0s longas dist\u00e2ncias da Amaz\u00f4nia, esse encontro presencial se faz necess\u00e1rio.<\/p>\n\n\n<div class=\"wp-block-image\">\n<figure class=\"aligncenter size-large\"><img loading=\"lazy\" decoding=\"async\" width=\"1024\" height=\"566\" src=\"https:\/\/www.repam.net\/pt\/wp-content\/uploads\/2023\/08\/Encuentro-Red-Itinerante-1024x566.jpg\" alt=\"\" class=\"wp-image-2451\" srcset=\"https:\/\/www.repam.net\/pt\/wp-content\/uploads\/2023\/08\/Encuentro-Red-Itinerante-1024x566.jpg 1024w, https:\/\/www.repam.net\/pt\/wp-content\/uploads\/2023\/08\/Encuentro-Red-Itinerante-300x166.jpg 300w, https:\/\/www.repam.net\/pt\/wp-content\/uploads\/2023\/08\/Encuentro-Red-Itinerante-768x425.jpg 768w, https:\/\/www.repam.net\/pt\/wp-content\/uploads\/2023\/08\/Encuentro-Red-Itinerante.jpg 1096w\" sizes=\"auto, (max-width: 1024px) 100vw, 1024px\" \/><\/figure>\n<\/div>\n\n\n<p>\u00c9 um momento oportuno para os membros da rede se reencontrarem, conhecerem suas realidades atuais e continuarem tecendo juntos a Rede Itinerante a partir dos territ\u00f3rios est\u00e3o presentes. \u00c9 tamb\u00e9m uma excepcional oportunidade para compartilhar experi\u00eancias, sonhos e desafios e, sobretudo, construir novos caminhos sinodais na Amaz\u00f4nia.<\/p>\n\n\n\n<h5 class=\"wp-block-heading\"><strong>Sinodalidade e Itiner\u00e2ncia<\/strong><\/h5>\n\n\n\n<p>&#8220;Somar para chegar juntos onde n\u00e3o podemos sozinhos&#8221; (Documento Final do S\u00ednodo Amaz\u00f4nico, n\u00ba 39) \u00e9 a ideia-chave por tr\u00e1s das equipes mission\u00e1rias itinerantes que tecem e constroem comunidades ao longo das estradas e margens dos rios da Amaz\u00f4nia, fortalecendo a sinodalidade eclesial na regi\u00e3o (cf. DF S\u00ednodo Amaz\u00f4nico, 40). A sinodalidade e a itiner\u00e2ncia s\u00e3o conceitos fundamentais para enfrentar os desafios da Igreja e da vida mission\u00e1ria itinerante na Pan-Amaz\u00f4nia.<\/p>\n\n\n\n<p>Ser\u00e3o abordados temas-chave como a espiritualidade itinerante, a sinodalidade na Igreja amaz\u00f4nica e sua rela\u00e7\u00e3o com a itiner\u00e2ncia, bem como a coordena\u00e7\u00e3o e articula\u00e7\u00e3o da Rede Itinerante animada pela CLAR e REPAM. Caminhar juntos na diversidade, unindo recursos humanos, pastorais, t\u00e9cnicos e econ\u00f4micos \u00e9 essencial para enfrentar os desafios da vida comunit\u00e1ria na miss\u00e3o itinerante.<\/p>\n\n\n\n<h5 class=\"wp-block-heading\"><strong>Espiritualidade encarnada<\/strong><\/h5>\n\n\n\n<p>A espiritualidade encarnada ser\u00e1 a base da ora\u00e7\u00e3o a Deus, em sintonia com o territ\u00f3rio e a realidade que clama por a\u00e7\u00f5es concretas em favor da vida. Os participantes ser\u00e3o portadores de realidades, rostos, experi\u00eancias, desafios, medos, esperan\u00e7as, sonhos e certezas, a fim de oferecer uma vis\u00e3o ampla da miss\u00e3o na Amaz\u00f4nia.<\/p>\n\n\n\n<p>Contemplaremos elementos, sinais e s\u00edmbolos que representam a cultura e a identidade dos povos origin\u00e1rios e das comunidades ribeirinhas acompanhadas pelas equipes de vida e miss\u00e3o, que incluem, leigas e leigos, sacerdotes, di\u00e1conos, religiosas e religiosos.<\/p>\n\n\n\n<p>A metodologia do encontro busca la participa\u00e7\u00e3o ativa e enriquecedora. Atrav\u00e9s de momentos de ver, ouvir, tocar e sentir a realidade, analisaremos a situa\u00e7\u00e3o da Amaz\u00f4nia e refletiremos sobre a sinodalidade como um processo eclesial que favorece um &#8220;<em>sentirpensar<\/em>&#8221; coletivo.<\/p>\n\n\n\n<figure class=\"wp-block-embed aligncenter is-type-video is-provider-youtube wp-block-embed-youtube wp-embed-aspect-16-9 wp-has-aspect-ratio\"><div class=\"wp-block-embed__wrapper\">\n<iframe loading=\"lazy\" title=\"Frutos del S\u00ednodo: Red Misionera Itinerante navegando por los r\u00edos y territorios de la Panamazon\u00eda\" width=\"500\" height=\"281\" src=\"https:\/\/www.youtube.com\/embed\/i2oP1UQM1-g?feature=oembed\" frameborder=\"0\" allow=\"accelerometer; autoplay; clipboard-write; encrypted-media; gyroscope; picture-in-picture; web-share\" referrerpolicy=\"strict-origin-when-cross-origin\" allowfullscreen><\/iframe>\n<\/div><\/figure>\n\n\n\n<p>Da mesma forma, se incentivar\u00e1 a a\u00e7\u00e3o, deixando fluir na Amaz\u00f4nia las diferentes margens para manter viva a esperan\u00e7a e celebrar a vida, mesmo em lugares e situa\u00e7\u00f5es em que a &#8220;morte&#8221; pode estar presente. Somos sempre chamados a &#8220;remar para \u00e1guas mais profundas&#8221;.<\/p>\n\n\n\n<h5 class=\"wp-block-heading\"><strong>Compromisso renovado<\/strong><\/h5>\n\n\n\n<p>Convidamos voc\u00ea a seguir e acompanhar este 2\u00ba Encontro da Rede Itinerante Amaz\u00f4nica como uma manifesta\u00e7\u00e3o concreta do compromisso renovado com a miss\u00e3o na regi\u00e3o amaz\u00f4nica.<\/p>\n\n\n\n<p>Vivamos este encontro como uma oportunidade \u00fanica de fortalecer os la\u00e7os fraternos, tecer redes de solidariedade e continuar construindo uma Igreja viva e encarnada na realidade amaz\u00f4nica. A sinodalidade e a itiner\u00e2ncia ser\u00e3o os pilares que guiar\u00e3o nossos passos rumo a novos horizontes de esperan\u00e7a na Amaz\u00f4nia.<\/p>\n\n\n\n<p><\/p>\n","protected":false},"excerpt":{"rendered":"<p>A Rede Itinerante Amaz\u00f4nica, animada pela Confedera\u00e7\u00e3o Latino-Americana de Religiosos e Religiosas (CLAR) e pela Rede Eclesial Pan-Amaz\u00f4nica (REPAM), est\u00e1 se preparando para o seu segundo encontro presencial, que acontecer\u00e1 de 3 a 6 de agosto de 2023 em Puerto Legu\u00edzamo, Putumayo, na Amaz\u00f4nia colombiana, na fronteira com o Peru. Por comunica\u00e7\u00e3o CLAR-REPAM O tema [&hellip;]<\/p>\n","protected":false},"author":1,"featured_media":2450,"comment_status":"closed","ping_status":"closed","sticky":false,"template":"","format":"standard","meta":{"_acf_changed":false,"_uf_show_specific_survey":0,"_uf_disable_surveys":false,"footnotes":""},"categories":[4,193],"tags":[7,165,194,6],"class_list":["post-2449","post","type-post","status-publish","format-standard","has-post-thumbnail","hentry","category-noticias","category-rede-itinerante","tag-clar","tag-pan-amazonia","tag-rede-itinerante","tag-repam"],"acf":[],"aioseo_notices":[],"yoast_head":"<!-- This site is optimized with the Yoast SEO plugin v24.2 - https:\/\/yoast.com\/wordpress\/plugins\/seo\/ -->\n<title>2\u00ba Encontro da Rede Itinerante Amaz\u00f4nica: Construindo novos caminhos de sinodalidade e itiner\u00e2ncia na Amaz\u00f4nia - Repam<\/title>\n<meta name=\"robots\" content=\"index, follow, max-snippet:-1, max-image-preview:large, max-video-preview:-1\" \/>\n<link rel=\"canonical\" href=\"https:\/\/www.repam.net\/pt\/2o-encontro-da-rede-itinerante-amazonica-construindo-novos-caminhos-de-sinodalidade-e-itinerancia-na-amazonia\/\" \/>\n<meta property=\"og:locale\" content=\"pt_BR\" \/>\n<meta property=\"og:type\" content=\"article\" \/>\n<meta property=\"og:title\" content=\"2\u00ba Encontro da Rede Itinerante Amaz\u00f4nica: Construindo novos caminhos de sinodalidade e itiner\u00e2ncia na Amaz\u00f4nia - Repam\" \/>\n<meta property=\"og:description\" content=\"A Rede Itinerante Amaz\u00f4nica, animada pela Confedera\u00e7\u00e3o Latino-Americana de Religiosos e Religiosas (CLAR) e pela Rede Eclesial Pan-Amaz\u00f4nica (REPAM), est\u00e1 se preparando para o seu segundo encontro presencial, que acontecer\u00e1 de 3 a 6 de agosto de 2023 em Puerto Legu\u00edzamo, Putumayo, na Amaz\u00f4nia colombiana, na fronteira com o Peru. Por comunica\u00e7\u00e3o CLAR-REPAM O tema [&hellip;]\" \/>\n<meta property=\"og:url\" content=\"https:\/\/www.repam.net\/pt\/2o-encontro-da-rede-itinerante-amazonica-construindo-novos-caminhos-de-sinodalidade-e-itinerancia-na-amazonia\/\" \/>\n<meta property=\"og:site_name\" content=\"Repam\" \/>\n<meta property=\"article:published_time\" content=\"2023-08-01T18:37:44+00:00\" \/>\n<meta property=\"article:modified_time\" content=\"2023-08-01T18:50:08+00:00\" \/>\n<meta property=\"og:image\" content=\"https:\/\/www.repam.net\/pt\/wp-content\/uploads\/2023\/08\/Red-Itinerante-2018.jpg\" \/>\n\t<meta property=\"og:image:width\" content=\"1280\" \/>\n\t<meta property=\"og:image:height\" content=\"853\" \/>\n\t<meta property=\"og:image:type\" content=\"image\/jpeg\" \/>\n<meta name=\"author\" content=\"repam@adm\" \/>\n<meta name=\"twitter:card\" content=\"summary_large_image\" \/>\n<meta name=\"twitter:label1\" content=\"Escrito por\" \/>\n\t<meta name=\"twitter:data1\" content=\"repam@adm\" \/>\n\t<meta name=\"twitter:label2\" content=\"Est. tempo de leitura\" \/>\n\t<meta name=\"twitter:data2\" content=\"4 minutos\" \/>\n<script type=\"application\/ld+json\" class=\"yoast-schema-graph\">{\"@context\":\"https:\/\/schema.org\",\"@graph\":[{\"@type\":\"Article\",\"@id\":\"https:\/\/www.repam.net\/pt\/2o-encontro-da-rede-itinerante-amazonica-construindo-novos-caminhos-de-sinodalidade-e-itinerancia-na-amazonia\/#article\",\"isPartOf\":{\"@id\":\"https:\/\/www.repam.net\/pt\/2o-encontro-da-rede-itinerante-amazonica-construindo-novos-caminhos-de-sinodalidade-e-itinerancia-na-amazonia\/\"},\"author\":{\"name\":\"repam@adm\",\"@id\":\"https:\/\/www.repam.net\/pt\/#\/schema\/person\/b6f20b09de002e56f342d9b3a5143d51\"},\"headline\":\"2\u00ba Encontro da Rede Itinerante Amaz\u00f4nica: Construindo novos caminhos de sinodalidade e itiner\u00e2ncia na Amaz\u00f4nia\",\"datePublished\":\"2023-08-01T18:37:44+00:00\",\"dateModified\":\"2023-08-01T18:50:08+00:00\",\"mainEntityOfPage\":{\"@id\":\"https:\/\/www.repam.net\/pt\/2o-encontro-da-rede-itinerante-amazonica-construindo-novos-caminhos-de-sinodalidade-e-itinerancia-na-amazonia\/\"},\"wordCount\":861,\"publisher\":{\"@id\":\"https:\/\/www.repam.net\/pt\/#organization\"},\"image\":{\"@id\":\"https:\/\/www.repam.net\/pt\/2o-encontro-da-rede-itinerante-amazonica-construindo-novos-caminhos-de-sinodalidade-e-itinerancia-na-amazonia\/#primaryimage\"},\"thumbnailUrl\":\"https:\/\/www.repam.net\/pt\/wp-content\/uploads\/2023\/08\/Red-Itinerante-2018.jpg\",\"keywords\":[\"CLAR\",\"Pan-Amaz\u00f4nia\",\"Rede Itinerante\",\"REPAM\"],\"articleSection\":[\"Not\u00edcias\",\"Rede Itinerante\"],\"inLanguage\":\"pt-BR\"},{\"@type\":\"WebPage\",\"@id\":\"https:\/\/www.repam.net\/pt\/2o-encontro-da-rede-itinerante-amazonica-construindo-novos-caminhos-de-sinodalidade-e-itinerancia-na-amazonia\/\",\"url\":\"https:\/\/www.repam.net\/pt\/2o-encontro-da-rede-itinerante-amazonica-construindo-novos-caminhos-de-sinodalidade-e-itinerancia-na-amazonia\/\",\"name\":\"2\u00ba Encontro da Rede Itinerante Amaz\u00f4nica: Construindo novos caminhos de sinodalidade e itiner\u00e2ncia na Amaz\u00f4nia - Repam\",\"isPartOf\":{\"@id\":\"https:\/\/www.repam.net\/pt\/#website\"},\"primaryImageOfPage\":{\"@id\":\"https:\/\/www.repam.net\/pt\/2o-encontro-da-rede-itinerante-amazonica-construindo-novos-caminhos-de-sinodalidade-e-itinerancia-na-amazonia\/#primaryimage\"},\"image\":{\"@id\":\"https:\/\/www.repam.net\/pt\/2o-encontro-da-rede-itinerante-amazonica-construindo-novos-caminhos-de-sinodalidade-e-itinerancia-na-amazonia\/#primaryimage\"},\"thumbnailUrl\":\"https:\/\/www.repam.net\/pt\/wp-content\/uploads\/2023\/08\/Red-Itinerante-2018.jpg\",\"datePublished\":\"2023-08-01T18:37:44+00:00\",\"dateModified\":\"2023-08-01T18:50:08+00:00\",\"breadcrumb\":{\"@id\":\"https:\/\/www.repam.net\/pt\/2o-encontro-da-rede-itinerante-amazonica-construindo-novos-caminhos-de-sinodalidade-e-itinerancia-na-amazonia\/#breadcrumb\"},\"inLanguage\":\"pt-BR\",\"potentialAction\":[{\"@type\":\"ReadAction\",\"target\":[\"https:\/\/www.repam.net\/pt\/2o-encontro-da-rede-itinerante-amazonica-construindo-novos-caminhos-de-sinodalidade-e-itinerancia-na-amazonia\/\"]}]},{\"@type\":\"ImageObject\",\"inLanguage\":\"pt-BR\",\"@id\":\"https:\/\/www.repam.net\/pt\/2o-encontro-da-rede-itinerante-amazonica-construindo-novos-caminhos-de-sinodalidade-e-itinerancia-na-amazonia\/#primaryimage\",\"url\":\"https:\/\/www.repam.net\/pt\/wp-content\/uploads\/2023\/08\/Red-Itinerante-2018.jpg\",\"contentUrl\":\"https:\/\/www.repam.net\/pt\/wp-content\/uploads\/2023\/08\/Red-Itinerante-2018.jpg\",\"width\":1280,\"height\":853},{\"@type\":\"BreadcrumbList\",\"@id\":\"https:\/\/www.repam.net\/pt\/2o-encontro-da-rede-itinerante-amazonica-construindo-novos-caminhos-de-sinodalidade-e-itinerancia-na-amazonia\/#breadcrumb\",\"itemListElement\":[{\"@type\":\"ListItem\",\"position\":1,\"name\":\"In\u00edcio\",\"item\":\"https:\/\/www.repam.net\/pt\/\"},{\"@type\":\"ListItem\",\"position\":2,\"name\":\"2\u00ba Encontro da Rede Itinerante Amaz\u00f4nica: Construindo novos caminhos de sinodalidade e itiner\u00e2ncia na Amaz\u00f4nia\"}]},{\"@type\":\"WebSite\",\"@id\":\"https:\/\/www.repam.net\/pt\/#website\",\"url\":\"https:\/\/www.repam.net\/pt\/\",\"name\":\"Repam\",\"description\":\"Rede Eclesial Pan-amaz\u00f4nica\",\"publisher\":{\"@id\":\"https:\/\/www.repam.net\/pt\/#organization\"},\"potentialAction\":[{\"@type\":\"SearchAction\",\"target\":{\"@type\":\"EntryPoint\",\"urlTemplate\":\"https:\/\/www.repam.net\/pt\/?s={search_term_string}\"},\"query-input\":{\"@type\":\"PropertyValueSpecification\",\"valueRequired\":true,\"valueName\":\"search_term_string\"}}],\"inLanguage\":\"pt-BR\"},{\"@type\":\"Organization\",\"@id\":\"https:\/\/www.repam.net\/pt\/#organization\",\"name\":\"Repam\",\"url\":\"https:\/\/www.repam.net\/pt\/\",\"logo\":{\"@type\":\"ImageObject\",\"inLanguage\":\"pt-BR\",\"@id\":\"https:\/\/www.repam.net\/pt\/#\/schema\/logo\/image\/\",\"url\":\"https:\/\/www.repam.net\/pt\/wp-content\/uploads\/2022\/02\/15.-REPAM-BRASIL.jpg\",\"contentUrl\":\"https:\/\/www.repam.net\/pt\/wp-content\/uploads\/2022\/02\/15.-REPAM-BRASIL.jpg\",\"width\":231,\"height\":230,\"caption\":\"Repam\"},\"image\":{\"@id\":\"https:\/\/www.repam.net\/pt\/#\/schema\/logo\/image\/\"}},{\"@type\":\"Person\",\"@id\":\"https:\/\/www.repam.net\/pt\/#\/schema\/person\/b6f20b09de002e56f342d9b3a5143d51\",\"name\":\"repam@adm\",\"image\":{\"@type\":\"ImageObject\",\"inLanguage\":\"pt-BR\",\"@id\":\"https:\/\/www.repam.net\/pt\/#\/schema\/person\/image\/\",\"url\":\"https:\/\/secure.gravatar.com\/avatar\/b18234ea6de5d74563e52ca7bfdad9d2b029b514c935b38a2790717abf8f2e5f?s=96&d=mm&r=g\",\"contentUrl\":\"https:\/\/secure.gravatar.com\/avatar\/b18234ea6de5d74563e52ca7bfdad9d2b029b514c935b38a2790717abf8f2e5f?s=96&d=mm&r=g\",\"caption\":\"repam@adm\"},\"sameAs\":[\"https:\/\/www.repam.net\/pt\"],\"url\":\"https:\/\/www.repam.net\/pt\/author\/repamadm\/\"}]}<\/script>\n<!-- \/ Yoast SEO plugin. -->","yoast_head_json":{"title":"2\u00ba Encontro da Rede Itinerante Amaz\u00f4nica: Construindo novos caminhos de sinodalidade e itiner\u00e2ncia na Amaz\u00f4nia - Repam","robots":{"index":"index","follow":"follow","max-snippet":"max-snippet:-1","max-image-preview":"max-image-preview:large","max-video-preview":"max-video-preview:-1"},"canonical":"https:\/\/www.repam.net\/pt\/2o-encontro-da-rede-itinerante-amazonica-construindo-novos-caminhos-de-sinodalidade-e-itinerancia-na-amazonia\/","og_locale":"pt_BR","og_type":"article","og_title":"2\u00ba Encontro da Rede Itinerante Amaz\u00f4nica: Construindo novos caminhos de sinodalidade e itiner\u00e2ncia na Amaz\u00f4nia - Repam","og_description":"A Rede Itinerante Amaz\u00f4nica, animada pela Confedera\u00e7\u00e3o Latino-Americana de Religiosos e Religiosas (CLAR) e pela Rede Eclesial Pan-Amaz\u00f4nica (REPAM), est\u00e1 se preparando para o seu segundo encontro presencial, que acontecer\u00e1 de 3 a 6 de agosto de 2023 em Puerto Legu\u00edzamo, Putumayo, na Amaz\u00f4nia colombiana, na fronteira com o Peru. Por comunica\u00e7\u00e3o CLAR-REPAM O tema [&hellip;]","og_url":"https:\/\/www.repam.net\/pt\/2o-encontro-da-rede-itinerante-amazonica-construindo-novos-caminhos-de-sinodalidade-e-itinerancia-na-amazonia\/","og_site_name":"Repam","article_published_time":"2023-08-01T18:37:44+00:00","article_modified_time":"2023-08-01T18:50:08+00:00","og_image":[{"width":1280,"height":853,"url":"https:\/\/www.repam.net\/pt\/wp-content\/uploads\/2023\/08\/Red-Itinerante-2018.jpg","type":"image\/jpeg"}],"author":"repam@adm","twitter_card":"summary_large_image","twitter_misc":{"Escrito por":"repam@adm","Est. tempo de leitura":"4 minutos"},"schema":{"@context":"https:\/\/schema.org","@graph":[{"@type":"Article","@id":"https:\/\/www.repam.net\/pt\/2o-encontro-da-rede-itinerante-amazonica-construindo-novos-caminhos-de-sinodalidade-e-itinerancia-na-amazonia\/#article","isPartOf":{"@id":"https:\/\/www.repam.net\/pt\/2o-encontro-da-rede-itinerante-amazonica-construindo-novos-caminhos-de-sinodalidade-e-itinerancia-na-amazonia\/"},"author":{"name":"repam@adm","@id":"https:\/\/www.repam.net\/pt\/#\/schema\/person\/b6f20b09de002e56f342d9b3a5143d51"},"headline":"2\u00ba Encontro da Rede Itinerante Amaz\u00f4nica: Construindo novos caminhos de sinodalidade e itiner\u00e2ncia na Amaz\u00f4nia","datePublished":"2023-08-01T18:37:44+00:00","dateModified":"2023-08-01T18:50:08+00:00","mainEntityOfPage":{"@id":"https:\/\/www.repam.net\/pt\/2o-encontro-da-rede-itinerante-amazonica-construindo-novos-caminhos-de-sinodalidade-e-itinerancia-na-amazonia\/"},"wordCount":861,"publisher":{"@id":"https:\/\/www.repam.net\/pt\/#organization"},"image":{"@id":"https:\/\/www.repam.net\/pt\/2o-encontro-da-rede-itinerante-amazonica-construindo-novos-caminhos-de-sinodalidade-e-itinerancia-na-amazonia\/#primaryimage"},"thumbnailUrl":"https:\/\/www.repam.net\/pt\/wp-content\/uploads\/2023\/08\/Red-Itinerante-2018.jpg","keywords":["CLAR","Pan-Amaz\u00f4nia","Rede Itinerante","REPAM"],"articleSection":["Not\u00edcias","Rede Itinerante"],"inLanguage":"pt-BR"},{"@type":"WebPage","@id":"https:\/\/www.repam.net\/pt\/2o-encontro-da-rede-itinerante-amazonica-construindo-novos-caminhos-de-sinodalidade-e-itinerancia-na-amazonia\/","url":"https:\/\/www.repam.net\/pt\/2o-encontro-da-rede-itinerante-amazonica-construindo-novos-caminhos-de-sinodalidade-e-itinerancia-na-amazonia\/","name":"2\u00ba Encontro da Rede Itinerante Amaz\u00f4nica: Construindo novos caminhos de sinodalidade e itiner\u00e2ncia na Amaz\u00f4nia - Repam","isPartOf":{"@id":"https:\/\/www.repam.net\/pt\/#website"},"primaryImageOfPage":{"@id":"https:\/\/www.repam.net\/pt\/2o-encontro-da-rede-itinerante-amazonica-construindo-novos-caminhos-de-sinodalidade-e-itinerancia-na-amazonia\/#primaryimage"},"image":{"@id":"https:\/\/www.repam.net\/pt\/2o-encontro-da-rede-itinerante-amazonica-construindo-novos-caminhos-de-sinodalidade-e-itinerancia-na-amazonia\/#primaryimage"},"thumbnailUrl":"https:\/\/www.repam.net\/pt\/wp-content\/uploads\/2023\/08\/Red-Itinerante-2018.jpg","datePublished":"2023-08-01T18:37:44+00:00","dateModified":"2023-08-01T18:50:08+00:00","breadcrumb":{"@id":"https:\/\/www.repam.net\/pt\/2o-encontro-da-rede-itinerante-amazonica-construindo-novos-caminhos-de-sinodalidade-e-itinerancia-na-amazonia\/#breadcrumb"},"inLanguage":"pt-BR","potentialAction":[{"@type":"ReadAction","target":["https:\/\/www.repam.net\/pt\/2o-encontro-da-rede-itinerante-amazonica-construindo-novos-caminhos-de-sinodalidade-e-itinerancia-na-amazonia\/"]}]},{"@type":"ImageObject","inLanguage":"pt-BR","@id":"https:\/\/www.repam.net\/pt\/2o-encontro-da-rede-itinerante-amazonica-construindo-novos-caminhos-de-sinodalidade-e-itinerancia-na-amazonia\/#primaryimage","url":"https:\/\/www.repam.net\/pt\/wp-content\/uploads\/2023\/08\/Red-Itinerante-2018.jpg","contentUrl":"https:\/\/www.repam.net\/pt\/wp-content\/uploads\/2023\/08\/Red-Itinerante-2018.jpg","width":1280,"height":853},{"@type":"BreadcrumbList","@id":"https:\/\/www.repam.net\/pt\/2o-encontro-da-rede-itinerante-amazonica-construindo-novos-caminhos-de-sinodalidade-e-itinerancia-na-amazonia\/#breadcrumb","itemListElement":[{"@type":"ListItem","position":1,"name":"In\u00edcio","item":"https:\/\/www.repam.net\/pt\/"},{"@type":"ListItem","position":2,"name":"2\u00ba Encontro da Rede Itinerante Amaz\u00f4nica: Construindo novos caminhos de sinodalidade e itiner\u00e2ncia na Amaz\u00f4nia"}]},{"@type":"WebSite","@id":"https:\/\/www.repam.net\/pt\/#website","url":"https:\/\/www.repam.net\/pt\/","name":"Repam","description":"Rede Eclesial Pan-amaz\u00f4nica","publisher":{"@id":"https:\/\/www.repam.net\/pt\/#organization"},"potentialAction":[{"@type":"SearchAction","target":{"@type":"EntryPoint","urlTemplate":"https:\/\/www.repam.net\/pt\/?s={search_term_string}"},"query-input":{"@type":"PropertyValueSpecification","valueRequired":true,"valueName":"search_term_string"}}],"inLanguage":"pt-BR"},{"@type":"Organization","@id":"https:\/\/www.repam.net\/pt\/#organization","name":"Repam","url":"https:\/\/www.repam.net\/pt\/","logo":{"@type":"ImageObject","inLanguage":"pt-BR","@id":"https:\/\/www.repam.net\/pt\/#\/schema\/logo\/image\/","url":"https:\/\/www.repam.net\/pt\/wp-content\/uploads\/2022\/02\/15.-REPAM-BRASIL.jpg","contentUrl":"https:\/\/www.repam.net\/pt\/wp-content\/uploads\/2022\/02\/15.-REPAM-BRASIL.jpg","width":231,"height":230,"caption":"Repam"},"image":{"@id":"https:\/\/www.repam.net\/pt\/#\/schema\/logo\/image\/"}},{"@type":"Person","@id":"https:\/\/www.repam.net\/pt\/#\/schema\/person\/b6f20b09de002e56f342d9b3a5143d51","name":"repam@adm","image":{"@type":"ImageObject","inLanguage":"pt-BR","@id":"https:\/\/www.repam.net\/pt\/#\/schema\/person\/image\/","url":"https:\/\/secure.gravatar.com\/avatar\/b18234ea6de5d74563e52ca7bfdad9d2b029b514c935b38a2790717abf8f2e5f?s=96&d=mm&r=g","contentUrl":"https:\/\/secure.gravatar.com\/avatar\/b18234ea6de5d74563e52ca7bfdad9d2b029b514c935b38a2790717abf8f2e5f?s=96&d=mm&r=g","caption":"repam@adm"},"sameAs":["https:\/\/www.repam.net\/pt"],"url":"https:\/\/www.repam.net\/pt\/author\/repamadm\/"}]}},"_links":{"self":[{"href":"https:\/\/www.repam.net\/pt\/wp-json\/wp\/v2\/posts\/2449","targetHints":{"allow":["GET"]}}],"collection":[{"href":"https:\/\/www.repam.net\/pt\/wp-json\/wp\/v2\/posts"}],"about":[{"href":"https:\/\/www.repam.net\/pt\/wp-json\/wp\/v2\/types\/post"}],"author":[{"embeddable":true,"href":"https:\/\/www.repam.net\/pt\/wp-json\/wp\/v2\/users\/1"}],"replies":[{"embeddable":true,"href":"https:\/\/www.repam.net\/pt\/wp-json\/wp\/v2\/comments?post=2449"}],"version-history":[{"count":3,"href":"https:\/\/www.repam.net\/pt\/wp-json\/wp\/v2\/posts\/2449\/revisions"}],"predecessor-version":[{"id":2454,"href":"https:\/\/www.repam.net\/pt\/wp-json\/wp\/v2\/posts\/2449\/revisions\/2454"}],"wp:featuredmedia":[{"embeddable":true,"href":"https:\/\/www.repam.net\/pt\/wp-json\/wp\/v2\/media\/2450"}],"wp:attachment":[{"href":"https:\/\/www.repam.net\/pt\/wp-json\/wp\/v2\/media?parent=2449"}],"wp:term":[{"taxonomy":"category","embeddable":true,"href":"https:\/\/www.repam.net\/pt\/wp-json\/wp\/v2\/categories?post=2449"},{"taxonomy":"post_tag","embeddable":true,"href":"https:\/\/www.repam.net\/pt\/wp-json\/wp\/v2\/tags?post=2449"}],"curies":[{"name":"wp","href":"https:\/\/api.w.org\/{rel}","templated":true}]}}