{"id":4248,"date":"2026-04-19T14:41:34","date_gmt":"2026-04-19T17:41:34","guid":{"rendered":"https:\/\/www.repam.net\/pt\/?p=4248"},"modified":"2026-04-19T14:41:35","modified_gmt":"2026-04-19T17:41:35","slug":"patricia-gualinga-membro-do-forum-para-as-questoes-indigenas","status":"publish","type":"post","link":"https:\/\/www.repam.net\/pt\/patricia-gualinga-membro-do-forum-para-as-questoes-indigenas\/","title":{"rendered":"Come\u00e7a a trajet\u00f3ria de Patricia Gualinga como membro do F\u00f3rum Permanente das Na\u00e7\u00f5es Unidas para as Quest\u00f5es Ind\u00edgenas"},"content":{"rendered":"<div class=\"wp-block-image\">\n<figure class=\"aligncenter size-large\"><img loading=\"lazy\" decoding=\"async\" width=\"2560\" height=\"1440\" src=\"https:\/\/www.repam.net\/pt\/wp-content\/uploads\/2026\/04\/IMG_4939-edited-scaled.jpg\" alt=\"\" class=\"wp-image-4250\" srcset=\"https:\/\/www.repam.net\/pt\/wp-content\/uploads\/2026\/04\/IMG_4939-edited-scaled.jpg 2560w, https:\/\/www.repam.net\/pt\/wp-content\/uploads\/2026\/04\/IMG_4939-edited-300x169.jpg 300w, https:\/\/www.repam.net\/pt\/wp-content\/uploads\/2026\/04\/IMG_4939-edited-1024x576.jpg 1024w, https:\/\/www.repam.net\/pt\/wp-content\/uploads\/2026\/04\/IMG_4939-edited-768x432.jpg 768w, https:\/\/www.repam.net\/pt\/wp-content\/uploads\/2026\/04\/IMG_4939-edited-1536x864.jpg 1536w, https:\/\/www.repam.net\/pt\/wp-content\/uploads\/2026\/04\/IMG_4939-edited-2048x1152.jpg 2048w\" sizes=\"auto, (max-width: 2560px) 100vw, 2560px\" \/><figcaption class=\"wp-element-caption\">A REPAM e o PUAM est\u00e3o entre as entidades, universidades e pessoas especialistas que apoiam e colaboram com seu mandato.<br>Manhattan, s\u00e1bado, 18 de abril de 2026.<\/figcaption><\/figure>\n<\/div>\n\n\n<blockquote class=\"wp-block-quote is-layout-flow wp-block-quote-is-layout-flow\">\n<p><em>Quando, em 2025, foi aprovada a candidatura da nossa companheira Paty para fazer parte do F\u00f3rum Permanente, qualquer pessoa que tivesse compartilhado tempo e luta com ela sabia que ela n\u00e3o iria realizar esse servi\u00e7o sozinha. Seu profundo sentido da vida compartilhada, atrav\u00e9s do comunit\u00e1rio (no pensar, projetar, sonhar, rezar\u2026), \u00e9 uma de suas principais caracter\u00edsticas.<\/em><\/p>\n<\/blockquote>\n\n\n\n<p><strong><em>Por: Sonia Olea Ferreras \u2013 REPAM e C\u00e1ritas Espanhola<\/em><\/strong><\/p>\n\n\n\n<p>De qualquer forma, receber o convite para fazer parte deste espa\u00e7o de \u201cminga coletiva\u201d na Universidade de Nova York, nos dias que antecederam a realiza\u00e7\u00e3o do F\u00f3rum, foi toda uma surpresa, um privil\u00e9gio e um presente. Significava que j\u00e1 come\u00e7aria outra forma de caminhar nos pr\u00f3ximos tr\u00eas anos, porque seria em conjunto e com um objetivo claro: ajudar Patricia a posicionar os temas priorit\u00e1rios da Amaz\u00f4nia e dos povos ind\u00edgenas na agenda das Na\u00e7\u00f5es Unidas.<\/p>\n\n\n\n<p>E assim, ao longo do dia de hoje, fomos construindo entre todas e todos um pensamento que vem da experi\u00eancia de vida, do conhecimento e da estrat\u00e9gia sociopol\u00edtica. Focamo-nos nos povos ind\u00edgenas e no meio ambiente. Percorremos as ferramentas internacionais das Na\u00e7\u00f5es Unidas, as regionais do sistema interamericano, as senten\u00e7as da Corte que estabeleceram doutrina e legisla\u00e7\u00e3o; mas, sobretudo, aquilo que nasceu dos pr\u00f3prios povos ind\u00edgenas, de sua produ\u00e7\u00e3o normativa aut\u00f4noma, fruto da autodetermina\u00e7\u00e3o e da defesa do territ\u00f3rio; tamb\u00e9m da cultura transmitida por s\u00e9culos e de uma espiritualidade que sustenta a luta e projeta o futuro.<\/p>\n\n\n\n<p>Colocamos no centro de n\u00f3s as viola\u00e7\u00f5es cotidianas ao territ\u00f3rio, aos direitos \u00e0 sa\u00fade, \u00e0 \u00e1gua, \u00e0 educa\u00e7\u00e3o, \u00e0 cultura e \u00e0 consulta livre, pr\u00e9via e informada; o direito ao n\u00e3o contato e \u00e0 soberania alimentar. A firme persist\u00eancia do colonialismo e dos c\u00f3digos ocidentais em cada mecanismo que hoje precisa ser utilizado para iniciar qualquer via de incid\u00eancia pol\u00edtica e de efetiva\u00e7\u00e3o de pol\u00edticas p\u00fablicas. O fortalecimento consistente dos direitos coletivos e dos direitos da natureza. Paty nos lembrou que h\u00e1 temas essenciais, como a contamina\u00e7\u00e3o dos rios, \u201cque v\u00eam dos Andes, passam por cidades e chegam \u00e0s nossas comunidades\u201d; a apropria\u00e7\u00e3o indevida dos conhecimentos ancestrais e a economia verde, \u201cque vem com um monte de mentiras\u201d.<\/p>\n\n\n<div class=\"wp-block-image\">\n<figure class=\"aligncenter size-large\"><img loading=\"lazy\" decoding=\"async\" width=\"2560\" height=\"1440\" src=\"https:\/\/www.repam.net\/pt\/wp-content\/uploads\/2026\/04\/IMG_4921-edited-scaled.jpg\" alt=\"\" class=\"wp-image-4252\" srcset=\"https:\/\/www.repam.net\/pt\/wp-content\/uploads\/2026\/04\/IMG_4921-edited-scaled.jpg 2560w, https:\/\/www.repam.net\/pt\/wp-content\/uploads\/2026\/04\/IMG_4921-edited-300x169.jpg 300w, https:\/\/www.repam.net\/pt\/wp-content\/uploads\/2026\/04\/IMG_4921-edited-1024x576.jpg 1024w, https:\/\/www.repam.net\/pt\/wp-content\/uploads\/2026\/04\/IMG_4921-edited-768x432.jpg 768w, https:\/\/www.repam.net\/pt\/wp-content\/uploads\/2026\/04\/IMG_4921-edited-1536x864.jpg 1536w, https:\/\/www.repam.net\/pt\/wp-content\/uploads\/2026\/04\/IMG_4921-edited-2048x1152.jpg 2048w\" sizes=\"auto, (max-width: 2560px) 100vw, 2560px\" \/><\/figure>\n<\/div>\n\n\n<p>Al\u00e9m disso, a partir da escuta destes dias, soma-se a urgente necessidade de sustentar as Na\u00e7\u00f5es Unidas, e em especial o pr\u00f3prio F\u00f3rum Permanente; de realizar um relat\u00f3rio de sa\u00fade sistematizado; de entender que h\u00e1 quest\u00f5es transversais que j\u00e1 est\u00e3o sendo enfrentadas de forma estrutural a partir de diferentes frentes, e que \u00e9 preciso conect\u00e1-las e coorden\u00e1-las. Tamb\u00e9m a amea\u00e7a de uma ind\u00fastria extrativista em n\u00edvel global e, em contrapartida, uma proposta concreta que nasce da pr\u00f3pria exist\u00eancia de um povo, o de Sarayaku, mas que, com certeza, est\u00e1 sendo vivida por muitos outros povos ind\u00edgenas: a selva viva (em kichwa: Kawsak Sacha).<\/p>\n\n\n\n<p>\u201cConceito sagrado a partir das vis\u00f5es dos xam\u00e3s que conseguiram se conectar com a natureza, a partir de seu dom\u201d. Oferecendo essa viv\u00eancia e vis\u00e3o da floresta como ser vivo, n\u00e3o como um produto rent\u00e1vel, a todas as comunidades, \u201cporque isso est\u00e1 presente em todos os povos ind\u00edgenas do mundo, essa vis\u00e3o espiritual t\u00e3o profunda\u201d. E a partir da\u00ed, dessa interconex\u00e3o e liga\u00e7\u00e3o estrutural e universal, come\u00e7a a caminhada do mandato de Patricia. Agora \u00e9 preciso estar \u00e0 altura de seu servi\u00e7o e, a partir de nossas organiza\u00e7\u00f5es, ser rio onde navegar e se refrescar. Assim seja.<\/p>\n\n\n\n<p><\/p>\n","protected":false},"excerpt":{"rendered":"<p>Quando, em 2025, foi aprovada a candidatura da nossa companheira Paty para fazer parte do F\u00f3rum Permanente, qualquer pessoa que tivesse compartilhado tempo e luta com ela sabia que ela n\u00e3o iria realizar esse servi\u00e7o sozinha. Seu profundo sentido da vida compartilhada, atrav\u00e9s do comunit\u00e1rio (no pensar, projetar, sonhar, rezar\u2026), \u00e9 uma de suas principais [&hellip;]<\/p>\n","protected":false},"author":1,"featured_media":4250,"comment_status":"closed","ping_status":"closed","sticky":false,"template":"","format":"standard","meta":{"_acf_changed":false,"_uf_show_specific_survey":0,"_uf_disable_surveys":false,"footnotes":""},"categories":[56,4],"tags":[63,59,35,6],"class_list":["post-4248","post","type-post","status-publish","format-standard","has-post-thumbnail","hentry","category-direitos-humanos","category-noticias","tag-amazonia-2","tag-direitos-humanos","tag-povos-indigenas","tag-repam"],"acf":[],"aioseo_notices":[],"yoast_head":"<!-- This site is optimized with the Yoast SEO plugin v24.2 - https:\/\/yoast.com\/wordpress\/plugins\/seo\/ -->\n<title>Come\u00e7a a trajet\u00f3ria de Patricia Gualinga como membro do F\u00f3rum Permanente das Na\u00e7\u00f5es Unidas para as Quest\u00f5es Ind\u00edgenas - Repam<\/title>\n<meta name=\"description\" content=\"Quando, em 2025, foi aprovada a candidatura da nossa companheira Paty para fazer parte do F\u00f3rum Permanente, qualquer pessoa que tivesse compartilhado tempo e luta com ela sabia que ela n\u00e3o iria realizar esse servi\u00e7o sozinha. Seu profundo sentido da vida compartilhada, atrav\u00e9s do comunit\u00e1rio (no pensar, projetar, sonhar, rezar\u2026), \u00e9 uma de suas principais caracter\u00edsticas.\" \/>\n<meta name=\"robots\" content=\"index, follow, max-snippet:-1, max-image-preview:large, max-video-preview:-1\" \/>\n<link rel=\"canonical\" href=\"https:\/\/www.repam.net\/pt\/patricia-gualinga-membro-do-forum-para-as-questoes-indigenas\/\" \/>\n<meta property=\"og:locale\" content=\"pt_BR\" \/>\n<meta property=\"og:type\" content=\"article\" \/>\n<meta property=\"og:title\" content=\"Come\u00e7a a trajet\u00f3ria de Patricia Gualinga como membro do F\u00f3rum Permanente das Na\u00e7\u00f5es Unidas para as Quest\u00f5es Ind\u00edgenas - Repam\" \/>\n<meta property=\"og:description\" content=\"Quando, em 2025, foi aprovada a candidatura da nossa companheira Paty para fazer parte do F\u00f3rum Permanente, qualquer pessoa que tivesse compartilhado tempo e luta com ela sabia que ela n\u00e3o iria realizar esse servi\u00e7o sozinha. Seu profundo sentido da vida compartilhada, atrav\u00e9s do comunit\u00e1rio (no pensar, projetar, sonhar, rezar\u2026), \u00e9 uma de suas principais caracter\u00edsticas.\" \/>\n<meta property=\"og:url\" content=\"https:\/\/www.repam.net\/pt\/patricia-gualinga-membro-do-forum-para-as-questoes-indigenas\/\" \/>\n<meta property=\"og:site_name\" content=\"Repam\" \/>\n<meta property=\"article:published_time\" content=\"2026-04-19T17:41:34+00:00\" \/>\n<meta property=\"article:modified_time\" content=\"2026-04-19T17:41:35+00:00\" \/>\n<meta property=\"og:image\" content=\"https:\/\/www.repam.net\/pt\/wp-content\/uploads\/2026\/04\/IMG_4939-edited-scaled.jpg\" \/>\n\t<meta property=\"og:image:width\" content=\"2560\" \/>\n\t<meta property=\"og:image:height\" content=\"1440\" \/>\n\t<meta property=\"og:image:type\" content=\"image\/jpeg\" \/>\n<meta name=\"author\" content=\"repam@adm\" \/>\n<meta name=\"twitter:card\" content=\"summary_large_image\" \/>\n<meta name=\"twitter:label1\" content=\"Escrito por\" \/>\n\t<meta name=\"twitter:data1\" content=\"repam@adm\" \/>\n\t<meta name=\"twitter:label2\" content=\"Est. tempo de leitura\" \/>\n\t<meta name=\"twitter:data2\" content=\"4 minutos\" \/>\n<script type=\"application\/ld+json\" class=\"yoast-schema-graph\">{\"@context\":\"https:\/\/schema.org\",\"@graph\":[{\"@type\":\"Article\",\"@id\":\"https:\/\/www.repam.net\/pt\/patricia-gualinga-membro-do-forum-para-as-questoes-indigenas\/#article\",\"isPartOf\":{\"@id\":\"https:\/\/www.repam.net\/pt\/patricia-gualinga-membro-do-forum-para-as-questoes-indigenas\/\"},\"author\":{\"name\":\"repam@adm\",\"@id\":\"https:\/\/www.repam.net\/pt\/#\/schema\/person\/b6f20b09de002e56f342d9b3a5143d51\"},\"headline\":\"Come\u00e7a a trajet\u00f3ria de Patricia Gualinga como membro do F\u00f3rum Permanente das Na\u00e7\u00f5es Unidas para as Quest\u00f5es Ind\u00edgenas\",\"datePublished\":\"2026-04-19T17:41:34+00:00\",\"dateModified\":\"2026-04-19T17:41:35+00:00\",\"mainEntityOfPage\":{\"@id\":\"https:\/\/www.repam.net\/pt\/patricia-gualinga-membro-do-forum-para-as-questoes-indigenas\/\"},\"wordCount\":675,\"publisher\":{\"@id\":\"https:\/\/www.repam.net\/pt\/#organization\"},\"image\":{\"@id\":\"https:\/\/www.repam.net\/pt\/patricia-gualinga-membro-do-forum-para-as-questoes-indigenas\/#primaryimage\"},\"thumbnailUrl\":\"https:\/\/www.repam.net\/pt\/wp-content\/uploads\/2026\/04\/IMG_4939-edited-scaled.jpg\",\"keywords\":[\"amazonia\",\"Direitos Humanos\",\"Povos Ind\u00edgenas\",\"REPAM\"],\"articleSection\":[\"Direitos Humanos\",\"Not\u00edcias\"],\"inLanguage\":\"pt-BR\"},{\"@type\":\"WebPage\",\"@id\":\"https:\/\/www.repam.net\/pt\/patricia-gualinga-membro-do-forum-para-as-questoes-indigenas\/\",\"url\":\"https:\/\/www.repam.net\/pt\/patricia-gualinga-membro-do-forum-para-as-questoes-indigenas\/\",\"name\":\"Come\u00e7a a trajet\u00f3ria de Patricia Gualinga como membro do F\u00f3rum Permanente das Na\u00e7\u00f5es Unidas para as Quest\u00f5es Ind\u00edgenas - Repam\",\"isPartOf\":{\"@id\":\"https:\/\/www.repam.net\/pt\/#website\"},\"primaryImageOfPage\":{\"@id\":\"https:\/\/www.repam.net\/pt\/patricia-gualinga-membro-do-forum-para-as-questoes-indigenas\/#primaryimage\"},\"image\":{\"@id\":\"https:\/\/www.repam.net\/pt\/patricia-gualinga-membro-do-forum-para-as-questoes-indigenas\/#primaryimage\"},\"thumbnailUrl\":\"https:\/\/www.repam.net\/pt\/wp-content\/uploads\/2026\/04\/IMG_4939-edited-scaled.jpg\",\"datePublished\":\"2026-04-19T17:41:34+00:00\",\"dateModified\":\"2026-04-19T17:41:35+00:00\",\"description\":\"Quando, em 2025, foi aprovada a candidatura da nossa companheira Paty para fazer parte do F\u00f3rum Permanente, qualquer pessoa que tivesse compartilhado tempo e luta com ela sabia que ela n\u00e3o iria realizar esse servi\u00e7o sozinha. Seu profundo sentido da vida compartilhada, atrav\u00e9s do comunit\u00e1rio (no pensar, projetar, sonhar, rezar\u2026), \u00e9 uma de suas principais caracter\u00edsticas.\",\"breadcrumb\":{\"@id\":\"https:\/\/www.repam.net\/pt\/patricia-gualinga-membro-do-forum-para-as-questoes-indigenas\/#breadcrumb\"},\"inLanguage\":\"pt-BR\",\"potentialAction\":[{\"@type\":\"ReadAction\",\"target\":[\"https:\/\/www.repam.net\/pt\/patricia-gualinga-membro-do-forum-para-as-questoes-indigenas\/\"]}]},{\"@type\":\"ImageObject\",\"inLanguage\":\"pt-BR\",\"@id\":\"https:\/\/www.repam.net\/pt\/patricia-gualinga-membro-do-forum-para-as-questoes-indigenas\/#primaryimage\",\"url\":\"https:\/\/www.repam.net\/pt\/wp-content\/uploads\/2026\/04\/IMG_4939-edited-scaled.jpg\",\"contentUrl\":\"https:\/\/www.repam.net\/pt\/wp-content\/uploads\/2026\/04\/IMG_4939-edited-scaled.jpg\",\"width\":2560,\"height\":1440},{\"@type\":\"BreadcrumbList\",\"@id\":\"https:\/\/www.repam.net\/pt\/patricia-gualinga-membro-do-forum-para-as-questoes-indigenas\/#breadcrumb\",\"itemListElement\":[{\"@type\":\"ListItem\",\"position\":1,\"name\":\"In\u00edcio\",\"item\":\"https:\/\/www.repam.net\/pt\/\"},{\"@type\":\"ListItem\",\"position\":2,\"name\":\"Come\u00e7a a trajet\u00f3ria de Patricia Gualinga como membro do F\u00f3rum Permanente das Na\u00e7\u00f5es Unidas para as Quest\u00f5es Ind\u00edgenas\"}]},{\"@type\":\"WebSite\",\"@id\":\"https:\/\/www.repam.net\/pt\/#website\",\"url\":\"https:\/\/www.repam.net\/pt\/\",\"name\":\"Repam\",\"description\":\"Rede Eclesial Pan-amaz\u00f4nica\",\"publisher\":{\"@id\":\"https:\/\/www.repam.net\/pt\/#organization\"},\"potentialAction\":[{\"@type\":\"SearchAction\",\"target\":{\"@type\":\"EntryPoint\",\"urlTemplate\":\"https:\/\/www.repam.net\/pt\/?s={search_term_string}\"},\"query-input\":{\"@type\":\"PropertyValueSpecification\",\"valueRequired\":true,\"valueName\":\"search_term_string\"}}],\"inLanguage\":\"pt-BR\"},{\"@type\":\"Organization\",\"@id\":\"https:\/\/www.repam.net\/pt\/#organization\",\"name\":\"Repam\",\"url\":\"https:\/\/www.repam.net\/pt\/\",\"logo\":{\"@type\":\"ImageObject\",\"inLanguage\":\"pt-BR\",\"@id\":\"https:\/\/www.repam.net\/pt\/#\/schema\/logo\/image\/\",\"url\":\"https:\/\/www.repam.net\/pt\/wp-content\/uploads\/2022\/02\/15.-REPAM-BRASIL.jpg\",\"contentUrl\":\"https:\/\/www.repam.net\/pt\/wp-content\/uploads\/2022\/02\/15.-REPAM-BRASIL.jpg\",\"width\":231,\"height\":230,\"caption\":\"Repam\"},\"image\":{\"@id\":\"https:\/\/www.repam.net\/pt\/#\/schema\/logo\/image\/\"}},{\"@type\":\"Person\",\"@id\":\"https:\/\/www.repam.net\/pt\/#\/schema\/person\/b6f20b09de002e56f342d9b3a5143d51\",\"name\":\"repam@adm\",\"image\":{\"@type\":\"ImageObject\",\"inLanguage\":\"pt-BR\",\"@id\":\"https:\/\/www.repam.net\/pt\/#\/schema\/person\/image\/\",\"url\":\"https:\/\/secure.gravatar.com\/avatar\/b18234ea6de5d74563e52ca7bfdad9d2b029b514c935b38a2790717abf8f2e5f?s=96&d=mm&r=g\",\"contentUrl\":\"https:\/\/secure.gravatar.com\/avatar\/b18234ea6de5d74563e52ca7bfdad9d2b029b514c935b38a2790717abf8f2e5f?s=96&d=mm&r=g\",\"caption\":\"repam@adm\"},\"sameAs\":[\"https:\/\/www.repam.net\/pt\"],\"url\":\"https:\/\/www.repam.net\/pt\/author\/repamadm\/\"}]}<\/script>\n<!-- \/ Yoast SEO plugin. -->","yoast_head_json":{"title":"Come\u00e7a a trajet\u00f3ria de Patricia Gualinga como membro do F\u00f3rum Permanente das Na\u00e7\u00f5es Unidas para as Quest\u00f5es Ind\u00edgenas - Repam","description":"Quando, em 2025, foi aprovada a candidatura da nossa companheira Paty para fazer parte do F\u00f3rum Permanente, qualquer pessoa que tivesse compartilhado tempo e luta com ela sabia que ela n\u00e3o iria realizar esse servi\u00e7o sozinha. Seu profundo sentido da vida compartilhada, atrav\u00e9s do comunit\u00e1rio (no pensar, projetar, sonhar, rezar\u2026), \u00e9 uma de suas principais caracter\u00edsticas.","robots":{"index":"index","follow":"follow","max-snippet":"max-snippet:-1","max-image-preview":"max-image-preview:large","max-video-preview":"max-video-preview:-1"},"canonical":"https:\/\/www.repam.net\/pt\/patricia-gualinga-membro-do-forum-para-as-questoes-indigenas\/","og_locale":"pt_BR","og_type":"article","og_title":"Come\u00e7a a trajet\u00f3ria de Patricia Gualinga como membro do F\u00f3rum Permanente das Na\u00e7\u00f5es Unidas para as Quest\u00f5es Ind\u00edgenas - Repam","og_description":"Quando, em 2025, foi aprovada a candidatura da nossa companheira Paty para fazer parte do F\u00f3rum Permanente, qualquer pessoa que tivesse compartilhado tempo e luta com ela sabia que ela n\u00e3o iria realizar esse servi\u00e7o sozinha. Seu profundo sentido da vida compartilhada, atrav\u00e9s do comunit\u00e1rio (no pensar, projetar, sonhar, rezar\u2026), \u00e9 uma de suas principais caracter\u00edsticas.","og_url":"https:\/\/www.repam.net\/pt\/patricia-gualinga-membro-do-forum-para-as-questoes-indigenas\/","og_site_name":"Repam","article_published_time":"2026-04-19T17:41:34+00:00","article_modified_time":"2026-04-19T17:41:35+00:00","og_image":[{"width":2560,"height":1440,"url":"https:\/\/www.repam.net\/pt\/wp-content\/uploads\/2026\/04\/IMG_4939-edited-scaled.jpg","type":"image\/jpeg"}],"author":"repam@adm","twitter_card":"summary_large_image","twitter_misc":{"Escrito por":"repam@adm","Est. tempo de leitura":"4 minutos"},"schema":{"@context":"https:\/\/schema.org","@graph":[{"@type":"Article","@id":"https:\/\/www.repam.net\/pt\/patricia-gualinga-membro-do-forum-para-as-questoes-indigenas\/#article","isPartOf":{"@id":"https:\/\/www.repam.net\/pt\/patricia-gualinga-membro-do-forum-para-as-questoes-indigenas\/"},"author":{"name":"repam@adm","@id":"https:\/\/www.repam.net\/pt\/#\/schema\/person\/b6f20b09de002e56f342d9b3a5143d51"},"headline":"Come\u00e7a a trajet\u00f3ria de Patricia Gualinga como membro do F\u00f3rum Permanente das Na\u00e7\u00f5es Unidas para as Quest\u00f5es Ind\u00edgenas","datePublished":"2026-04-19T17:41:34+00:00","dateModified":"2026-04-19T17:41:35+00:00","mainEntityOfPage":{"@id":"https:\/\/www.repam.net\/pt\/patricia-gualinga-membro-do-forum-para-as-questoes-indigenas\/"},"wordCount":675,"publisher":{"@id":"https:\/\/www.repam.net\/pt\/#organization"},"image":{"@id":"https:\/\/www.repam.net\/pt\/patricia-gualinga-membro-do-forum-para-as-questoes-indigenas\/#primaryimage"},"thumbnailUrl":"https:\/\/www.repam.net\/pt\/wp-content\/uploads\/2026\/04\/IMG_4939-edited-scaled.jpg","keywords":["amazonia","Direitos Humanos","Povos Ind\u00edgenas","REPAM"],"articleSection":["Direitos Humanos","Not\u00edcias"],"inLanguage":"pt-BR"},{"@type":"WebPage","@id":"https:\/\/www.repam.net\/pt\/patricia-gualinga-membro-do-forum-para-as-questoes-indigenas\/","url":"https:\/\/www.repam.net\/pt\/patricia-gualinga-membro-do-forum-para-as-questoes-indigenas\/","name":"Come\u00e7a a trajet\u00f3ria de Patricia Gualinga como membro do F\u00f3rum Permanente das Na\u00e7\u00f5es Unidas para as Quest\u00f5es Ind\u00edgenas - Repam","isPartOf":{"@id":"https:\/\/www.repam.net\/pt\/#website"},"primaryImageOfPage":{"@id":"https:\/\/www.repam.net\/pt\/patricia-gualinga-membro-do-forum-para-as-questoes-indigenas\/#primaryimage"},"image":{"@id":"https:\/\/www.repam.net\/pt\/patricia-gualinga-membro-do-forum-para-as-questoes-indigenas\/#primaryimage"},"thumbnailUrl":"https:\/\/www.repam.net\/pt\/wp-content\/uploads\/2026\/04\/IMG_4939-edited-scaled.jpg","datePublished":"2026-04-19T17:41:34+00:00","dateModified":"2026-04-19T17:41:35+00:00","description":"Quando, em 2025, foi aprovada a candidatura da nossa companheira Paty para fazer parte do F\u00f3rum Permanente, qualquer pessoa que tivesse compartilhado tempo e luta com ela sabia que ela n\u00e3o iria realizar esse servi\u00e7o sozinha. Seu profundo sentido da vida compartilhada, atrav\u00e9s do comunit\u00e1rio (no pensar, projetar, sonhar, rezar\u2026), \u00e9 uma de suas principais caracter\u00edsticas.","breadcrumb":{"@id":"https:\/\/www.repam.net\/pt\/patricia-gualinga-membro-do-forum-para-as-questoes-indigenas\/#breadcrumb"},"inLanguage":"pt-BR","potentialAction":[{"@type":"ReadAction","target":["https:\/\/www.repam.net\/pt\/patricia-gualinga-membro-do-forum-para-as-questoes-indigenas\/"]}]},{"@type":"ImageObject","inLanguage":"pt-BR","@id":"https:\/\/www.repam.net\/pt\/patricia-gualinga-membro-do-forum-para-as-questoes-indigenas\/#primaryimage","url":"https:\/\/www.repam.net\/pt\/wp-content\/uploads\/2026\/04\/IMG_4939-edited-scaled.jpg","contentUrl":"https:\/\/www.repam.net\/pt\/wp-content\/uploads\/2026\/04\/IMG_4939-edited-scaled.jpg","width":2560,"height":1440},{"@type":"BreadcrumbList","@id":"https:\/\/www.repam.net\/pt\/patricia-gualinga-membro-do-forum-para-as-questoes-indigenas\/#breadcrumb","itemListElement":[{"@type":"ListItem","position":1,"name":"In\u00edcio","item":"https:\/\/www.repam.net\/pt\/"},{"@type":"ListItem","position":2,"name":"Come\u00e7a a trajet\u00f3ria de Patricia Gualinga como membro do F\u00f3rum Permanente das Na\u00e7\u00f5es Unidas para as Quest\u00f5es Ind\u00edgenas"}]},{"@type":"WebSite","@id":"https:\/\/www.repam.net\/pt\/#website","url":"https:\/\/www.repam.net\/pt\/","name":"Repam","description":"Rede Eclesial Pan-amaz\u00f4nica","publisher":{"@id":"https:\/\/www.repam.net\/pt\/#organization"},"potentialAction":[{"@type":"SearchAction","target":{"@type":"EntryPoint","urlTemplate":"https:\/\/www.repam.net\/pt\/?s={search_term_string}"},"query-input":{"@type":"PropertyValueSpecification","valueRequired":true,"valueName":"search_term_string"}}],"inLanguage":"pt-BR"},{"@type":"Organization","@id":"https:\/\/www.repam.net\/pt\/#organization","name":"Repam","url":"https:\/\/www.repam.net\/pt\/","logo":{"@type":"ImageObject","inLanguage":"pt-BR","@id":"https:\/\/www.repam.net\/pt\/#\/schema\/logo\/image\/","url":"https:\/\/www.repam.net\/pt\/wp-content\/uploads\/2022\/02\/15.-REPAM-BRASIL.jpg","contentUrl":"https:\/\/www.repam.net\/pt\/wp-content\/uploads\/2022\/02\/15.-REPAM-BRASIL.jpg","width":231,"height":230,"caption":"Repam"},"image":{"@id":"https:\/\/www.repam.net\/pt\/#\/schema\/logo\/image\/"}},{"@type":"Person","@id":"https:\/\/www.repam.net\/pt\/#\/schema\/person\/b6f20b09de002e56f342d9b3a5143d51","name":"repam@adm","image":{"@type":"ImageObject","inLanguage":"pt-BR","@id":"https:\/\/www.repam.net\/pt\/#\/schema\/person\/image\/","url":"https:\/\/secure.gravatar.com\/avatar\/b18234ea6de5d74563e52ca7bfdad9d2b029b514c935b38a2790717abf8f2e5f?s=96&d=mm&r=g","contentUrl":"https:\/\/secure.gravatar.com\/avatar\/b18234ea6de5d74563e52ca7bfdad9d2b029b514c935b38a2790717abf8f2e5f?s=96&d=mm&r=g","caption":"repam@adm"},"sameAs":["https:\/\/www.repam.net\/pt"],"url":"https:\/\/www.repam.net\/pt\/author\/repamadm\/"}]}},"_links":{"self":[{"href":"https:\/\/www.repam.net\/pt\/wp-json\/wp\/v2\/posts\/4248","targetHints":{"allow":["GET"]}}],"collection":[{"href":"https:\/\/www.repam.net\/pt\/wp-json\/wp\/v2\/posts"}],"about":[{"href":"https:\/\/www.repam.net\/pt\/wp-json\/wp\/v2\/types\/post"}],"author":[{"embeddable":true,"href":"https:\/\/www.repam.net\/pt\/wp-json\/wp\/v2\/users\/1"}],"replies":[{"embeddable":true,"href":"https:\/\/www.repam.net\/pt\/wp-json\/wp\/v2\/comments?post=4248"}],"version-history":[{"count":1,"href":"https:\/\/www.repam.net\/pt\/wp-json\/wp\/v2\/posts\/4248\/revisions"}],"predecessor-version":[{"id":4253,"href":"https:\/\/www.repam.net\/pt\/wp-json\/wp\/v2\/posts\/4248\/revisions\/4253"}],"wp:featuredmedia":[{"embeddable":true,"href":"https:\/\/www.repam.net\/pt\/wp-json\/wp\/v2\/media\/4250"}],"wp:attachment":[{"href":"https:\/\/www.repam.net\/pt\/wp-json\/wp\/v2\/media?parent=4248"}],"wp:term":[{"taxonomy":"category","embeddable":true,"href":"https:\/\/www.repam.net\/pt\/wp-json\/wp\/v2\/categories?post=4248"},{"taxonomy":"post_tag","embeddable":true,"href":"https:\/\/www.repam.net\/pt\/wp-json\/wp\/v2\/tags?post=4248"}],"curies":[{"name":"wp","href":"https:\/\/api.w.org\/{rel}","templated":true}]}}