{"id":4254,"date":"2026-04-20T09:48:30","date_gmt":"2026-04-20T12:48:30","guid":{"rendered":"https:\/\/www.repam.net\/pt\/?p=4254"},"modified":"2026-04-20T09:48:32","modified_gmt":"2026-04-20T12:48:32","slug":"regchag-remam-repam-nas-nacoes-unidas","status":"publish","type":"post","link":"https:\/\/www.repam.net\/pt\/regchag-remam-repam-nas-nacoes-unidas\/","title":{"rendered":"REGCHAG, REMAM e REPAM participam de forma conjunta no F\u00f3rum Permanente das Na\u00e7\u00f5es Unidas para as Quest\u00f5es Ind\u00edgenas"},"content":{"rendered":"<div class=\"wp-block-image\">\n<figure class=\"aligncenter size-large\"><img loading=\"lazy\" decoding=\"async\" width=\"1599\" height=\"899\" src=\"https:\/\/www.repam.net\/pt\/wp-content\/uploads\/2026\/04\/IMG-20260419-WA0143.jpg-edited.jpeg\" alt=\"\" class=\"wp-image-4256\" srcset=\"https:\/\/www.repam.net\/pt\/wp-content\/uploads\/2026\/04\/IMG-20260419-WA0143.jpg-edited.jpeg 1599w, https:\/\/www.repam.net\/pt\/wp-content\/uploads\/2026\/04\/IMG-20260419-WA0143.jpg-edited-300x169.jpeg 300w, https:\/\/www.repam.net\/pt\/wp-content\/uploads\/2026\/04\/IMG-20260419-WA0143.jpg-edited-1024x576.jpeg 1024w, https:\/\/www.repam.net\/pt\/wp-content\/uploads\/2026\/04\/IMG-20260419-WA0143.jpg-edited-768x432.jpeg 768w, https:\/\/www.repam.net\/pt\/wp-content\/uploads\/2026\/04\/IMG-20260419-WA0143.jpg-edited-1536x864.jpeg 1536w\" sizes=\"auto, (max-width: 1599px) 100vw, 1599px\" \/><\/figure>\n<\/div>\n\n\n<blockquote class=\"wp-block-quote is-layout-flow wp-block-quote-is-layout-flow\">\n<p><em>Desde este 20 e at\u00e9 o pr\u00f3ximo 26 de abril, as comiss\u00f5es de cada uma das redes territoriais, formadas por lideran\u00e7as sociais femininas, estar\u00e3o presentes em diferentes eventos que cercam o F\u00f3rum Permanente das Na\u00e7\u00f5es Unidas para as Quest\u00f5es Ind\u00edgenas. A jornada pr\u00e9via contou com a participa\u00e7\u00e3o do Caucus Ind\u00edgena e da Minga Coletiva.<\/em><\/p>\n<\/blockquote>\n\n\n\n<p><strong><em>Por: Comunica\u00e7\u00f5es REGCHAG, REMAM e REPAM.<\/em><\/strong><\/p>\n\n\n\n<p>A experi\u00eancia sustentada pela Rede Eclesial Pan-Amaz\u00f4nica (REPAM) em espa\u00e7os de incid\u00eancia internacional permitiu que a Rede Eclesial do Grande Chaco e Aqu\u00edfero Guarani (REGCHAG) e a Rede Eclesial Ecol\u00f3gica Meso-Americana (REMAM) se somassem de forma articulada \u00e0 participa\u00e7\u00e3o no F\u00f3rum das Na\u00e7\u00f5es Unidas para as Quest\u00f5es Ind\u00edgenas, levando a voz dos territ\u00f3rios impactados pelas viola\u00e7\u00f5es dos direitos humanos e coletivos. Este espa\u00e7o mant\u00e9m influ\u00eancia na tomada de decis\u00f5es e na constru\u00e7\u00e3o de boa parte da agenda de interven\u00e7\u00e3o para os assuntos ind\u00edgenas de nosso continente e do planeta.<\/p>\n\n\n\n<p>Nesta a\u00e7\u00e3o de incid\u00eancia, as comiss\u00f5es de cada uma das tr\u00eas redes est\u00e3o sendo acompanhadas por organiza\u00e7\u00f5es como o Conselho Indigenista Mission\u00e1rio (CIMI), a Equipe Nacional de Pastoral Abor\u00edgene (ENDEPA), o Programa Universit\u00e1rio Amaz\u00f4nico (PUAM), a C\u00e1ritas Espanhola e a Alboan. Os integrantes de cada uma das comiss\u00f5es estar\u00e3o presentes, durante os pr\u00f3ximos dias, em espa\u00e7os como: o di\u00e1logo interativo com o relator dos povos ind\u00edgenas, um encontro com a miss\u00e3o permanente da Espanha, o debate sobre os seis \u00e2mbitos de mandato do f\u00f3rum, um encontro na Nunciatura Apost\u00f3lica dos Estados Unidos e um encontro com a Arquidiocese de Nova York.<\/p>\n\n\n\n<h5 class=\"wp-block-heading\"><strong>Uma luta pelo territ\u00f3rio<\/strong><\/h5>\n\n\n\n<p>A voz dos povos ind\u00edgenas ressoa neste espa\u00e7o de incid\u00eancia, exigindo a garantia de seus direitos territoriais. Durante o <em>Caucus Ind\u00edgena<\/em>, destacou-se a necessidade de uma luta cont\u00ednua pela demarca\u00e7\u00e3o territorial, entendendo que este \u00e9 um passo importante para garantir outros direitos fundamentais dos povos. Lucila da Costa Moreira, do povo Nawa do Acre, no Brasil, integrante da comiss\u00e3o das tr\u00eas redes territoriais, afirmou que<em>: \u201cpara ter uma sa\u00fade digna, \u00e9 necess\u00e1rio contar com um territ\u00f3rio demarcado. Hoje, as mulheres do meu povo sofrem muito psicologicamente, preocupadas com como nosso povo vai sobreviver sem terra.\u201d<\/em> A lideran\u00e7a considerou de vital import\u00e2ncia o papel das mulheres na luta pelos direitos dos povos e assegurou que, quando se pronuncia em diferentes pa\u00edses, n\u00e3o apenas destaca a luta de seu povo pela demarca\u00e7\u00e3o de seu territ\u00f3rio, mas tamb\u00e9m a luta de todos os povos que t\u00eam a mesma necessidade.<\/p>\n\n\n\n<p>O sentimento do povo Mbya Guarani, de Misiones, na Argentina, tamb\u00e9m estar\u00e1 presente durante as atividades do f\u00f3rum. Keila Zaya, uma das jovens lideran\u00e7as pertencentes a esse povo ind\u00edgena, moradora da comunidade Tekoa Arandu e integrante da comiss\u00e3o das tr\u00eas redes territoriais, afirmou, na antesala do f\u00f3rum, que: <em>\u201cBusca-se, de alguma forma, exigir a emiss\u00e3o do t\u00edtulo comunit\u00e1rio dos territ\u00f3rios ind\u00edgenas e as garantias para a consulta pr\u00e9via, livre e informada&#8221;. <\/em>Al\u00e9m disso, a lideran\u00e7a foi enf\u00e1tica quanto \u00e0 necessidade de gerar alian\u00e7as internacionais que acompanhem a defesa territorial, entendendo que <em>\u201cproteger o territ\u00f3rio n\u00e3o apenas resguarda direitos coletivos, mas tamb\u00e9m bens comuns.\u201d<\/em><\/p>\n\n\n\n<p>Roxana Rivas, advogada da ENDEPA e integrante da comiss\u00e3o das tr\u00eas redes territoriais, assinalou que \u00e9 importante levar a este espa\u00e7o casos como o da comunidade de Puente Quemado II, na prov\u00edncia de Misiones. E \u00e9 que o problema territorial dessa comunidade passa pela concentra\u00e7\u00e3o de terras por parte de uma multinacional que se apropriou de aproximadamente 20% do territ\u00f3rio da prov\u00edncia. <em>\u201cA comunidade ficou muito isolada, com problemas de acesso a caminhos&#8230; \u00e1gua, porque est\u00e1 cercada pelas planta\u00e7\u00f5es de pinus dessa empresa. A companhia se dedica a substituir a floresta nativa para sua atividade econ\u00f4mica\u201d<\/em>, afirmou a advogada, que tamb\u00e9m ressaltou que <em>\u201cquando a comunidade come\u00e7ou uma luta mais forte para preservar seu territ\u00f3rio, a empresa passou a tomar repres\u00e1lias, retirando todo tipo de colabora\u00e7\u00e3o, evitando a manuten\u00e7\u00e3o do caminho e o acesso \u00e0 \u00e1gua pot\u00e1vel.\u201d<\/em><\/p>\n\n\n\n<p>A comiss\u00e3o da REMAM, composta por representantes ind\u00edgenas, afro-ind\u00edgenas e gar\u00edfunas de El Salvador, Honduras, M\u00e9xico e Panam\u00e1, expressou um posicionamento conjunto em rela\u00e7\u00e3o \u00e0s problem\u00e1ticas territoriais. Foi assinalado que <em>\u201cna Mesoam\u00e9rica, os povos e territ\u00f3rios est\u00e3o amea\u00e7ados pela crise da \u00e1gua, o extrativismo, a explora\u00e7\u00e3o mineradora, o desrespeito e o descumprimento das garantias de direitos.\u201d<\/em> Essas problem\u00e1ticas implicam aprofundar o conhecimento da realidade dos territ\u00f3rios para defend\u00ea-los, no respeito \u00e0 governan\u00e7a local, aos pap\u00e9is atribu\u00eddos a l\u00edderes e lideran\u00e7as, homens e mulheres defensores da vida que estejam em harmonia com o territ\u00f3rio, a cosmovis\u00e3o, bem como com um pensar e agir coerente, alinhado \u00e0s garantias de vida.<\/p>\n\n\n\n<h5 class=\"wp-block-heading\"><strong>A expectativa<\/strong><\/h5>\n\n\n\n<p>A a\u00e7\u00e3o participativa nesses espa\u00e7os tem como objetivo alcan\u00e7ar incid\u00eancia e mudan\u00e7as importantes nos diferentes territ\u00f3rios. Por isso, a participa\u00e7\u00e3o no f\u00f3rum se soma aos caminhos j\u00e1 percorridos pelos l\u00edderes ind\u00edgenas em suas lutas constantes. A comiss\u00e3o das redes territoriais espera do espa\u00e7o: afinidade e clareza entre as representa\u00e7\u00f5es regionais, incentivando a reflex\u00e3o e a oportunidade de transformar a realidade; para isso, \u00e9 necess\u00e1rio elaborar uma rota de trabalho a m\u00e9dio prazo e realizar a\u00e7\u00f5es que questionem o colonialismo, o racismo e a discrimina\u00e7\u00e3o vividos pelos povos racializados. Por outro lado, \u00e9 necess\u00e1rio fortalecer o trabalho territorial para conhecer a diversidade dos povos e sua espiritualidade, e avan\u00e7ar nos objetivos propostos para a prote\u00e7\u00e3o e o cuidado da <em>casa comum.<\/em><\/p>\n\n\n\n<p>Espera-se que esta semana de trabalho possa ampliar a incid\u00eancia do trabalho tra\u00e7ado em anos anteriores e que, com a inclus\u00e3o de REGCHAG e REMAM, se projete um caminho mais fortalecido que permita a articula\u00e7\u00e3o entre biomas, povos, bacias e fronteiras da Am\u00e9rica Latina, na luta pela defesa dos direitos humanos e pela transforma\u00e7\u00e3o das realidades dentro das comunidades ind\u00edgenas, afrodescendentes, quilombolas, gar\u00edfunas e camponesas.<\/p>\n","protected":false},"excerpt":{"rendered":"<p>Desde este 20 e at\u00e9 o pr\u00f3ximo 26 de abril, as comiss\u00f5es de cada uma das redes territoriais, formadas por lideran\u00e7as sociais femininas, estar\u00e3o presentes em diferentes eventos que cercam o F\u00f3rum Permanente das Na\u00e7\u00f5es Unidas para as Quest\u00f5es Ind\u00edgenas. A jornada pr\u00e9via contou com a participa\u00e7\u00e3o do Caucus Ind\u00edgena e da Minga Coletiva. Por: [&hellip;]<\/p>\n","protected":false},"author":1,"featured_media":4256,"comment_status":"closed","ping_status":"closed","sticky":false,"template":"","format":"standard","meta":{"_acf_changed":false,"_uf_show_specific_survey":0,"_uf_disable_surveys":false,"footnotes":""},"categories":[56,4],"tags":[63,59,35,6],"class_list":["post-4254","post","type-post","status-publish","format-standard","has-post-thumbnail","hentry","category-direitos-humanos","category-noticias","tag-amazonia-2","tag-direitos-humanos","tag-povos-indigenas","tag-repam"],"acf":[],"aioseo_notices":[],"yoast_head":"<!-- This site is optimized with the Yoast SEO plugin v24.2 - https:\/\/yoast.com\/wordpress\/plugins\/seo\/ -->\n<title>REGCHAG, REMAM e REPAM participam de forma conjunta no F\u00f3rum Permanente das Na\u00e7\u00f5es Unidas para as Quest\u00f5es Ind\u00edgenas - Repam<\/title>\n<meta name=\"description\" content=\"Desde este 20 e at\u00e9 o pr\u00f3ximo 26 de abril, as comiss\u00f5es de cada uma das redes territoriais, formadas por lideran\u00e7as sociais femininas, estar\u00e3o presentes em diferentes eventos que cercam o F\u00f3rum Permanente das Na\u00e7\u00f5es Unidas para as Quest\u00f5es Ind\u00edgenas. A jornada pr\u00e9via contou com a participa\u00e7\u00e3o do Caucus Ind\u00edgena e da Minga Coletiva.\" \/>\n<meta name=\"robots\" content=\"index, follow, max-snippet:-1, max-image-preview:large, max-video-preview:-1\" \/>\n<link rel=\"canonical\" href=\"https:\/\/www.repam.net\/pt\/regchag-remam-repam-nas-nacoes-unidas\/\" \/>\n<meta property=\"og:locale\" content=\"pt_BR\" \/>\n<meta property=\"og:type\" content=\"article\" \/>\n<meta property=\"og:title\" content=\"REGCHAG, REMAM e REPAM participam de forma conjunta no F\u00f3rum Permanente das Na\u00e7\u00f5es Unidas para as Quest\u00f5es Ind\u00edgenas - Repam\" \/>\n<meta property=\"og:description\" content=\"Desde este 20 e at\u00e9 o pr\u00f3ximo 26 de abril, as comiss\u00f5es de cada uma das redes territoriais, formadas por lideran\u00e7as sociais femininas, estar\u00e3o presentes em diferentes eventos que cercam o F\u00f3rum Permanente das Na\u00e7\u00f5es Unidas para as Quest\u00f5es Ind\u00edgenas. A jornada pr\u00e9via contou com a participa\u00e7\u00e3o do Caucus Ind\u00edgena e da Minga Coletiva.\" \/>\n<meta property=\"og:url\" content=\"https:\/\/www.repam.net\/pt\/regchag-remam-repam-nas-nacoes-unidas\/\" \/>\n<meta property=\"og:site_name\" content=\"Repam\" \/>\n<meta property=\"article:published_time\" content=\"2026-04-20T12:48:30+00:00\" \/>\n<meta property=\"article:modified_time\" content=\"2026-04-20T12:48:32+00:00\" \/>\n<meta property=\"og:image\" content=\"https:\/\/www.repam.net\/pt\/wp-content\/uploads\/2026\/04\/IMG-20260419-WA0143.jpg-edited.jpeg\" \/>\n\t<meta property=\"og:image:width\" content=\"1599\" \/>\n\t<meta property=\"og:image:height\" content=\"899\" \/>\n\t<meta property=\"og:image:type\" content=\"image\/jpeg\" \/>\n<meta name=\"author\" content=\"repam@adm\" \/>\n<meta name=\"twitter:card\" content=\"summary_large_image\" \/>\n<meta name=\"twitter:label1\" content=\"Escrito por\" \/>\n\t<meta name=\"twitter:data1\" content=\"repam@adm\" \/>\n\t<meta name=\"twitter:label2\" content=\"Est. tempo de leitura\" \/>\n\t<meta name=\"twitter:data2\" content=\"6 minutos\" \/>\n<script type=\"application\/ld+json\" class=\"yoast-schema-graph\">{\"@context\":\"https:\/\/schema.org\",\"@graph\":[{\"@type\":\"Article\",\"@id\":\"https:\/\/www.repam.net\/pt\/regchag-remam-repam-nas-nacoes-unidas\/#article\",\"isPartOf\":{\"@id\":\"https:\/\/www.repam.net\/pt\/regchag-remam-repam-nas-nacoes-unidas\/\"},\"author\":{\"name\":\"repam@adm\",\"@id\":\"https:\/\/www.repam.net\/pt\/#\/schema\/person\/b6f20b09de002e56f342d9b3a5143d51\"},\"headline\":\"REGCHAG, REMAM e REPAM participam de forma conjunta no F\u00f3rum Permanente das Na\u00e7\u00f5es Unidas para as Quest\u00f5es Ind\u00edgenas\",\"datePublished\":\"2026-04-20T12:48:30+00:00\",\"dateModified\":\"2026-04-20T12:48:32+00:00\",\"mainEntityOfPage\":{\"@id\":\"https:\/\/www.repam.net\/pt\/regchag-remam-repam-nas-nacoes-unidas\/\"},\"wordCount\":1103,\"publisher\":{\"@id\":\"https:\/\/www.repam.net\/pt\/#organization\"},\"image\":{\"@id\":\"https:\/\/www.repam.net\/pt\/regchag-remam-repam-nas-nacoes-unidas\/#primaryimage\"},\"thumbnailUrl\":\"https:\/\/www.repam.net\/pt\/wp-content\/uploads\/2026\/04\/IMG-20260419-WA0143.jpg-edited.jpeg\",\"keywords\":[\"amazonia\",\"Direitos Humanos\",\"Povos Ind\u00edgenas\",\"REPAM\"],\"articleSection\":[\"Direitos Humanos\",\"Not\u00edcias\"],\"inLanguage\":\"pt-BR\"},{\"@type\":\"WebPage\",\"@id\":\"https:\/\/www.repam.net\/pt\/regchag-remam-repam-nas-nacoes-unidas\/\",\"url\":\"https:\/\/www.repam.net\/pt\/regchag-remam-repam-nas-nacoes-unidas\/\",\"name\":\"REGCHAG, REMAM e REPAM participam de forma conjunta no F\u00f3rum Permanente das Na\u00e7\u00f5es Unidas para as Quest\u00f5es Ind\u00edgenas - Repam\",\"isPartOf\":{\"@id\":\"https:\/\/www.repam.net\/pt\/#website\"},\"primaryImageOfPage\":{\"@id\":\"https:\/\/www.repam.net\/pt\/regchag-remam-repam-nas-nacoes-unidas\/#primaryimage\"},\"image\":{\"@id\":\"https:\/\/www.repam.net\/pt\/regchag-remam-repam-nas-nacoes-unidas\/#primaryimage\"},\"thumbnailUrl\":\"https:\/\/www.repam.net\/pt\/wp-content\/uploads\/2026\/04\/IMG-20260419-WA0143.jpg-edited.jpeg\",\"datePublished\":\"2026-04-20T12:48:30+00:00\",\"dateModified\":\"2026-04-20T12:48:32+00:00\",\"description\":\"Desde este 20 e at\u00e9 o pr\u00f3ximo 26 de abril, as comiss\u00f5es de cada uma das redes territoriais, formadas por lideran\u00e7as sociais femininas, estar\u00e3o presentes em diferentes eventos que cercam o F\u00f3rum Permanente das Na\u00e7\u00f5es Unidas para as Quest\u00f5es Ind\u00edgenas. A jornada pr\u00e9via contou com a participa\u00e7\u00e3o do Caucus Ind\u00edgena e da Minga Coletiva.\",\"breadcrumb\":{\"@id\":\"https:\/\/www.repam.net\/pt\/regchag-remam-repam-nas-nacoes-unidas\/#breadcrumb\"},\"inLanguage\":\"pt-BR\",\"potentialAction\":[{\"@type\":\"ReadAction\",\"target\":[\"https:\/\/www.repam.net\/pt\/regchag-remam-repam-nas-nacoes-unidas\/\"]}]},{\"@type\":\"ImageObject\",\"inLanguage\":\"pt-BR\",\"@id\":\"https:\/\/www.repam.net\/pt\/regchag-remam-repam-nas-nacoes-unidas\/#primaryimage\",\"url\":\"https:\/\/www.repam.net\/pt\/wp-content\/uploads\/2026\/04\/IMG-20260419-WA0143.jpg-edited.jpeg\",\"contentUrl\":\"https:\/\/www.repam.net\/pt\/wp-content\/uploads\/2026\/04\/IMG-20260419-WA0143.jpg-edited.jpeg\",\"width\":1599,\"height\":899},{\"@type\":\"BreadcrumbList\",\"@id\":\"https:\/\/www.repam.net\/pt\/regchag-remam-repam-nas-nacoes-unidas\/#breadcrumb\",\"itemListElement\":[{\"@type\":\"ListItem\",\"position\":1,\"name\":\"In\u00edcio\",\"item\":\"https:\/\/www.repam.net\/pt\/\"},{\"@type\":\"ListItem\",\"position\":2,\"name\":\"REGCHAG, REMAM e REPAM participam de forma conjunta no F\u00f3rum Permanente das Na\u00e7\u00f5es Unidas para as Quest\u00f5es Ind\u00edgenas\"}]},{\"@type\":\"WebSite\",\"@id\":\"https:\/\/www.repam.net\/pt\/#website\",\"url\":\"https:\/\/www.repam.net\/pt\/\",\"name\":\"Repam\",\"description\":\"Rede Eclesial Pan-amaz\u00f4nica\",\"publisher\":{\"@id\":\"https:\/\/www.repam.net\/pt\/#organization\"},\"potentialAction\":[{\"@type\":\"SearchAction\",\"target\":{\"@type\":\"EntryPoint\",\"urlTemplate\":\"https:\/\/www.repam.net\/pt\/?s={search_term_string}\"},\"query-input\":{\"@type\":\"PropertyValueSpecification\",\"valueRequired\":true,\"valueName\":\"search_term_string\"}}],\"inLanguage\":\"pt-BR\"},{\"@type\":\"Organization\",\"@id\":\"https:\/\/www.repam.net\/pt\/#organization\",\"name\":\"Repam\",\"url\":\"https:\/\/www.repam.net\/pt\/\",\"logo\":{\"@type\":\"ImageObject\",\"inLanguage\":\"pt-BR\",\"@id\":\"https:\/\/www.repam.net\/pt\/#\/schema\/logo\/image\/\",\"url\":\"https:\/\/www.repam.net\/pt\/wp-content\/uploads\/2022\/02\/15.-REPAM-BRASIL.jpg\",\"contentUrl\":\"https:\/\/www.repam.net\/pt\/wp-content\/uploads\/2022\/02\/15.-REPAM-BRASIL.jpg\",\"width\":231,\"height\":230,\"caption\":\"Repam\"},\"image\":{\"@id\":\"https:\/\/www.repam.net\/pt\/#\/schema\/logo\/image\/\"}},{\"@type\":\"Person\",\"@id\":\"https:\/\/www.repam.net\/pt\/#\/schema\/person\/b6f20b09de002e56f342d9b3a5143d51\",\"name\":\"repam@adm\",\"image\":{\"@type\":\"ImageObject\",\"inLanguage\":\"pt-BR\",\"@id\":\"https:\/\/www.repam.net\/pt\/#\/schema\/person\/image\/\",\"url\":\"https:\/\/secure.gravatar.com\/avatar\/b18234ea6de5d74563e52ca7bfdad9d2b029b514c935b38a2790717abf8f2e5f?s=96&d=mm&r=g\",\"contentUrl\":\"https:\/\/secure.gravatar.com\/avatar\/b18234ea6de5d74563e52ca7bfdad9d2b029b514c935b38a2790717abf8f2e5f?s=96&d=mm&r=g\",\"caption\":\"repam@adm\"},\"sameAs\":[\"https:\/\/www.repam.net\/pt\"],\"url\":\"https:\/\/www.repam.net\/pt\/author\/repamadm\/\"}]}<\/script>\n<!-- \/ Yoast SEO plugin. -->","yoast_head_json":{"title":"REGCHAG, REMAM e REPAM participam de forma conjunta no F\u00f3rum Permanente das Na\u00e7\u00f5es Unidas para as Quest\u00f5es Ind\u00edgenas - Repam","description":"Desde este 20 e at\u00e9 o pr\u00f3ximo 26 de abril, as comiss\u00f5es de cada uma das redes territoriais, formadas por lideran\u00e7as sociais femininas, estar\u00e3o presentes em diferentes eventos que cercam o F\u00f3rum Permanente das Na\u00e7\u00f5es Unidas para as Quest\u00f5es Ind\u00edgenas. A jornada pr\u00e9via contou com a participa\u00e7\u00e3o do Caucus Ind\u00edgena e da Minga Coletiva.","robots":{"index":"index","follow":"follow","max-snippet":"max-snippet:-1","max-image-preview":"max-image-preview:large","max-video-preview":"max-video-preview:-1"},"canonical":"https:\/\/www.repam.net\/pt\/regchag-remam-repam-nas-nacoes-unidas\/","og_locale":"pt_BR","og_type":"article","og_title":"REGCHAG, REMAM e REPAM participam de forma conjunta no F\u00f3rum Permanente das Na\u00e7\u00f5es Unidas para as Quest\u00f5es Ind\u00edgenas - Repam","og_description":"Desde este 20 e at\u00e9 o pr\u00f3ximo 26 de abril, as comiss\u00f5es de cada uma das redes territoriais, formadas por lideran\u00e7as sociais femininas, estar\u00e3o presentes em diferentes eventos que cercam o F\u00f3rum Permanente das Na\u00e7\u00f5es Unidas para as Quest\u00f5es Ind\u00edgenas. A jornada pr\u00e9via contou com a participa\u00e7\u00e3o do Caucus Ind\u00edgena e da Minga Coletiva.","og_url":"https:\/\/www.repam.net\/pt\/regchag-remam-repam-nas-nacoes-unidas\/","og_site_name":"Repam","article_published_time":"2026-04-20T12:48:30+00:00","article_modified_time":"2026-04-20T12:48:32+00:00","og_image":[{"width":1599,"height":899,"url":"https:\/\/www.repam.net\/pt\/wp-content\/uploads\/2026\/04\/IMG-20260419-WA0143.jpg-edited.jpeg","type":"image\/jpeg"}],"author":"repam@adm","twitter_card":"summary_large_image","twitter_misc":{"Escrito por":"repam@adm","Est. tempo de leitura":"6 minutos"},"schema":{"@context":"https:\/\/schema.org","@graph":[{"@type":"Article","@id":"https:\/\/www.repam.net\/pt\/regchag-remam-repam-nas-nacoes-unidas\/#article","isPartOf":{"@id":"https:\/\/www.repam.net\/pt\/regchag-remam-repam-nas-nacoes-unidas\/"},"author":{"name":"repam@adm","@id":"https:\/\/www.repam.net\/pt\/#\/schema\/person\/b6f20b09de002e56f342d9b3a5143d51"},"headline":"REGCHAG, REMAM e REPAM participam de forma conjunta no F\u00f3rum Permanente das Na\u00e7\u00f5es Unidas para as Quest\u00f5es Ind\u00edgenas","datePublished":"2026-04-20T12:48:30+00:00","dateModified":"2026-04-20T12:48:32+00:00","mainEntityOfPage":{"@id":"https:\/\/www.repam.net\/pt\/regchag-remam-repam-nas-nacoes-unidas\/"},"wordCount":1103,"publisher":{"@id":"https:\/\/www.repam.net\/pt\/#organization"},"image":{"@id":"https:\/\/www.repam.net\/pt\/regchag-remam-repam-nas-nacoes-unidas\/#primaryimage"},"thumbnailUrl":"https:\/\/www.repam.net\/pt\/wp-content\/uploads\/2026\/04\/IMG-20260419-WA0143.jpg-edited.jpeg","keywords":["amazonia","Direitos Humanos","Povos Ind\u00edgenas","REPAM"],"articleSection":["Direitos Humanos","Not\u00edcias"],"inLanguage":"pt-BR"},{"@type":"WebPage","@id":"https:\/\/www.repam.net\/pt\/regchag-remam-repam-nas-nacoes-unidas\/","url":"https:\/\/www.repam.net\/pt\/regchag-remam-repam-nas-nacoes-unidas\/","name":"REGCHAG, REMAM e REPAM participam de forma conjunta no F\u00f3rum Permanente das Na\u00e7\u00f5es Unidas para as Quest\u00f5es Ind\u00edgenas - Repam","isPartOf":{"@id":"https:\/\/www.repam.net\/pt\/#website"},"primaryImageOfPage":{"@id":"https:\/\/www.repam.net\/pt\/regchag-remam-repam-nas-nacoes-unidas\/#primaryimage"},"image":{"@id":"https:\/\/www.repam.net\/pt\/regchag-remam-repam-nas-nacoes-unidas\/#primaryimage"},"thumbnailUrl":"https:\/\/www.repam.net\/pt\/wp-content\/uploads\/2026\/04\/IMG-20260419-WA0143.jpg-edited.jpeg","datePublished":"2026-04-20T12:48:30+00:00","dateModified":"2026-04-20T12:48:32+00:00","description":"Desde este 20 e at\u00e9 o pr\u00f3ximo 26 de abril, as comiss\u00f5es de cada uma das redes territoriais, formadas por lideran\u00e7as sociais femininas, estar\u00e3o presentes em diferentes eventos que cercam o F\u00f3rum Permanente das Na\u00e7\u00f5es Unidas para as Quest\u00f5es Ind\u00edgenas. A jornada pr\u00e9via contou com a participa\u00e7\u00e3o do Caucus Ind\u00edgena e da Minga Coletiva.","breadcrumb":{"@id":"https:\/\/www.repam.net\/pt\/regchag-remam-repam-nas-nacoes-unidas\/#breadcrumb"},"inLanguage":"pt-BR","potentialAction":[{"@type":"ReadAction","target":["https:\/\/www.repam.net\/pt\/regchag-remam-repam-nas-nacoes-unidas\/"]}]},{"@type":"ImageObject","inLanguage":"pt-BR","@id":"https:\/\/www.repam.net\/pt\/regchag-remam-repam-nas-nacoes-unidas\/#primaryimage","url":"https:\/\/www.repam.net\/pt\/wp-content\/uploads\/2026\/04\/IMG-20260419-WA0143.jpg-edited.jpeg","contentUrl":"https:\/\/www.repam.net\/pt\/wp-content\/uploads\/2026\/04\/IMG-20260419-WA0143.jpg-edited.jpeg","width":1599,"height":899},{"@type":"BreadcrumbList","@id":"https:\/\/www.repam.net\/pt\/regchag-remam-repam-nas-nacoes-unidas\/#breadcrumb","itemListElement":[{"@type":"ListItem","position":1,"name":"In\u00edcio","item":"https:\/\/www.repam.net\/pt\/"},{"@type":"ListItem","position":2,"name":"REGCHAG, REMAM e REPAM participam de forma conjunta no F\u00f3rum Permanente das Na\u00e7\u00f5es Unidas para as Quest\u00f5es Ind\u00edgenas"}]},{"@type":"WebSite","@id":"https:\/\/www.repam.net\/pt\/#website","url":"https:\/\/www.repam.net\/pt\/","name":"Repam","description":"Rede Eclesial Pan-amaz\u00f4nica","publisher":{"@id":"https:\/\/www.repam.net\/pt\/#organization"},"potentialAction":[{"@type":"SearchAction","target":{"@type":"EntryPoint","urlTemplate":"https:\/\/www.repam.net\/pt\/?s={search_term_string}"},"query-input":{"@type":"PropertyValueSpecification","valueRequired":true,"valueName":"search_term_string"}}],"inLanguage":"pt-BR"},{"@type":"Organization","@id":"https:\/\/www.repam.net\/pt\/#organization","name":"Repam","url":"https:\/\/www.repam.net\/pt\/","logo":{"@type":"ImageObject","inLanguage":"pt-BR","@id":"https:\/\/www.repam.net\/pt\/#\/schema\/logo\/image\/","url":"https:\/\/www.repam.net\/pt\/wp-content\/uploads\/2022\/02\/15.-REPAM-BRASIL.jpg","contentUrl":"https:\/\/www.repam.net\/pt\/wp-content\/uploads\/2022\/02\/15.-REPAM-BRASIL.jpg","width":231,"height":230,"caption":"Repam"},"image":{"@id":"https:\/\/www.repam.net\/pt\/#\/schema\/logo\/image\/"}},{"@type":"Person","@id":"https:\/\/www.repam.net\/pt\/#\/schema\/person\/b6f20b09de002e56f342d9b3a5143d51","name":"repam@adm","image":{"@type":"ImageObject","inLanguage":"pt-BR","@id":"https:\/\/www.repam.net\/pt\/#\/schema\/person\/image\/","url":"https:\/\/secure.gravatar.com\/avatar\/b18234ea6de5d74563e52ca7bfdad9d2b029b514c935b38a2790717abf8f2e5f?s=96&d=mm&r=g","contentUrl":"https:\/\/secure.gravatar.com\/avatar\/b18234ea6de5d74563e52ca7bfdad9d2b029b514c935b38a2790717abf8f2e5f?s=96&d=mm&r=g","caption":"repam@adm"},"sameAs":["https:\/\/www.repam.net\/pt"],"url":"https:\/\/www.repam.net\/pt\/author\/repamadm\/"}]}},"_links":{"self":[{"href":"https:\/\/www.repam.net\/pt\/wp-json\/wp\/v2\/posts\/4254","targetHints":{"allow":["GET"]}}],"collection":[{"href":"https:\/\/www.repam.net\/pt\/wp-json\/wp\/v2\/posts"}],"about":[{"href":"https:\/\/www.repam.net\/pt\/wp-json\/wp\/v2\/types\/post"}],"author":[{"embeddable":true,"href":"https:\/\/www.repam.net\/pt\/wp-json\/wp\/v2\/users\/1"}],"replies":[{"embeddable":true,"href":"https:\/\/www.repam.net\/pt\/wp-json\/wp\/v2\/comments?post=4254"}],"version-history":[{"count":1,"href":"https:\/\/www.repam.net\/pt\/wp-json\/wp\/v2\/posts\/4254\/revisions"}],"predecessor-version":[{"id":4257,"href":"https:\/\/www.repam.net\/pt\/wp-json\/wp\/v2\/posts\/4254\/revisions\/4257"}],"wp:featuredmedia":[{"embeddable":true,"href":"https:\/\/www.repam.net\/pt\/wp-json\/wp\/v2\/media\/4256"}],"wp:attachment":[{"href":"https:\/\/www.repam.net\/pt\/wp-json\/wp\/v2\/media?parent=4254"}],"wp:term":[{"taxonomy":"category","embeddable":true,"href":"https:\/\/www.repam.net\/pt\/wp-json\/wp\/v2\/categories?post=4254"},{"taxonomy":"post_tag","embeddable":true,"href":"https:\/\/www.repam.net\/pt\/wp-json\/wp\/v2\/tags?post=4254"}],"curies":[{"name":"wp","href":"https:\/\/api.w.org\/{rel}","templated":true}]}}