{"id":4258,"date":"2026-04-20T15:24:53","date_gmt":"2026-04-20T18:24:53","guid":{"rendered":"https:\/\/www.repam.net\/pt\/?p=4258"},"modified":"2026-04-20T18:11:23","modified_gmt":"2026-04-20T21:11:23","slug":"caucus-indigena-nacoes-unidas","status":"publish","type":"post","link":"https:\/\/www.repam.net\/pt\/caucus-indigena-nacoes-unidas\/","title":{"rendered":"\u201cN\u00e3o devemos sustentar o sil\u00eancio que mant\u00e9m a morte e a dor&#8221;"},"content":{"rendered":"<div class=\"wp-block-image\">\n<figure class=\"aligncenter size-large\"><img loading=\"lazy\" decoding=\"async\" width=\"1475\" height=\"829\" src=\"https:\/\/www.repam.net\/pt\/wp-content\/uploads\/2026\/04\/WhatsApp-Image-2026-04-20-at-1.06.12-PM-edited.jpeg\" alt=\"\" class=\"wp-image-4260\" srcset=\"https:\/\/www.repam.net\/pt\/wp-content\/uploads\/2026\/04\/WhatsApp-Image-2026-04-20-at-1.06.12-PM-edited.jpeg 1475w, https:\/\/www.repam.net\/pt\/wp-content\/uploads\/2026\/04\/WhatsApp-Image-2026-04-20-at-1.06.12-PM-edited-300x169.jpeg 300w, https:\/\/www.repam.net\/pt\/wp-content\/uploads\/2026\/04\/WhatsApp-Image-2026-04-20-at-1.06.12-PM-edited-1024x576.jpeg 1024w, https:\/\/www.repam.net\/pt\/wp-content\/uploads\/2026\/04\/WhatsApp-Image-2026-04-20-at-1.06.12-PM-edited-768x432.jpeg 768w\" sizes=\"auto, (max-width: 1475px) 100vw, 1475px\" \/><figcaption class=\"wp-element-caption\">Caucus Global dos Povos Ind\u00edgenas, pr\u00e9vio ao in\u00edcio do F\u00f3rum Permanente das Na\u00e7\u00f5es Unidas.<br>Manhattan, domingo, 19 de abril de 2026.<\/figcaption><\/figure>\n<\/div>\n\n\n<blockquote class=\"wp-block-quote is-layout-flow wp-block-quote-is-layout-flow\">\n<p><em>Nas manh\u00e3s dos dias 18 e 19 de abril, em frente \u00e0 sede das Na\u00e7\u00f5es Unidas, e como vem sendo tradicional a cada ano, representantes de seus povos ancestrais reuniram-se no Caucus Global com o objetivo de realizar um diagn\u00f3stico de sua situa\u00e7\u00e3o e apresentar propostas de pol\u00edticas p\u00fablicas e mudan\u00e7as estruturais ao pr\u00f3prio F\u00f3rum Permanente.<\/em><\/p>\n<\/blockquote>\n\n\n\n<p><strong><em>Por: Sonia Oleas Ferreras &#8211; REPAM y C\u00e1ritas Espanhola<\/em><\/strong><\/p>\n\n\n\n<h5 class=\"wp-block-heading\"><strong>REPAM e REMAM na assembleia do Caucus Global dos Povos Ind\u00edgenas<\/strong><\/h5>\n\n\n\n<p>O 19 de abril n\u00e3o \u00e9 um dia qualquer. O Brasil celebra o Dia dos Povos Ind\u00edgenas e, para o calend\u00e1rio maia, como nos explica nossa companheira Margarita Noh, da REMAM, \u00e9 \u201c9 Kej\u201d, dia do veado (com sua for\u00e7a de portador) e tr\u00eas vezes tr\u00eas, tr\u00eas vezes entrega e solidariedade. Uma energia que nos ajuda a olhar ao longo e ao largo, para frente e para tr\u00e1s. Suportes necess\u00e1rios para a indigna\u00e7\u00e3o que transborda diante das viol\u00eancias estruturais que vamos escutando nas sucessivas interven\u00e7\u00f5es (de qualquer continente, de todos os povos); e a emo\u00e7\u00e3o pelos pequenos passos que v\u00e3o sendo dados nas lutas paralelas e nas constru\u00e7\u00f5es permanentes de propostas alternativas ao modelo colonial ocidental predominante.<\/p>\n\n\n\n<p>\u201cEstamos morrendo todos os dias por causa do meio ambiente, das \u00e1guas contaminadas\u201d, \u201cnossas filhas e filhos abandonam a escola para ir trabalhar na minera\u00e7\u00e3o (legal ou ilegal, tanto faz)\u201d, \u201csomos discriminados e maltratados, e nos pa\u00edses hegem\u00f4nicos querem abolir nossa medicina tradicional\u201d; \u201cestamos cheias de doen\u00e7as silenciosas e mortais como o c\u00e2ncer\u201d; \u201csomos perseguidos, criminalizados, por defender a vida\u2026\u201d. Dos povos ancestrais nos chega uma dimens\u00e3o da sa\u00fade que vai al\u00e9m do f\u00edsico, como acontece com as parteiras, que n\u00e3o apenas realizam acompanhamento e apoio nessa dimens\u00e3o, mas tamb\u00e9m transmite \u00e9tica, respeito, reciprocidade e complementaridade; valores espirituais, culturais e sociais que v\u00eam sendo transmitidos de gera\u00e7\u00e3o em gera\u00e7\u00e3o.<\/p>\n\n\n\n<p>Sa\u00fade espiritual, f\u00edsica e mental que se sustenta na \u00e1gua, e a \u00e1gua, por sua vez, no territ\u00f3rio. Por isso, nossa companheira Lucila, do povo Nawa e aluna da 4\u00aa Escola de Promo\u00e7\u00e3o dos Direitos Humanos da REPAM, acompanhada por seu parceiro Carlos, do CIMI, voltou a proclam\u00e1-lo no meio da assembleia do Caucus: \u201cdemarca\u00e7\u00e3o j\u00e1\u201d. Porque, sem territ\u00f3rio, n\u00e3o h\u00e1 povo, n\u00e3o h\u00e1 l\u00edngua, n\u00e3o h\u00e1 ancestrais, n\u00e3o h\u00e1 \u00e1gua, n\u00e3o h\u00e1 \u00e1rvores sagradas nem tartarugas s\u00e1bias. Sem terra n\u00e3o h\u00e1 ecologia integral. Sem bem viver, n\u00e3o h\u00e1 equil\u00edbrio e a casa comum corre um grave perigo.<\/p>\n\n\n\n<div class=\"wp-block-columns is-layout-flex wp-container-core-columns-is-layout-9d6595d7 wp-block-columns-is-layout-flex\">\n<div class=\"wp-block-column is-layout-flow wp-block-column-is-layout-flow\"><div class=\"wp-block-image\">\n<figure class=\"aligncenter size-large\"><img loading=\"lazy\" decoding=\"async\" width=\"720\" height=\"720\" src=\"https:\/\/www.repam.net\/pt\/wp-content\/uploads\/2026\/04\/WhatsApp-Image-2026-04-20-at-1.07.31-PM-edited.jpeg\" alt=\"\" class=\"wp-image-4262\" srcset=\"https:\/\/www.repam.net\/pt\/wp-content\/uploads\/2026\/04\/WhatsApp-Image-2026-04-20-at-1.07.31-PM-edited.jpeg 720w, https:\/\/www.repam.net\/pt\/wp-content\/uploads\/2026\/04\/WhatsApp-Image-2026-04-20-at-1.07.31-PM-edited-300x300.jpeg 300w, https:\/\/www.repam.net\/pt\/wp-content\/uploads\/2026\/04\/WhatsApp-Image-2026-04-20-at-1.07.31-PM-edited-150x150.jpeg 150w\" sizes=\"auto, (max-width: 720px) 100vw, 720px\" \/><\/figure>\n<\/div><\/div>\n\n\n\n<div class=\"wp-block-column is-layout-flow wp-block-column-is-layout-flow\"><div class=\"wp-block-image\">\n<figure class=\"aligncenter size-large\"><img loading=\"lazy\" decoding=\"async\" width=\"720\" height=\"720\" src=\"https:\/\/www.repam.net\/pt\/wp-content\/uploads\/2026\/04\/WhatsApp-Image-2026-04-20-at-1.07.31-PM-1-edited.jpeg\" alt=\"\" class=\"wp-image-4264\" srcset=\"https:\/\/www.repam.net\/pt\/wp-content\/uploads\/2026\/04\/WhatsApp-Image-2026-04-20-at-1.07.31-PM-1-edited.jpeg 720w, https:\/\/www.repam.net\/pt\/wp-content\/uploads\/2026\/04\/WhatsApp-Image-2026-04-20-at-1.07.31-PM-1-edited-300x300.jpeg 300w, https:\/\/www.repam.net\/pt\/wp-content\/uploads\/2026\/04\/WhatsApp-Image-2026-04-20-at-1.07.31-PM-1-edited-150x150.jpeg 150w\" sizes=\"auto, (max-width: 720px) 100vw, 720px\" \/><\/figure>\n<\/div><\/div>\n\n\n\n<div class=\"wp-block-column is-layout-flow wp-block-column-is-layout-flow\"><div class=\"wp-block-image\">\n<figure class=\"aligncenter size-large\"><img loading=\"lazy\" decoding=\"async\" width=\"1200\" height=\"1200\" src=\"https:\/\/www.repam.net\/pt\/wp-content\/uploads\/2026\/04\/WhatsApp-Image-2026-04-20-at-1.07.31-PM-2-edited.jpeg\" alt=\"\" class=\"wp-image-4266\" srcset=\"https:\/\/www.repam.net\/pt\/wp-content\/uploads\/2026\/04\/WhatsApp-Image-2026-04-20-at-1.07.31-PM-2-edited.jpeg 1200w, https:\/\/www.repam.net\/pt\/wp-content\/uploads\/2026\/04\/WhatsApp-Image-2026-04-20-at-1.07.31-PM-2-edited-300x300.jpeg 300w, https:\/\/www.repam.net\/pt\/wp-content\/uploads\/2026\/04\/WhatsApp-Image-2026-04-20-at-1.07.31-PM-2-edited-1024x1024.jpeg 1024w, https:\/\/www.repam.net\/pt\/wp-content\/uploads\/2026\/04\/WhatsApp-Image-2026-04-20-at-1.07.31-PM-2-edited-150x150.jpeg 150w, https:\/\/www.repam.net\/pt\/wp-content\/uploads\/2026\/04\/WhatsApp-Image-2026-04-20-at-1.07.31-PM-2-edited-768x768.jpeg 768w\" sizes=\"auto, (max-width: 1200px) 100vw, 1200px\" \/><\/figure>\n<\/div><\/div>\n<\/div>\n\n\n\n<h5 class=\"wp-block-heading\"><strong>Encontro com Patricia Gualinga, membro do F\u00f3rum Permanente, com as tr\u00eas redes de ecologia integral: REGCHAG, REMAM e REPAM<\/strong><\/h5>\n\n\n\n<p>Em nossa casa em Manhattan, gra\u00e7as \u00e0 hospitalidade e \u00e0 abertura permanente dos padres e irm\u00e3os de Maryknoll, reunimo-nos \u00e0 noite com Patricia, as seis lideran\u00e7as das tr\u00eas redes (Keyla, Lucila, Margarita, Irm\u00e3 Suyapa, Edigibaly e Marielba), juntamente com os companheiros e companheiras que d\u00e3o suporte t\u00e9cnico a partir do CIMI, Alboan, Claretianos, ENDEPA e C\u00e1ritas Espanhola, com a colabora\u00e7\u00e3o do PUAM.<\/p>\n\n\n\n<p>Foi um espa\u00e7o \u00edntimo e significativo, com a tranquilidade e a profundidade necess\u00e1rias para partilhar a vida, para nos colocarmos a servi\u00e7o no caminho que Patricia inicia e para lhe fazer chegar que, desde a Igreja Cat\u00f3lica e seu firme acompanhamento aos povos origin\u00e1rios e afrodescendentes, estamos pr\u00f3ximos; somos apoio firme e fortaleza na ora\u00e7\u00e3o e oferta, presente da energia herdada das estirpes de cada um dos povos presentes.<\/p>\n\n\n\n<p>Diante das amea\u00e7as e viol\u00eancias contra os territ\u00f3rios, contra seus rios, suas \u00e1guas profundas e suas nascentes, e especialmente brutais com o futuro das crian\u00e7as\u2026 tamb\u00e9m existe a luta e a resist\u00eancia. E essa \u00e9 a nossa miss\u00e3o: como redes de ecologia integral, como defensoras da vida, guardi\u00e3s das sementes, do canto dos ancestrais e da paci\u00eancia e resist\u00eancia do jabuti.<\/p>\n\n\n<div class=\"wp-block-image\">\n<figure class=\"aligncenter size-large\"><img loading=\"lazy\" decoding=\"async\" width=\"1599\" height=\"899\" src=\"https:\/\/www.repam.net\/pt\/wp-content\/uploads\/2026\/04\/IMG-20260419-WA0143.jpg-1-edited.jpeg\" alt=\"\" class=\"wp-image-4269\" srcset=\"https:\/\/www.repam.net\/pt\/wp-content\/uploads\/2026\/04\/IMG-20260419-WA0143.jpg-1-edited.jpeg 1599w, https:\/\/www.repam.net\/pt\/wp-content\/uploads\/2026\/04\/IMG-20260419-WA0143.jpg-1-edited-300x169.jpeg 300w, https:\/\/www.repam.net\/pt\/wp-content\/uploads\/2026\/04\/IMG-20260419-WA0143.jpg-1-edited-1024x576.jpeg 1024w, https:\/\/www.repam.net\/pt\/wp-content\/uploads\/2026\/04\/IMG-20260419-WA0143.jpg-1-edited-768x432.jpeg 768w, https:\/\/www.repam.net\/pt\/wp-content\/uploads\/2026\/04\/IMG-20260419-WA0143.jpg-1-edited-1536x864.jpeg 1536w\" sizes=\"auto, (max-width: 1599px) 100vw, 1599px\" \/><\/figure>\n<\/div>","protected":false},"excerpt":{"rendered":"<p>Nas manh\u00e3s dos dias 18 e 19 de abril, em frente \u00e0 sede das Na\u00e7\u00f5es Unidas, e como vem sendo tradicional a cada ano, representantes de seus povos ancestrais reuniram-se no Caucus Global com o objetivo de realizar um diagn\u00f3stico de sua situa\u00e7\u00e3o e apresentar propostas de pol\u00edticas p\u00fablicas e mudan\u00e7as estruturais ao pr\u00f3prio F\u00f3rum [&hellip;]<\/p>\n","protected":false},"author":1,"featured_media":4260,"comment_status":"closed","ping_status":"closed","sticky":false,"template":"","format":"standard","meta":{"_acf_changed":false,"_uf_show_specific_survey":0,"_uf_disable_surveys":false,"footnotes":""},"categories":[56,4],"tags":[63,59,35,6],"class_list":["post-4258","post","type-post","status-publish","format-standard","has-post-thumbnail","hentry","category-direitos-humanos","category-noticias","tag-amazonia-2","tag-direitos-humanos","tag-povos-indigenas","tag-repam"],"acf":[],"aioseo_notices":[],"yoast_head":"<!-- This site is optimized with the Yoast SEO plugin v24.2 - https:\/\/yoast.com\/wordpress\/plugins\/seo\/ -->\n<title>\u201cN\u00e3o devemos sustentar o sil\u00eancio que mant\u00e9m a morte e a dor&quot; - Repam<\/title>\n<meta name=\"description\" content=\"Nas manh\u00e3s dos dias 18 e 19 de abril, em frente \u00e0 sede das Na\u00e7\u00f5es Unidas, e como vem sendo tradicional a cada ano, representantes de seus povos ancestrais reuniram-se no Caucus Global com o objetivo de realizar um diagn\u00f3stico de sua situa\u00e7\u00e3o e apresentar propostas de pol\u00edticas p\u00fablicas e mudan\u00e7as estruturais ao pr\u00f3prio F\u00f3rum Permanente.\" \/>\n<meta name=\"robots\" content=\"index, follow, max-snippet:-1, max-image-preview:large, max-video-preview:-1\" \/>\n<link rel=\"canonical\" href=\"https:\/\/www.repam.net\/pt\/caucus-indigena-nacoes-unidas\/\" \/>\n<meta property=\"og:locale\" content=\"pt_BR\" \/>\n<meta property=\"og:type\" content=\"article\" \/>\n<meta property=\"og:title\" content=\"\u201cN\u00e3o devemos sustentar o sil\u00eancio que mant\u00e9m a morte e a dor&quot; - Repam\" \/>\n<meta property=\"og:description\" content=\"Nas manh\u00e3s dos dias 18 e 19 de abril, em frente \u00e0 sede das Na\u00e7\u00f5es Unidas, e como vem sendo tradicional a cada ano, representantes de seus povos ancestrais reuniram-se no Caucus Global com o objetivo de realizar um diagn\u00f3stico de sua situa\u00e7\u00e3o e apresentar propostas de pol\u00edticas p\u00fablicas e mudan\u00e7as estruturais ao pr\u00f3prio F\u00f3rum Permanente.\" \/>\n<meta property=\"og:url\" content=\"https:\/\/www.repam.net\/pt\/caucus-indigena-nacoes-unidas\/\" \/>\n<meta property=\"og:site_name\" content=\"Repam\" \/>\n<meta property=\"article:published_time\" content=\"2026-04-20T18:24:53+00:00\" \/>\n<meta property=\"article:modified_time\" content=\"2026-04-20T21:11:23+00:00\" \/>\n<meta property=\"og:image\" content=\"https:\/\/www.repam.net\/pt\/wp-content\/uploads\/2026\/04\/WhatsApp-Image-2026-04-20-at-1.06.12-PM-edited.jpeg\" \/>\n\t<meta property=\"og:image:width\" content=\"1475\" \/>\n\t<meta property=\"og:image:height\" content=\"829\" \/>\n\t<meta property=\"og:image:type\" content=\"image\/jpeg\" \/>\n<meta name=\"author\" content=\"repam@adm\" \/>\n<meta name=\"twitter:card\" content=\"summary_large_image\" \/>\n<meta name=\"twitter:label1\" content=\"Escrito por\" \/>\n\t<meta name=\"twitter:data1\" content=\"repam@adm\" \/>\n\t<meta name=\"twitter:label2\" content=\"Est. tempo de leitura\" \/>\n\t<meta name=\"twitter:data2\" content=\"5 minutos\" \/>\n<script type=\"application\/ld+json\" class=\"yoast-schema-graph\">{\"@context\":\"https:\/\/schema.org\",\"@graph\":[{\"@type\":\"Article\",\"@id\":\"https:\/\/www.repam.net\/pt\/caucus-indigena-nacoes-unidas\/#article\",\"isPartOf\":{\"@id\":\"https:\/\/www.repam.net\/pt\/caucus-indigena-nacoes-unidas\/\"},\"author\":{\"name\":\"repam@adm\",\"@id\":\"https:\/\/www.repam.net\/pt\/#\/schema\/person\/b6f20b09de002e56f342d9b3a5143d51\"},\"headline\":\"\u201cN\u00e3o devemos sustentar o sil\u00eancio que mant\u00e9m a morte e a dor&#8221;\",\"datePublished\":\"2026-04-20T18:24:53+00:00\",\"dateModified\":\"2026-04-20T21:11:23+00:00\",\"mainEntityOfPage\":{\"@id\":\"https:\/\/www.repam.net\/pt\/caucus-indigena-nacoes-unidas\/\"},\"wordCount\":723,\"publisher\":{\"@id\":\"https:\/\/www.repam.net\/pt\/#organization\"},\"image\":{\"@id\":\"https:\/\/www.repam.net\/pt\/caucus-indigena-nacoes-unidas\/#primaryimage\"},\"thumbnailUrl\":\"https:\/\/www.repam.net\/pt\/wp-content\/uploads\/2026\/04\/WhatsApp-Image-2026-04-20-at-1.06.12-PM-edited.jpeg\",\"keywords\":[\"amazonia\",\"Direitos Humanos\",\"Povos Ind\u00edgenas\",\"REPAM\"],\"articleSection\":[\"Direitos Humanos\",\"Not\u00edcias\"],\"inLanguage\":\"pt-BR\"},{\"@type\":\"WebPage\",\"@id\":\"https:\/\/www.repam.net\/pt\/caucus-indigena-nacoes-unidas\/\",\"url\":\"https:\/\/www.repam.net\/pt\/caucus-indigena-nacoes-unidas\/\",\"name\":\"\u201cN\u00e3o devemos sustentar o sil\u00eancio que mant\u00e9m a morte e a dor\\\" - Repam\",\"isPartOf\":{\"@id\":\"https:\/\/www.repam.net\/pt\/#website\"},\"primaryImageOfPage\":{\"@id\":\"https:\/\/www.repam.net\/pt\/caucus-indigena-nacoes-unidas\/#primaryimage\"},\"image\":{\"@id\":\"https:\/\/www.repam.net\/pt\/caucus-indigena-nacoes-unidas\/#primaryimage\"},\"thumbnailUrl\":\"https:\/\/www.repam.net\/pt\/wp-content\/uploads\/2026\/04\/WhatsApp-Image-2026-04-20-at-1.06.12-PM-edited.jpeg\",\"datePublished\":\"2026-04-20T18:24:53+00:00\",\"dateModified\":\"2026-04-20T21:11:23+00:00\",\"description\":\"Nas manh\u00e3s dos dias 18 e 19 de abril, em frente \u00e0 sede das Na\u00e7\u00f5es Unidas, e como vem sendo tradicional a cada ano, representantes de seus povos ancestrais reuniram-se no Caucus Global com o objetivo de realizar um diagn\u00f3stico de sua situa\u00e7\u00e3o e apresentar propostas de pol\u00edticas p\u00fablicas e mudan\u00e7as estruturais ao pr\u00f3prio F\u00f3rum Permanente.\",\"breadcrumb\":{\"@id\":\"https:\/\/www.repam.net\/pt\/caucus-indigena-nacoes-unidas\/#breadcrumb\"},\"inLanguage\":\"pt-BR\",\"potentialAction\":[{\"@type\":\"ReadAction\",\"target\":[\"https:\/\/www.repam.net\/pt\/caucus-indigena-nacoes-unidas\/\"]}]},{\"@type\":\"ImageObject\",\"inLanguage\":\"pt-BR\",\"@id\":\"https:\/\/www.repam.net\/pt\/caucus-indigena-nacoes-unidas\/#primaryimage\",\"url\":\"https:\/\/www.repam.net\/pt\/wp-content\/uploads\/2026\/04\/WhatsApp-Image-2026-04-20-at-1.06.12-PM-edited.jpeg\",\"contentUrl\":\"https:\/\/www.repam.net\/pt\/wp-content\/uploads\/2026\/04\/WhatsApp-Image-2026-04-20-at-1.06.12-PM-edited.jpeg\",\"width\":1475,\"height\":829},{\"@type\":\"BreadcrumbList\",\"@id\":\"https:\/\/www.repam.net\/pt\/caucus-indigena-nacoes-unidas\/#breadcrumb\",\"itemListElement\":[{\"@type\":\"ListItem\",\"position\":1,\"name\":\"In\u00edcio\",\"item\":\"https:\/\/www.repam.net\/pt\/\"},{\"@type\":\"ListItem\",\"position\":2,\"name\":\"\u201cN\u00e3o devemos sustentar o sil\u00eancio que mant\u00e9m a morte e a dor&#8221;\"}]},{\"@type\":\"WebSite\",\"@id\":\"https:\/\/www.repam.net\/pt\/#website\",\"url\":\"https:\/\/www.repam.net\/pt\/\",\"name\":\"Repam\",\"description\":\"Rede Eclesial Pan-amaz\u00f4nica\",\"publisher\":{\"@id\":\"https:\/\/www.repam.net\/pt\/#organization\"},\"potentialAction\":[{\"@type\":\"SearchAction\",\"target\":{\"@type\":\"EntryPoint\",\"urlTemplate\":\"https:\/\/www.repam.net\/pt\/?s={search_term_string}\"},\"query-input\":{\"@type\":\"PropertyValueSpecification\",\"valueRequired\":true,\"valueName\":\"search_term_string\"}}],\"inLanguage\":\"pt-BR\"},{\"@type\":\"Organization\",\"@id\":\"https:\/\/www.repam.net\/pt\/#organization\",\"name\":\"Repam\",\"url\":\"https:\/\/www.repam.net\/pt\/\",\"logo\":{\"@type\":\"ImageObject\",\"inLanguage\":\"pt-BR\",\"@id\":\"https:\/\/www.repam.net\/pt\/#\/schema\/logo\/image\/\",\"url\":\"https:\/\/www.repam.net\/pt\/wp-content\/uploads\/2022\/02\/15.-REPAM-BRASIL.jpg\",\"contentUrl\":\"https:\/\/www.repam.net\/pt\/wp-content\/uploads\/2022\/02\/15.-REPAM-BRASIL.jpg\",\"width\":231,\"height\":230,\"caption\":\"Repam\"},\"image\":{\"@id\":\"https:\/\/www.repam.net\/pt\/#\/schema\/logo\/image\/\"}},{\"@type\":\"Person\",\"@id\":\"https:\/\/www.repam.net\/pt\/#\/schema\/person\/b6f20b09de002e56f342d9b3a5143d51\",\"name\":\"repam@adm\",\"image\":{\"@type\":\"ImageObject\",\"inLanguage\":\"pt-BR\",\"@id\":\"https:\/\/www.repam.net\/pt\/#\/schema\/person\/image\/\",\"url\":\"https:\/\/secure.gravatar.com\/avatar\/b18234ea6de5d74563e52ca7bfdad9d2b029b514c935b38a2790717abf8f2e5f?s=96&d=mm&r=g\",\"contentUrl\":\"https:\/\/secure.gravatar.com\/avatar\/b18234ea6de5d74563e52ca7bfdad9d2b029b514c935b38a2790717abf8f2e5f?s=96&d=mm&r=g\",\"caption\":\"repam@adm\"},\"sameAs\":[\"https:\/\/www.repam.net\/pt\"],\"url\":\"https:\/\/www.repam.net\/pt\/author\/repamadm\/\"}]}<\/script>\n<!-- \/ Yoast SEO plugin. -->","yoast_head_json":{"title":"\u201cN\u00e3o devemos sustentar o sil\u00eancio que mant\u00e9m a morte e a dor\" - Repam","description":"Nas manh\u00e3s dos dias 18 e 19 de abril, em frente \u00e0 sede das Na\u00e7\u00f5es Unidas, e como vem sendo tradicional a cada ano, representantes de seus povos ancestrais reuniram-se no Caucus Global com o objetivo de realizar um diagn\u00f3stico de sua situa\u00e7\u00e3o e apresentar propostas de pol\u00edticas p\u00fablicas e mudan\u00e7as estruturais ao pr\u00f3prio F\u00f3rum Permanente.","robots":{"index":"index","follow":"follow","max-snippet":"max-snippet:-1","max-image-preview":"max-image-preview:large","max-video-preview":"max-video-preview:-1"},"canonical":"https:\/\/www.repam.net\/pt\/caucus-indigena-nacoes-unidas\/","og_locale":"pt_BR","og_type":"article","og_title":"\u201cN\u00e3o devemos sustentar o sil\u00eancio que mant\u00e9m a morte e a dor\" - Repam","og_description":"Nas manh\u00e3s dos dias 18 e 19 de abril, em frente \u00e0 sede das Na\u00e7\u00f5es Unidas, e como vem sendo tradicional a cada ano, representantes de seus povos ancestrais reuniram-se no Caucus Global com o objetivo de realizar um diagn\u00f3stico de sua situa\u00e7\u00e3o e apresentar propostas de pol\u00edticas p\u00fablicas e mudan\u00e7as estruturais ao pr\u00f3prio F\u00f3rum Permanente.","og_url":"https:\/\/www.repam.net\/pt\/caucus-indigena-nacoes-unidas\/","og_site_name":"Repam","article_published_time":"2026-04-20T18:24:53+00:00","article_modified_time":"2026-04-20T21:11:23+00:00","og_image":[{"width":1475,"height":829,"url":"https:\/\/www.repam.net\/pt\/wp-content\/uploads\/2026\/04\/WhatsApp-Image-2026-04-20-at-1.06.12-PM-edited.jpeg","type":"image\/jpeg"}],"author":"repam@adm","twitter_card":"summary_large_image","twitter_misc":{"Escrito por":"repam@adm","Est. tempo de leitura":"5 minutos"},"schema":{"@context":"https:\/\/schema.org","@graph":[{"@type":"Article","@id":"https:\/\/www.repam.net\/pt\/caucus-indigena-nacoes-unidas\/#article","isPartOf":{"@id":"https:\/\/www.repam.net\/pt\/caucus-indigena-nacoes-unidas\/"},"author":{"name":"repam@adm","@id":"https:\/\/www.repam.net\/pt\/#\/schema\/person\/b6f20b09de002e56f342d9b3a5143d51"},"headline":"\u201cN\u00e3o devemos sustentar o sil\u00eancio que mant\u00e9m a morte e a dor&#8221;","datePublished":"2026-04-20T18:24:53+00:00","dateModified":"2026-04-20T21:11:23+00:00","mainEntityOfPage":{"@id":"https:\/\/www.repam.net\/pt\/caucus-indigena-nacoes-unidas\/"},"wordCount":723,"publisher":{"@id":"https:\/\/www.repam.net\/pt\/#organization"},"image":{"@id":"https:\/\/www.repam.net\/pt\/caucus-indigena-nacoes-unidas\/#primaryimage"},"thumbnailUrl":"https:\/\/www.repam.net\/pt\/wp-content\/uploads\/2026\/04\/WhatsApp-Image-2026-04-20-at-1.06.12-PM-edited.jpeg","keywords":["amazonia","Direitos Humanos","Povos Ind\u00edgenas","REPAM"],"articleSection":["Direitos Humanos","Not\u00edcias"],"inLanguage":"pt-BR"},{"@type":"WebPage","@id":"https:\/\/www.repam.net\/pt\/caucus-indigena-nacoes-unidas\/","url":"https:\/\/www.repam.net\/pt\/caucus-indigena-nacoes-unidas\/","name":"\u201cN\u00e3o devemos sustentar o sil\u00eancio que mant\u00e9m a morte e a dor\" - Repam","isPartOf":{"@id":"https:\/\/www.repam.net\/pt\/#website"},"primaryImageOfPage":{"@id":"https:\/\/www.repam.net\/pt\/caucus-indigena-nacoes-unidas\/#primaryimage"},"image":{"@id":"https:\/\/www.repam.net\/pt\/caucus-indigena-nacoes-unidas\/#primaryimage"},"thumbnailUrl":"https:\/\/www.repam.net\/pt\/wp-content\/uploads\/2026\/04\/WhatsApp-Image-2026-04-20-at-1.06.12-PM-edited.jpeg","datePublished":"2026-04-20T18:24:53+00:00","dateModified":"2026-04-20T21:11:23+00:00","description":"Nas manh\u00e3s dos dias 18 e 19 de abril, em frente \u00e0 sede das Na\u00e7\u00f5es Unidas, e como vem sendo tradicional a cada ano, representantes de seus povos ancestrais reuniram-se no Caucus Global com o objetivo de realizar um diagn\u00f3stico de sua situa\u00e7\u00e3o e apresentar propostas de pol\u00edticas p\u00fablicas e mudan\u00e7as estruturais ao pr\u00f3prio F\u00f3rum Permanente.","breadcrumb":{"@id":"https:\/\/www.repam.net\/pt\/caucus-indigena-nacoes-unidas\/#breadcrumb"},"inLanguage":"pt-BR","potentialAction":[{"@type":"ReadAction","target":["https:\/\/www.repam.net\/pt\/caucus-indigena-nacoes-unidas\/"]}]},{"@type":"ImageObject","inLanguage":"pt-BR","@id":"https:\/\/www.repam.net\/pt\/caucus-indigena-nacoes-unidas\/#primaryimage","url":"https:\/\/www.repam.net\/pt\/wp-content\/uploads\/2026\/04\/WhatsApp-Image-2026-04-20-at-1.06.12-PM-edited.jpeg","contentUrl":"https:\/\/www.repam.net\/pt\/wp-content\/uploads\/2026\/04\/WhatsApp-Image-2026-04-20-at-1.06.12-PM-edited.jpeg","width":1475,"height":829},{"@type":"BreadcrumbList","@id":"https:\/\/www.repam.net\/pt\/caucus-indigena-nacoes-unidas\/#breadcrumb","itemListElement":[{"@type":"ListItem","position":1,"name":"In\u00edcio","item":"https:\/\/www.repam.net\/pt\/"},{"@type":"ListItem","position":2,"name":"\u201cN\u00e3o devemos sustentar o sil\u00eancio que mant\u00e9m a morte e a dor&#8221;"}]},{"@type":"WebSite","@id":"https:\/\/www.repam.net\/pt\/#website","url":"https:\/\/www.repam.net\/pt\/","name":"Repam","description":"Rede Eclesial Pan-amaz\u00f4nica","publisher":{"@id":"https:\/\/www.repam.net\/pt\/#organization"},"potentialAction":[{"@type":"SearchAction","target":{"@type":"EntryPoint","urlTemplate":"https:\/\/www.repam.net\/pt\/?s={search_term_string}"},"query-input":{"@type":"PropertyValueSpecification","valueRequired":true,"valueName":"search_term_string"}}],"inLanguage":"pt-BR"},{"@type":"Organization","@id":"https:\/\/www.repam.net\/pt\/#organization","name":"Repam","url":"https:\/\/www.repam.net\/pt\/","logo":{"@type":"ImageObject","inLanguage":"pt-BR","@id":"https:\/\/www.repam.net\/pt\/#\/schema\/logo\/image\/","url":"https:\/\/www.repam.net\/pt\/wp-content\/uploads\/2022\/02\/15.-REPAM-BRASIL.jpg","contentUrl":"https:\/\/www.repam.net\/pt\/wp-content\/uploads\/2022\/02\/15.-REPAM-BRASIL.jpg","width":231,"height":230,"caption":"Repam"},"image":{"@id":"https:\/\/www.repam.net\/pt\/#\/schema\/logo\/image\/"}},{"@type":"Person","@id":"https:\/\/www.repam.net\/pt\/#\/schema\/person\/b6f20b09de002e56f342d9b3a5143d51","name":"repam@adm","image":{"@type":"ImageObject","inLanguage":"pt-BR","@id":"https:\/\/www.repam.net\/pt\/#\/schema\/person\/image\/","url":"https:\/\/secure.gravatar.com\/avatar\/b18234ea6de5d74563e52ca7bfdad9d2b029b514c935b38a2790717abf8f2e5f?s=96&d=mm&r=g","contentUrl":"https:\/\/secure.gravatar.com\/avatar\/b18234ea6de5d74563e52ca7bfdad9d2b029b514c935b38a2790717abf8f2e5f?s=96&d=mm&r=g","caption":"repam@adm"},"sameAs":["https:\/\/www.repam.net\/pt"],"url":"https:\/\/www.repam.net\/pt\/author\/repamadm\/"}]}},"_links":{"self":[{"href":"https:\/\/www.repam.net\/pt\/wp-json\/wp\/v2\/posts\/4258","targetHints":{"allow":["GET"]}}],"collection":[{"href":"https:\/\/www.repam.net\/pt\/wp-json\/wp\/v2\/posts"}],"about":[{"href":"https:\/\/www.repam.net\/pt\/wp-json\/wp\/v2\/types\/post"}],"author":[{"embeddable":true,"href":"https:\/\/www.repam.net\/pt\/wp-json\/wp\/v2\/users\/1"}],"replies":[{"embeddable":true,"href":"https:\/\/www.repam.net\/pt\/wp-json\/wp\/v2\/comments?post=4258"}],"version-history":[{"count":2,"href":"https:\/\/www.repam.net\/pt\/wp-json\/wp\/v2\/posts\/4258\/revisions"}],"predecessor-version":[{"id":4271,"href":"https:\/\/www.repam.net\/pt\/wp-json\/wp\/v2\/posts\/4258\/revisions\/4271"}],"wp:featuredmedia":[{"embeddable":true,"href":"https:\/\/www.repam.net\/pt\/wp-json\/wp\/v2\/media\/4260"}],"wp:attachment":[{"href":"https:\/\/www.repam.net\/pt\/wp-json\/wp\/v2\/media?parent=4258"}],"wp:term":[{"taxonomy":"category","embeddable":true,"href":"https:\/\/www.repam.net\/pt\/wp-json\/wp\/v2\/categories?post=4258"},{"taxonomy":"post_tag","embeddable":true,"href":"https:\/\/www.repam.net\/pt\/wp-json\/wp\/v2\/tags?post=4258"}],"curies":[{"name":"wp","href":"https:\/\/api.w.org\/{rel}","templated":true}]}}