{"id":4272,"date":"2026-04-21T16:45:08","date_gmt":"2026-04-21T19:45:08","guid":{"rendered":"https:\/\/www.repam.net\/pt\/?p=4272"},"modified":"2026-04-21T16:45:09","modified_gmt":"2026-04-21T19:45:09","slug":"seguimos-sendo-igreja-em-saida","status":"publish","type":"post","link":"https:\/\/www.repam.net\/pt\/seguimos-sendo-igreja-em-saida\/","title":{"rendered":"Seguimos sendo Igreja em sa\u00edda"},"content":{"rendered":"<div class=\"wp-block-image\">\n<figure class=\"aligncenter size-large\"><img loading=\"lazy\" decoding=\"async\" width=\"1600\" height=\"900\" src=\"https:\/\/www.repam.net\/pt\/wp-content\/uploads\/2026\/04\/WhatsApp-Image-2026-04-21-at-2.34.42-PM-edited.jpeg\" alt=\"\" class=\"wp-image-4274\" srcset=\"https:\/\/www.repam.net\/pt\/wp-content\/uploads\/2026\/04\/WhatsApp-Image-2026-04-21-at-2.34.42-PM-edited.jpeg 1600w, https:\/\/www.repam.net\/pt\/wp-content\/uploads\/2026\/04\/WhatsApp-Image-2026-04-21-at-2.34.42-PM-edited-300x169.jpeg 300w, https:\/\/www.repam.net\/pt\/wp-content\/uploads\/2026\/04\/WhatsApp-Image-2026-04-21-at-2.34.42-PM-edited-1024x576.jpeg 1024w, https:\/\/www.repam.net\/pt\/wp-content\/uploads\/2026\/04\/WhatsApp-Image-2026-04-21-at-2.34.42-PM-edited-768x432.jpeg 768w, https:\/\/www.repam.net\/pt\/wp-content\/uploads\/2026\/04\/WhatsApp-Image-2026-04-21-at-2.34.42-PM-edited-1536x864.jpeg 1536w\" sizes=\"auto, (max-width: 1600px) 100vw, 1600px\" \/><\/figure>\n<\/div>\n\n\n<blockquote class=\"wp-block-quote is-layout-flow wp-block-quote-is-layout-flow\">\n<p><em>Um ano ap\u00f3s o falecimento do Papa Francisco, os cen\u00e1rios de a\u00e7\u00e3o para promover o amor anunciado no Evangelho, por ele mesmo ressaltados, continuam a interpelar cada ser humano. Francisco sempre nos reiterou que temos a miss\u00e3o de ser uma Igreja em sa\u00edda, aquela que deixa de lado a comodidade para ir ao encontro dos outros, especialmente nos lugares perif\u00e9ricos de nossa geografia e de nossa exist\u00eancia. Hoje, mais do que nunca, temos o dever de honrar esse chamado.<\/em><\/p>\n<\/blockquote>\n\n\n\n<p><strong><em>Por: Equipe de Comunica\u00e7\u00f5es da REPAM<\/em><\/strong><\/p>\n\n\n\n<p>A import\u00e2ncia do Papa Francisco para a Igreja \u00e9 indiscut\u00edvel, ainda mais quando nos referimos aos mais pobres, marginalizados e esquecidos. Durante o seu pontificado, aproximou-se muito mais dos doentes, presos e exclu\u00eddos por uma sociedade cuja filosofia de vida est\u00e1 baseada na cultura do descarte e da indiferen\u00e7a. Francisco recordou que na Igreja h\u00e1 lugar para todos, inclusive para aqueles que se sentem desgra\u00e7ados e pecadores. Cabe-nos trazer \u00e0 mem\u00f3ria a mensagem central da Jornada Mundial da Juventude de 2023, em Lisboa: <em>a Igreja n\u00e3o deve funcionar como uma alf\u00e2ndega, que controla quem entra, mas como a casa paterna, onde h\u00e1 lugar para cada um.<\/em><\/p>\n\n\n\n<p>Se voltarmos o olhar para a nossa Amaz\u00f4nia, vemos que centenas de povos ind\u00edgenas foram reconhecidos, respeitados, dignificados e, ainda mais, acolhidos por essa Igreja que Francisco nos pediu viver. Ecoam na mem\u00f3ria de toda a Rede Eclesial Pan-Amaz\u00f4nica (REPAM) frases como \u201c<em>O tesouro que encerra esta regi\u00e3o faz eco nas palavras que o Senhor disse a Mois\u00e9s: tira as sand\u00e1lias, porque est\u00e1s pisando uma terra santa\u201d,<\/em> pronunciada pelo Papa Francisco ao se referir \u00e0 Amaz\u00f4nia, diante de mais de 3 mil representantes ind\u00edgenas, durante sua visita \u00e0 cidade de Puerto Maldonado, na selva peruana.<\/p>\n\n\n\n<p>Nessa mesma visita, foi anunciado que o S\u00ednodo para a Amaz\u00f4nia come\u00e7ava ali, naquele encontro com ind\u00edgenas de diferentes povos amaz\u00f4nicos. Eles mesmos reafirmaram sua proximidade com essa Igreja mission\u00e1ria e, desde ent\u00e3o, qualificada por Francisco como <em>\u201cem sa\u00edda\u201d,<\/em> que desde o in\u00edcio do s\u00e9culo passado construiu um trabalho centrado na dignidade humana e na reivindica\u00e7\u00e3o dos direitos dos mais vulner\u00e1veis. Francisco chegou \u00e0 Igreja para posicionar essa miss\u00e3o expressa no Evangelho; nunca esqueceremos esse chamado a escutar <em>o clamor da terra e dos pobres<\/em>, pois \u00e9 o primeiro passo para enfrentar a deteriora\u00e7\u00e3o ambiental e a marginaliza\u00e7\u00e3o social.<\/p>\n\n\n\n<p>Dom Rafael Cob, bispo do Vicariato Apost\u00f3lico de Puyo e presidente da REPAM, elevou uma mensagem que recolhe o sentir de quem se reconhece como parte da rede:<\/p>\n\n\n\n<blockquote class=\"wp-block-quote is-layout-flow wp-block-quote-is-layout-flow\">\n<p><em>\u201cQueremos agradecer a Deus por tudo o que o Papa Francisco realizou em favor da Amaz\u00f4nia. Deus o ter\u00e1 recompensado por seu trabalho. A n\u00f3s cabe levar adiante seus sonhos de Querida Amaz\u00f4nia e sua enc\u00edclica Laudato Si\u2019. Obrigado, Senhor, por nos ter dado, com sua vida, um grande presente para a Igreja e o mundo. Do c\u00e9u lhe pedimos que continue nos acompanhando para cuidar da cria\u00e7\u00e3o de Deus, casa comum para toda a humanidade.\u201d<\/em><\/p>\n<\/blockquote>\n\n\n\n<p>A melhor forma de agradecer a Francisco \u00e9 apropriar-se do fato de que <em>continuamos sendo uma Igreja em sa\u00edda<\/em>. Continuamos fazendo o chamado aos jovens e a todo seguidor de Cristo a <em>\u201cfazer barulho\u201d;<\/em> n\u00e3o esquecemos que <em>o verdadeiro poder \u00e9 o servi\u00e7o<\/em> e, naturalmente, seguimos lutando para que <em>ningu\u00e9m nos roube a esperan\u00e7a<\/em>. Temos clara essa orienta\u00e7\u00e3o de <em>ir \u00e0s periferias<\/em>; entendemos que <em>o \u00f3dio, a inveja e a soberba sujam a vida<\/em>; continuamos <em>sonhando e partilhando nossos sonhos<\/em>; nunca <em>nos esqueceremos de rezar por Francisco e pelos mais necessitados<\/em>; e, claro, entendemos que <em>somos guardi\u00f5es da cria\u00e7\u00e3o, das pessoas mais fr\u00e1geis e do meio ambiente.<\/em> Sempre obrigado, querido Papa Francisco.<\/p>\n","protected":false},"excerpt":{"rendered":"<p>Um ano ap\u00f3s o falecimento do Papa Francisco, os cen\u00e1rios de a\u00e7\u00e3o para promover o amor anunciado no Evangelho, por ele mesmo ressaltados, continuam a interpelar cada ser humano. Francisco sempre nos reiterou que temos a miss\u00e3o de ser uma Igreja em sa\u00edda, aquela que deixa de lado a comodidade para ir ao encontro dos [&hellip;]<\/p>\n","protected":false},"author":1,"featured_media":4274,"comment_status":"closed","ping_status":"closed","sticky":false,"template":"","format":"standard","meta":{"_acf_changed":false,"_uf_show_specific_survey":0,"_uf_disable_surveys":false,"footnotes":""},"categories":[4],"tags":[63,20,65,6,15],"class_list":["post-4272","post","type-post","status-publish","format-standard","has-post-thumbnail","hentry","category-noticias","tag-amazonia-2","tag-igreja-com-rosto-amazonico","tag-papafrancisco","tag-repam","tag-sinodo-amazonico"],"acf":[],"aioseo_notices":[],"yoast_head":"<!-- This site is optimized with the Yoast SEO plugin v24.2 - https:\/\/yoast.com\/wordpress\/plugins\/seo\/ -->\n<title>Seguimos sendo Igreja em sa\u00edda - Repam<\/title>\n<meta name=\"description\" content=\"Um ano ap\u00f3s o falecimento do Papa Francisco, os cen\u00e1rios de a\u00e7\u00e3o para promover o amor anunciado no Evangelho, por ele mesmo ressaltados, continuam a interpelar cada ser humano. Francisco sempre nos reiterou que temos a miss\u00e3o de ser uma Igreja em sa\u00edda, aquela que deixa de lado a comodidade para ir ao encontro dos outros, especialmente nos lugares perif\u00e9ricos de nossa geografia e de nossa exist\u00eancia. Hoje, mais do que nunca, temos o dever de honrar esse chamado.\" \/>\n<meta name=\"robots\" content=\"index, follow, max-snippet:-1, max-image-preview:large, max-video-preview:-1\" \/>\n<link rel=\"canonical\" href=\"https:\/\/www.repam.net\/pt\/seguimos-sendo-igreja-em-saida\/\" \/>\n<meta property=\"og:locale\" content=\"pt_BR\" \/>\n<meta property=\"og:type\" content=\"article\" \/>\n<meta property=\"og:title\" content=\"Seguimos sendo Igreja em sa\u00edda - Repam\" \/>\n<meta property=\"og:description\" content=\"Um ano ap\u00f3s o falecimento do Papa Francisco, os cen\u00e1rios de a\u00e7\u00e3o para promover o amor anunciado no Evangelho, por ele mesmo ressaltados, continuam a interpelar cada ser humano. Francisco sempre nos reiterou que temos a miss\u00e3o de ser uma Igreja em sa\u00edda, aquela que deixa de lado a comodidade para ir ao encontro dos outros, especialmente nos lugares perif\u00e9ricos de nossa geografia e de nossa exist\u00eancia. Hoje, mais do que nunca, temos o dever de honrar esse chamado.\" \/>\n<meta property=\"og:url\" content=\"https:\/\/www.repam.net\/pt\/seguimos-sendo-igreja-em-saida\/\" \/>\n<meta property=\"og:site_name\" content=\"Repam\" \/>\n<meta property=\"article:published_time\" content=\"2026-04-21T19:45:08+00:00\" \/>\n<meta property=\"article:modified_time\" content=\"2026-04-21T19:45:09+00:00\" \/>\n<meta property=\"og:image\" content=\"https:\/\/www.repam.net\/pt\/wp-content\/uploads\/2026\/04\/WhatsApp-Image-2026-04-21-at-2.34.42-PM-edited.jpeg\" \/>\n\t<meta property=\"og:image:width\" content=\"1600\" \/>\n\t<meta property=\"og:image:height\" content=\"900\" \/>\n\t<meta property=\"og:image:type\" content=\"image\/jpeg\" \/>\n<meta name=\"author\" content=\"repam@adm\" \/>\n<meta name=\"twitter:card\" content=\"summary_large_image\" \/>\n<meta name=\"twitter:label1\" content=\"Escrito por\" \/>\n\t<meta name=\"twitter:data1\" content=\"repam@adm\" \/>\n\t<meta name=\"twitter:label2\" content=\"Est. tempo de leitura\" \/>\n\t<meta name=\"twitter:data2\" content=\"3 minutos\" \/>\n<script type=\"application\/ld+json\" class=\"yoast-schema-graph\">{\"@context\":\"https:\/\/schema.org\",\"@graph\":[{\"@type\":\"Article\",\"@id\":\"https:\/\/www.repam.net\/pt\/seguimos-sendo-igreja-em-saida\/#article\",\"isPartOf\":{\"@id\":\"https:\/\/www.repam.net\/pt\/seguimos-sendo-igreja-em-saida\/\"},\"author\":{\"name\":\"repam@adm\",\"@id\":\"https:\/\/www.repam.net\/pt\/#\/schema\/person\/b6f20b09de002e56f342d9b3a5143d51\"},\"headline\":\"Seguimos sendo Igreja em sa\u00edda\",\"datePublished\":\"2026-04-21T19:45:08+00:00\",\"dateModified\":\"2026-04-21T19:45:09+00:00\",\"mainEntityOfPage\":{\"@id\":\"https:\/\/www.repam.net\/pt\/seguimos-sendo-igreja-em-saida\/\"},\"wordCount\":654,\"publisher\":{\"@id\":\"https:\/\/www.repam.net\/pt\/#organization\"},\"image\":{\"@id\":\"https:\/\/www.repam.net\/pt\/seguimos-sendo-igreja-em-saida\/#primaryimage\"},\"thumbnailUrl\":\"https:\/\/www.repam.net\/pt\/wp-content\/uploads\/2026\/04\/WhatsApp-Image-2026-04-21-at-2.34.42-PM-edited.jpeg\",\"keywords\":[\"amazonia\",\"Igreja com rosto amaz\u00f4nico\",\"PapaFrancisco\",\"REPAM\",\"S\u00ednodo Amaz\u00f4nico\"],\"articleSection\":[\"Not\u00edcias\"],\"inLanguage\":\"pt-BR\"},{\"@type\":\"WebPage\",\"@id\":\"https:\/\/www.repam.net\/pt\/seguimos-sendo-igreja-em-saida\/\",\"url\":\"https:\/\/www.repam.net\/pt\/seguimos-sendo-igreja-em-saida\/\",\"name\":\"Seguimos sendo Igreja em sa\u00edda - Repam\",\"isPartOf\":{\"@id\":\"https:\/\/www.repam.net\/pt\/#website\"},\"primaryImageOfPage\":{\"@id\":\"https:\/\/www.repam.net\/pt\/seguimos-sendo-igreja-em-saida\/#primaryimage\"},\"image\":{\"@id\":\"https:\/\/www.repam.net\/pt\/seguimos-sendo-igreja-em-saida\/#primaryimage\"},\"thumbnailUrl\":\"https:\/\/www.repam.net\/pt\/wp-content\/uploads\/2026\/04\/WhatsApp-Image-2026-04-21-at-2.34.42-PM-edited.jpeg\",\"datePublished\":\"2026-04-21T19:45:08+00:00\",\"dateModified\":\"2026-04-21T19:45:09+00:00\",\"description\":\"Um ano ap\u00f3s o falecimento do Papa Francisco, os cen\u00e1rios de a\u00e7\u00e3o para promover o amor anunciado no Evangelho, por ele mesmo ressaltados, continuam a interpelar cada ser humano. Francisco sempre nos reiterou que temos a miss\u00e3o de ser uma Igreja em sa\u00edda, aquela que deixa de lado a comodidade para ir ao encontro dos outros, especialmente nos lugares perif\u00e9ricos de nossa geografia e de nossa exist\u00eancia. Hoje, mais do que nunca, temos o dever de honrar esse chamado.\",\"breadcrumb\":{\"@id\":\"https:\/\/www.repam.net\/pt\/seguimos-sendo-igreja-em-saida\/#breadcrumb\"},\"inLanguage\":\"pt-BR\",\"potentialAction\":[{\"@type\":\"ReadAction\",\"target\":[\"https:\/\/www.repam.net\/pt\/seguimos-sendo-igreja-em-saida\/\"]}]},{\"@type\":\"ImageObject\",\"inLanguage\":\"pt-BR\",\"@id\":\"https:\/\/www.repam.net\/pt\/seguimos-sendo-igreja-em-saida\/#primaryimage\",\"url\":\"https:\/\/www.repam.net\/pt\/wp-content\/uploads\/2026\/04\/WhatsApp-Image-2026-04-21-at-2.34.42-PM-edited.jpeg\",\"contentUrl\":\"https:\/\/www.repam.net\/pt\/wp-content\/uploads\/2026\/04\/WhatsApp-Image-2026-04-21-at-2.34.42-PM-edited.jpeg\",\"width\":1600,\"height\":900},{\"@type\":\"BreadcrumbList\",\"@id\":\"https:\/\/www.repam.net\/pt\/seguimos-sendo-igreja-em-saida\/#breadcrumb\",\"itemListElement\":[{\"@type\":\"ListItem\",\"position\":1,\"name\":\"In\u00edcio\",\"item\":\"https:\/\/www.repam.net\/pt\/\"},{\"@type\":\"ListItem\",\"position\":2,\"name\":\"Seguimos sendo Igreja em sa\u00edda\"}]},{\"@type\":\"WebSite\",\"@id\":\"https:\/\/www.repam.net\/pt\/#website\",\"url\":\"https:\/\/www.repam.net\/pt\/\",\"name\":\"Repam\",\"description\":\"Rede Eclesial Pan-amaz\u00f4nica\",\"publisher\":{\"@id\":\"https:\/\/www.repam.net\/pt\/#organization\"},\"potentialAction\":[{\"@type\":\"SearchAction\",\"target\":{\"@type\":\"EntryPoint\",\"urlTemplate\":\"https:\/\/www.repam.net\/pt\/?s={search_term_string}\"},\"query-input\":{\"@type\":\"PropertyValueSpecification\",\"valueRequired\":true,\"valueName\":\"search_term_string\"}}],\"inLanguage\":\"pt-BR\"},{\"@type\":\"Organization\",\"@id\":\"https:\/\/www.repam.net\/pt\/#organization\",\"name\":\"Repam\",\"url\":\"https:\/\/www.repam.net\/pt\/\",\"logo\":{\"@type\":\"ImageObject\",\"inLanguage\":\"pt-BR\",\"@id\":\"https:\/\/www.repam.net\/pt\/#\/schema\/logo\/image\/\",\"url\":\"https:\/\/www.repam.net\/pt\/wp-content\/uploads\/2022\/02\/15.-REPAM-BRASIL.jpg\",\"contentUrl\":\"https:\/\/www.repam.net\/pt\/wp-content\/uploads\/2022\/02\/15.-REPAM-BRASIL.jpg\",\"width\":231,\"height\":230,\"caption\":\"Repam\"},\"image\":{\"@id\":\"https:\/\/www.repam.net\/pt\/#\/schema\/logo\/image\/\"}},{\"@type\":\"Person\",\"@id\":\"https:\/\/www.repam.net\/pt\/#\/schema\/person\/b6f20b09de002e56f342d9b3a5143d51\",\"name\":\"repam@adm\",\"image\":{\"@type\":\"ImageObject\",\"inLanguage\":\"pt-BR\",\"@id\":\"https:\/\/www.repam.net\/pt\/#\/schema\/person\/image\/\",\"url\":\"https:\/\/secure.gravatar.com\/avatar\/b18234ea6de5d74563e52ca7bfdad9d2b029b514c935b38a2790717abf8f2e5f?s=96&d=mm&r=g\",\"contentUrl\":\"https:\/\/secure.gravatar.com\/avatar\/b18234ea6de5d74563e52ca7bfdad9d2b029b514c935b38a2790717abf8f2e5f?s=96&d=mm&r=g\",\"caption\":\"repam@adm\"},\"sameAs\":[\"https:\/\/www.repam.net\/pt\"],\"url\":\"https:\/\/www.repam.net\/pt\/author\/repamadm\/\"}]}<\/script>\n<!-- \/ Yoast SEO plugin. -->","yoast_head_json":{"title":"Seguimos sendo Igreja em sa\u00edda - Repam","description":"Um ano ap\u00f3s o falecimento do Papa Francisco, os cen\u00e1rios de a\u00e7\u00e3o para promover o amor anunciado no Evangelho, por ele mesmo ressaltados, continuam a interpelar cada ser humano. Francisco sempre nos reiterou que temos a miss\u00e3o de ser uma Igreja em sa\u00edda, aquela que deixa de lado a comodidade para ir ao encontro dos outros, especialmente nos lugares perif\u00e9ricos de nossa geografia e de nossa exist\u00eancia. Hoje, mais do que nunca, temos o dever de honrar esse chamado.","robots":{"index":"index","follow":"follow","max-snippet":"max-snippet:-1","max-image-preview":"max-image-preview:large","max-video-preview":"max-video-preview:-1"},"canonical":"https:\/\/www.repam.net\/pt\/seguimos-sendo-igreja-em-saida\/","og_locale":"pt_BR","og_type":"article","og_title":"Seguimos sendo Igreja em sa\u00edda - Repam","og_description":"Um ano ap\u00f3s o falecimento do Papa Francisco, os cen\u00e1rios de a\u00e7\u00e3o para promover o amor anunciado no Evangelho, por ele mesmo ressaltados, continuam a interpelar cada ser humano. Francisco sempre nos reiterou que temos a miss\u00e3o de ser uma Igreja em sa\u00edda, aquela que deixa de lado a comodidade para ir ao encontro dos outros, especialmente nos lugares perif\u00e9ricos de nossa geografia e de nossa exist\u00eancia. Hoje, mais do que nunca, temos o dever de honrar esse chamado.","og_url":"https:\/\/www.repam.net\/pt\/seguimos-sendo-igreja-em-saida\/","og_site_name":"Repam","article_published_time":"2026-04-21T19:45:08+00:00","article_modified_time":"2026-04-21T19:45:09+00:00","og_image":[{"width":1600,"height":900,"url":"https:\/\/www.repam.net\/pt\/wp-content\/uploads\/2026\/04\/WhatsApp-Image-2026-04-21-at-2.34.42-PM-edited.jpeg","type":"image\/jpeg"}],"author":"repam@adm","twitter_card":"summary_large_image","twitter_misc":{"Escrito por":"repam@adm","Est. tempo de leitura":"3 minutos"},"schema":{"@context":"https:\/\/schema.org","@graph":[{"@type":"Article","@id":"https:\/\/www.repam.net\/pt\/seguimos-sendo-igreja-em-saida\/#article","isPartOf":{"@id":"https:\/\/www.repam.net\/pt\/seguimos-sendo-igreja-em-saida\/"},"author":{"name":"repam@adm","@id":"https:\/\/www.repam.net\/pt\/#\/schema\/person\/b6f20b09de002e56f342d9b3a5143d51"},"headline":"Seguimos sendo Igreja em sa\u00edda","datePublished":"2026-04-21T19:45:08+00:00","dateModified":"2026-04-21T19:45:09+00:00","mainEntityOfPage":{"@id":"https:\/\/www.repam.net\/pt\/seguimos-sendo-igreja-em-saida\/"},"wordCount":654,"publisher":{"@id":"https:\/\/www.repam.net\/pt\/#organization"},"image":{"@id":"https:\/\/www.repam.net\/pt\/seguimos-sendo-igreja-em-saida\/#primaryimage"},"thumbnailUrl":"https:\/\/www.repam.net\/pt\/wp-content\/uploads\/2026\/04\/WhatsApp-Image-2026-04-21-at-2.34.42-PM-edited.jpeg","keywords":["amazonia","Igreja com rosto amaz\u00f4nico","PapaFrancisco","REPAM","S\u00ednodo Amaz\u00f4nico"],"articleSection":["Not\u00edcias"],"inLanguage":"pt-BR"},{"@type":"WebPage","@id":"https:\/\/www.repam.net\/pt\/seguimos-sendo-igreja-em-saida\/","url":"https:\/\/www.repam.net\/pt\/seguimos-sendo-igreja-em-saida\/","name":"Seguimos sendo Igreja em sa\u00edda - Repam","isPartOf":{"@id":"https:\/\/www.repam.net\/pt\/#website"},"primaryImageOfPage":{"@id":"https:\/\/www.repam.net\/pt\/seguimos-sendo-igreja-em-saida\/#primaryimage"},"image":{"@id":"https:\/\/www.repam.net\/pt\/seguimos-sendo-igreja-em-saida\/#primaryimage"},"thumbnailUrl":"https:\/\/www.repam.net\/pt\/wp-content\/uploads\/2026\/04\/WhatsApp-Image-2026-04-21-at-2.34.42-PM-edited.jpeg","datePublished":"2026-04-21T19:45:08+00:00","dateModified":"2026-04-21T19:45:09+00:00","description":"Um ano ap\u00f3s o falecimento do Papa Francisco, os cen\u00e1rios de a\u00e7\u00e3o para promover o amor anunciado no Evangelho, por ele mesmo ressaltados, continuam a interpelar cada ser humano. Francisco sempre nos reiterou que temos a miss\u00e3o de ser uma Igreja em sa\u00edda, aquela que deixa de lado a comodidade para ir ao encontro dos outros, especialmente nos lugares perif\u00e9ricos de nossa geografia e de nossa exist\u00eancia. Hoje, mais do que nunca, temos o dever de honrar esse chamado.","breadcrumb":{"@id":"https:\/\/www.repam.net\/pt\/seguimos-sendo-igreja-em-saida\/#breadcrumb"},"inLanguage":"pt-BR","potentialAction":[{"@type":"ReadAction","target":["https:\/\/www.repam.net\/pt\/seguimos-sendo-igreja-em-saida\/"]}]},{"@type":"ImageObject","inLanguage":"pt-BR","@id":"https:\/\/www.repam.net\/pt\/seguimos-sendo-igreja-em-saida\/#primaryimage","url":"https:\/\/www.repam.net\/pt\/wp-content\/uploads\/2026\/04\/WhatsApp-Image-2026-04-21-at-2.34.42-PM-edited.jpeg","contentUrl":"https:\/\/www.repam.net\/pt\/wp-content\/uploads\/2026\/04\/WhatsApp-Image-2026-04-21-at-2.34.42-PM-edited.jpeg","width":1600,"height":900},{"@type":"BreadcrumbList","@id":"https:\/\/www.repam.net\/pt\/seguimos-sendo-igreja-em-saida\/#breadcrumb","itemListElement":[{"@type":"ListItem","position":1,"name":"In\u00edcio","item":"https:\/\/www.repam.net\/pt\/"},{"@type":"ListItem","position":2,"name":"Seguimos sendo Igreja em sa\u00edda"}]},{"@type":"WebSite","@id":"https:\/\/www.repam.net\/pt\/#website","url":"https:\/\/www.repam.net\/pt\/","name":"Repam","description":"Rede Eclesial Pan-amaz\u00f4nica","publisher":{"@id":"https:\/\/www.repam.net\/pt\/#organization"},"potentialAction":[{"@type":"SearchAction","target":{"@type":"EntryPoint","urlTemplate":"https:\/\/www.repam.net\/pt\/?s={search_term_string}"},"query-input":{"@type":"PropertyValueSpecification","valueRequired":true,"valueName":"search_term_string"}}],"inLanguage":"pt-BR"},{"@type":"Organization","@id":"https:\/\/www.repam.net\/pt\/#organization","name":"Repam","url":"https:\/\/www.repam.net\/pt\/","logo":{"@type":"ImageObject","inLanguage":"pt-BR","@id":"https:\/\/www.repam.net\/pt\/#\/schema\/logo\/image\/","url":"https:\/\/www.repam.net\/pt\/wp-content\/uploads\/2022\/02\/15.-REPAM-BRASIL.jpg","contentUrl":"https:\/\/www.repam.net\/pt\/wp-content\/uploads\/2022\/02\/15.-REPAM-BRASIL.jpg","width":231,"height":230,"caption":"Repam"},"image":{"@id":"https:\/\/www.repam.net\/pt\/#\/schema\/logo\/image\/"}},{"@type":"Person","@id":"https:\/\/www.repam.net\/pt\/#\/schema\/person\/b6f20b09de002e56f342d9b3a5143d51","name":"repam@adm","image":{"@type":"ImageObject","inLanguage":"pt-BR","@id":"https:\/\/www.repam.net\/pt\/#\/schema\/person\/image\/","url":"https:\/\/secure.gravatar.com\/avatar\/b18234ea6de5d74563e52ca7bfdad9d2b029b514c935b38a2790717abf8f2e5f?s=96&d=mm&r=g","contentUrl":"https:\/\/secure.gravatar.com\/avatar\/b18234ea6de5d74563e52ca7bfdad9d2b029b514c935b38a2790717abf8f2e5f?s=96&d=mm&r=g","caption":"repam@adm"},"sameAs":["https:\/\/www.repam.net\/pt"],"url":"https:\/\/www.repam.net\/pt\/author\/repamadm\/"}]}},"_links":{"self":[{"href":"https:\/\/www.repam.net\/pt\/wp-json\/wp\/v2\/posts\/4272","targetHints":{"allow":["GET"]}}],"collection":[{"href":"https:\/\/www.repam.net\/pt\/wp-json\/wp\/v2\/posts"}],"about":[{"href":"https:\/\/www.repam.net\/pt\/wp-json\/wp\/v2\/types\/post"}],"author":[{"embeddable":true,"href":"https:\/\/www.repam.net\/pt\/wp-json\/wp\/v2\/users\/1"}],"replies":[{"embeddable":true,"href":"https:\/\/www.repam.net\/pt\/wp-json\/wp\/v2\/comments?post=4272"}],"version-history":[{"count":1,"href":"https:\/\/www.repam.net\/pt\/wp-json\/wp\/v2\/posts\/4272\/revisions"}],"predecessor-version":[{"id":4275,"href":"https:\/\/www.repam.net\/pt\/wp-json\/wp\/v2\/posts\/4272\/revisions\/4275"}],"wp:featuredmedia":[{"embeddable":true,"href":"https:\/\/www.repam.net\/pt\/wp-json\/wp\/v2\/media\/4274"}],"wp:attachment":[{"href":"https:\/\/www.repam.net\/pt\/wp-json\/wp\/v2\/media?parent=4272"}],"wp:term":[{"taxonomy":"category","embeddable":true,"href":"https:\/\/www.repam.net\/pt\/wp-json\/wp\/v2\/categories?post=4272"},{"taxonomy":"post_tag","embeddable":true,"href":"https:\/\/www.repam.net\/pt\/wp-json\/wp\/v2\/tags?post=4272"}],"curies":[{"name":"wp","href":"https:\/\/api.w.org\/{rel}","templated":true}]}}