{"id":4276,"date":"2026-04-22T12:24:18","date_gmt":"2026-04-22T15:24:18","guid":{"rendered":"https:\/\/www.repam.net\/pt\/?p=4276"},"modified":"2026-04-22T12:29:58","modified_gmt":"2026-04-22T15:29:58","slug":"dia-da-terra","status":"publish","type":"post","link":"https:\/\/www.repam.net\/pt\/dia-da-terra\/","title":{"rendered":"\u201cNosso poder, nosso planeta\u201d: 22 de abril, Dia da Terra"},"content":{"rendered":"<div class=\"wp-block-image\">\n<figure class=\"aligncenter size-large\"><img loading=\"lazy\" decoding=\"async\" width=\"1600\" height=\"900\" src=\"https:\/\/www.repam.net\/pt\/wp-content\/uploads\/2026\/04\/WhatsApp-Image-2026-04-22-at-10.14.40-AM-edited.jpeg\" alt=\"\" class=\"wp-image-4278\" srcset=\"https:\/\/www.repam.net\/pt\/wp-content\/uploads\/2026\/04\/WhatsApp-Image-2026-04-22-at-10.14.40-AM-edited.jpeg 1600w, https:\/\/www.repam.net\/pt\/wp-content\/uploads\/2026\/04\/WhatsApp-Image-2026-04-22-at-10.14.40-AM-edited-300x169.jpeg 300w, https:\/\/www.repam.net\/pt\/wp-content\/uploads\/2026\/04\/WhatsApp-Image-2026-04-22-at-10.14.40-AM-edited-1024x576.jpeg 1024w, https:\/\/www.repam.net\/pt\/wp-content\/uploads\/2026\/04\/WhatsApp-Image-2026-04-22-at-10.14.40-AM-edited-768x432.jpeg 768w, https:\/\/www.repam.net\/pt\/wp-content\/uploads\/2026\/04\/WhatsApp-Image-2026-04-22-at-10.14.40-AM-edited-1536x864.jpeg 1536w\" sizes=\"auto, (max-width: 1600px) 100vw, 1600px\" \/><\/figure>\n<\/div>\n\n\n<blockquote class=\"wp-block-quote is-layout-flow wp-block-quote-is-layout-flow\">\n<p><em>Neste 2026, celebra-se a 56\u00aa edi\u00e7\u00e3o do Dia da Terra e, longe de vivermos em um ambiente sustent\u00e1vel, equilibrado e diverso, encontramo-nos em mais um dos cap\u00edtulos pouco animadores que a crise clim\u00e1tica nos apresenta. H\u00e1 um m\u00eas, a Organiza\u00e7\u00e3o Meteorol\u00f3gica Mundial (OMM) divulgava um comunicado de imprensa no qual afirmava: \u201cDesde que come\u00e7aram as observa\u00e7\u00f5es do clima da Terra, este nunca esteve t\u00e3o desequilibrado\u201d.<\/em><\/p>\n<\/blockquote>\n\n\n\n<p><strong><em>Por: Equipe de Comunica\u00e7\u00f5es da REPAM<\/em><\/strong><\/p>\n\n\n\n<p>E \u00e9 que a conviv\u00eancia com a Terra \u00e9 o principal mediador da varia\u00e7\u00e3o clim\u00e1tica. Por sua vez, a varia\u00e7\u00e3o clim\u00e1tica est\u00e1 diretamente relacionada \u00e0s condi\u00e7\u00f5es de vida, o que impacta a intera\u00e7\u00e3o dos seres vivos com o seu entorno, reafirmando o c\u00edrculo da vida no qual estamos inseridos. Manter a Terra em condi\u00e7\u00f5es adequadas \u00e9 salvaguardar as garantias de vida para cada um dos seres vivos que a habitam. Por isso, n\u00e3o podemos ignorar que, atualmente, enfrentamos o maior desequil\u00edbrio terrestre dos \u00faltimos 65 anos; que os fen\u00f4menos meteorol\u00f3gicos, causados por esse desequil\u00edbrio, afetam milh\u00f5es de pessoas, sendo os mais vulner\u00e1veis e marginalizados os primeiros atingidos; e que o contexto prejudicial do extrativismo \u00e9 uma realidade evidenciada pelo desastre miner\u00e1rio, pelo desmatamento e pelo uso indevido da terra.<\/p>\n\n\n\n<h5 class=\"wp-block-heading\"><strong>Problema de todos<\/strong><\/h5>\n\n\n\n<p>O uso da terra, ao longo da hist\u00f3ria, esteve marcado pelas necessidades que podem surgir de acordo com o contexto hist\u00f3rico e a organiza\u00e7\u00e3o social dos povos; no entanto, o ponto de ruptura e de excesso no qual o mundo est\u00e1 imerso tem permitido a prolifera\u00e7\u00e3o de uma s\u00e9rie de males associados \u00e0 crise ecol\u00f3gica e social que vivemos atualmente. Por um lado, os extrativismos sem restri\u00e7\u00e3o (sejam legais ou n\u00e3o) d\u00e3o origem a uma cadeia de problem\u00e1ticas que contaminam diferentes esferas. A minera\u00e7\u00e3o, por exemplo, exige em muitos casos a devasta\u00e7\u00e3o de \u00e1reas para a instala\u00e7\u00e3o de acampamentos, posteriormente convertidos em assentamentos, com dificuldades sociais e falta de servi\u00e7os que aproximem as pessoas de condi\u00e7\u00f5es dignas.<\/p>\n\n\n\n<p>Exemplo disso \u00e9 o que ocorreu no setor de <em>La Pampa<\/em>, departamento de Madre de Dios, na selva peruana. Ali se estabeleceu uma zona mineradora que, entre os anos de 2021 e 2024, custou \u00e0 terra cerca de 31 mil hectares de floresta nativa, segundo dados oficiais; para o per\u00edodo 2024\u20132025, o desmatamento registrado foi de mais de 11.500 hectares. A isso somam-se as quantidades de merc\u00fario que acabam nos rios Malinowski e Madre de Dios; os \u00edndices elevados de tr\u00e1fico de pessoas e explora\u00e7\u00e3o sexual; o estabelecimento de economias ilegais e redes de extors\u00e3o; a abertura de um corredor log\u00edstico para o narcotr\u00e1fico; e a precariedade no acesso a servi\u00e7os b\u00e1sicos das pessoas que vivem na regi\u00e3o.<\/p>\n\n\n\n<p>A floresta amaz\u00f4nica viveu quatro momentos cru\u00e9is para a terra e para aqueles que a habitam. Ap\u00f3s o per\u00edodo colonial, grandes patr\u00f5es da borracha adentraram a imensa floresta, escravizando os povos nativos com o objetivo de extrair o l\u00e1tex das \u00e1rvores de seringueira; mais adiante, a explora\u00e7\u00e3o desmedida de madeira herdou a din\u00e2mica escravista do ciclo da borracha, e os grandes madeireiros cometeram n\u00e3o apenas o crime de perturbar o equil\u00edbrio da floresta, mas tamb\u00e9m o de passar por cima da dignidade dos povos ind\u00edgenas; depois, surgiu a febre dos hidrocarbonetos, que ainda n\u00e3o terminou e cujo legado se expressa em por\u00e7\u00f5es de terra e \u00e1gua contaminadas por petr\u00f3leo ou g\u00e1s, popula\u00e7\u00f5es afastadas de sua heran\u00e7a cultural e falsas riquezas que se esgotam ao mesmo tempo que as reservas de petr\u00f3leo e g\u00e1s. Um quarto momento \u00e9 o da minera\u00e7\u00e3o, aquele que hoje est\u00e1 em auge e que se estabeleceu paralelamente \u00e0 explora\u00e7\u00e3o de hidrocarbonetos; a minera\u00e7\u00e3o \u00e9 um dos maiores males para a nossa terra e os nossos povos.<\/p>\n\n\n\n<h5 class=\"wp-block-heading\"><strong>Ainda vive a esperan\u00e7a<\/strong><\/h5>\n\n\n\n<p>No cora\u00e7\u00e3o da Amaz\u00f4nia, persistem uma s\u00e9rie de experi\u00eancias que buscam viver em harmonia com a terra e promover a dignidade nas comunidades locais. A cidade de Cobija, no departamento de Pando \u2013 Bol\u00edvia, acolhe a experi\u00eancia do projeto <em>\u201cFlorestan\u00eda\u201d,<\/em> um nome utilizado por seus fundadores para expressar a harmonia entre a floresta e a cidadania, assumindo tamb\u00e9m o equil\u00edbrio e a coexist\u00eancia entre o ser humano e a floresta. O objetivo da <em>Florestan\u00eda<\/em> \u00e9 alcan\u00e7ar a recupera\u00e7\u00e3o do solo por meio de processos de reflorestamento. A regi\u00e3o se caracteriza por ser um ponto de impacto negativo devido \u00e0 atividade pecu\u00e1ria e ao cultivo exclusivo de pasto. O projeto representa o significado de viver com a floresta e para a floresta; promove a cultura do plantar, incentivando os visitantes a seguirem seu exemplo; e conta com processos de voluntariado que apostam na recupera\u00e7\u00e3o da terra.<\/p>\n\n\n\n<p>A prov\u00edncia de Tambopata, no departamento de Madre de Dios \u2013 Peru, abriga a experi\u00eancia da <em>Agrobosque<\/em>, uma cooperativa dedicada ao cultivo de cacau e que compreende muito bem que toda atividade agr\u00edcola deve ser realizada em harmonia com a floresta. A cooperativa promove um manejo agroflorestal adequado, que n\u00e3o impacta negativamente o meio ambiente e que cuida dos solos amaz\u00f4nicos, entendendo-os como fonte de vida na Amaz\u00f4nia. A <em>Agrobosque<\/em> incentiva as comunidades a adotarem uma vis\u00e3o de desenvolvimento baseada no respeito \u00e0 terra e \u00e0 natureza. Os meios de subsist\u00eancia, a sustentabilidade econ\u00f4mica e o <em>Bem Viver<\/em> das comunidades s\u00e3o poss\u00edveis.<\/p>\n\n\n\n<div class=\"wp-block-columns is-layout-flex wp-container-core-columns-is-layout-9d6595d7 wp-block-columns-is-layout-flex\">\n<div class=\"wp-block-column is-layout-flow wp-block-column-is-layout-flow\">\n<figure class=\"wp-block-embed is-type-video is-provider-youtube wp-block-embed-youtube wp-embed-aspect-16-9 wp-has-aspect-ratio\"><div class=\"wp-block-embed__wrapper\">\n<iframe loading=\"lazy\" title=\"Florestan\u00eda\" width=\"500\" height=\"281\" src=\"https:\/\/www.youtube.com\/embed\/mxHxdJP7fTE?list=PLzlcvg4GuiUYN3YcnwLiUTCJWukfaXX2h\" frameborder=\"0\" allow=\"accelerometer; autoplay; clipboard-write; encrypted-media; gyroscope; picture-in-picture; web-share\" referrerpolicy=\"strict-origin-when-cross-origin\" allowfullscreen><\/iframe>\n<\/div><\/figure>\n<\/div>\n\n\n\n<div class=\"wp-block-column is-layout-flow wp-block-column-is-layout-flow\">\n<figure class=\"wp-block-embed is-type-video is-provider-youtube wp-block-embed-youtube wp-embed-aspect-16-9 wp-has-aspect-ratio\"><div class=\"wp-block-embed__wrapper\">\n<iframe loading=\"lazy\" title=\"Agrobosques\" width=\"500\" height=\"281\" src=\"https:\/\/www.youtube.com\/embed\/qBmLaXGFz0g?list=PLzlcvg4GuiUYN3YcnwLiUTCJWukfaXX2h\" frameborder=\"0\" allow=\"accelerometer; autoplay; clipboard-write; encrypted-media; gyroscope; picture-in-picture; web-share\" referrerpolicy=\"strict-origin-when-cross-origin\" allowfullscreen><\/iframe>\n<\/div><\/figure>\n<\/div>\n<\/div>\n\n\n\n<p>Encorajamos aqueles que trabalham por uma terra em equil\u00edbrio a seguirem, dia ap\u00f3s dia, com suas atividades. A harmonia entre os seres vivos e seu entorno nada mais \u00e9 do que a garantia de vida para esta e as futuras gera\u00e7\u00f5es. \u00c0 pergunta \u201co que aconteceria se o equil\u00edbrio fosse totalmente rompido?\u201d, podemos responder que a Terra continuar\u00e1 em seu espa\u00e7o e tempo, gerando outras condi\u00e7\u00f5es de vida para que novos organismos possam prosperar e viver em harmonia com ela, enquanto nossas formas de vida ser\u00e3o apagadas de sua face.<\/p>\n","protected":false},"excerpt":{"rendered":"<p>Neste 2026, celebra-se a 56\u00aa edi\u00e7\u00e3o do Dia da Terra e, longe de vivermos em um ambiente sustent\u00e1vel, equilibrado e diverso, encontramo-nos em mais um dos cap\u00edtulos pouco animadores que a crise clim\u00e1tica nos apresenta. H\u00e1 um m\u00eas, a Organiza\u00e7\u00e3o Meteorol\u00f3gica Mundial (OMM) divulgava um comunicado de imprensa no qual afirmava: \u201cDesde que come\u00e7aram as [&hellip;]<\/p>\n","protected":false},"author":1,"featured_media":4278,"comment_status":"closed","ping_status":"closed","sticky":false,"template":"","format":"standard","meta":{"_acf_changed":false,"_uf_show_specific_survey":0,"_uf_disable_surveys":false,"footnotes":""},"categories":[33,4],"tags":[53,121,21,6],"class_list":["post-4276","post","type-post","status-publish","format-standard","has-post-thumbnail","hentry","category-ecologia-integral","category-noticias","tag-amazonia","tag-casa-comum","tag-querida-amazonia","tag-repam"],"acf":[],"aioseo_notices":[],"yoast_head":"<!-- This site is optimized with the Yoast SEO plugin v24.2 - https:\/\/yoast.com\/wordpress\/plugins\/seo\/ -->\n<title>\u201cNosso poder, nosso planeta\u201d: 22 de abril, Dia da Terra - Repam<\/title>\n<meta name=\"description\" content=\"Neste 2026, celebra-se a 56\u00aa edi\u00e7\u00e3o do Dia da Terra e, longe de vivermos em um ambiente sustent\u00e1vel, equilibrado e diverso, encontramo-nos em mais um dos cap\u00edtulos pouco animadores que a crise clim\u00e1tica nos apresenta. H\u00e1 um m\u00eas, a Organiza\u00e7\u00e3o Meteorol\u00f3gica Mundial (OMM) divulgava um comunicado de imprensa no qual afirmava: \u201cDesde que come\u00e7aram as observa\u00e7\u00f5es do clima da Terra, este nunca esteve t\u00e3o desequilibrado\u201d.\" \/>\n<meta name=\"robots\" content=\"index, follow, max-snippet:-1, max-image-preview:large, max-video-preview:-1\" \/>\n<link rel=\"canonical\" href=\"https:\/\/www.repam.net\/pt\/dia-da-terra\/\" \/>\n<meta property=\"og:locale\" content=\"pt_BR\" \/>\n<meta property=\"og:type\" content=\"article\" \/>\n<meta property=\"og:title\" content=\"\u201cNosso poder, nosso planeta\u201d: 22 de abril, Dia da Terra - Repam\" \/>\n<meta property=\"og:description\" content=\"Neste 2026, celebra-se a 56\u00aa edi\u00e7\u00e3o do Dia da Terra e, longe de vivermos em um ambiente sustent\u00e1vel, equilibrado e diverso, encontramo-nos em mais um dos cap\u00edtulos pouco animadores que a crise clim\u00e1tica nos apresenta. H\u00e1 um m\u00eas, a Organiza\u00e7\u00e3o Meteorol\u00f3gica Mundial (OMM) divulgava um comunicado de imprensa no qual afirmava: \u201cDesde que come\u00e7aram as observa\u00e7\u00f5es do clima da Terra, este nunca esteve t\u00e3o desequilibrado\u201d.\" \/>\n<meta property=\"og:url\" content=\"https:\/\/www.repam.net\/pt\/dia-da-terra\/\" \/>\n<meta property=\"og:site_name\" content=\"Repam\" \/>\n<meta property=\"article:published_time\" content=\"2026-04-22T15:24:18+00:00\" \/>\n<meta property=\"article:modified_time\" content=\"2026-04-22T15:29:58+00:00\" \/>\n<meta property=\"og:image\" content=\"https:\/\/www.repam.net\/pt\/wp-content\/uploads\/2026\/04\/WhatsApp-Image-2026-04-22-at-10.14.40-AM-edited.jpeg\" \/>\n\t<meta property=\"og:image:width\" content=\"1600\" \/>\n\t<meta property=\"og:image:height\" content=\"900\" \/>\n\t<meta property=\"og:image:type\" content=\"image\/jpeg\" \/>\n<meta name=\"author\" content=\"repam@adm\" \/>\n<meta name=\"twitter:card\" content=\"summary_large_image\" \/>\n<meta name=\"twitter:label1\" content=\"Escrito por\" \/>\n\t<meta name=\"twitter:data1\" content=\"repam@adm\" \/>\n\t<meta name=\"twitter:label2\" content=\"Est. tempo de leitura\" \/>\n\t<meta name=\"twitter:data2\" content=\"6 minutos\" \/>\n<script type=\"application\/ld+json\" class=\"yoast-schema-graph\">{\"@context\":\"https:\/\/schema.org\",\"@graph\":[{\"@type\":\"Article\",\"@id\":\"https:\/\/www.repam.net\/pt\/dia-da-terra\/#article\",\"isPartOf\":{\"@id\":\"https:\/\/www.repam.net\/pt\/dia-da-terra\/\"},\"author\":{\"name\":\"repam@adm\",\"@id\":\"https:\/\/www.repam.net\/pt\/#\/schema\/person\/b6f20b09de002e56f342d9b3a5143d51\"},\"headline\":\"\u201cNosso poder, nosso planeta\u201d: 22 de abril, Dia da Terra\",\"datePublished\":\"2026-04-22T15:24:18+00:00\",\"dateModified\":\"2026-04-22T15:29:58+00:00\",\"mainEntityOfPage\":{\"@id\":\"https:\/\/www.repam.net\/pt\/dia-da-terra\/\"},\"wordCount\":1075,\"publisher\":{\"@id\":\"https:\/\/www.repam.net\/pt\/#organization\"},\"image\":{\"@id\":\"https:\/\/www.repam.net\/pt\/dia-da-terra\/#primaryimage\"},\"thumbnailUrl\":\"https:\/\/www.repam.net\/pt\/wp-content\/uploads\/2026\/04\/WhatsApp-Image-2026-04-22-at-10.14.40-AM-edited.jpeg\",\"keywords\":[\"amaz\u00f4nia\",\"Casa Comum\",\"Querida Amaz\u00f4nia\",\"REPAM\"],\"articleSection\":[\"Ecologia Integral\",\"Not\u00edcias\"],\"inLanguage\":\"pt-BR\"},{\"@type\":\"WebPage\",\"@id\":\"https:\/\/www.repam.net\/pt\/dia-da-terra\/\",\"url\":\"https:\/\/www.repam.net\/pt\/dia-da-terra\/\",\"name\":\"\u201cNosso poder, nosso planeta\u201d: 22 de abril, Dia da Terra - Repam\",\"isPartOf\":{\"@id\":\"https:\/\/www.repam.net\/pt\/#website\"},\"primaryImageOfPage\":{\"@id\":\"https:\/\/www.repam.net\/pt\/dia-da-terra\/#primaryimage\"},\"image\":{\"@id\":\"https:\/\/www.repam.net\/pt\/dia-da-terra\/#primaryimage\"},\"thumbnailUrl\":\"https:\/\/www.repam.net\/pt\/wp-content\/uploads\/2026\/04\/WhatsApp-Image-2026-04-22-at-10.14.40-AM-edited.jpeg\",\"datePublished\":\"2026-04-22T15:24:18+00:00\",\"dateModified\":\"2026-04-22T15:29:58+00:00\",\"description\":\"Neste 2026, celebra-se a 56\u00aa edi\u00e7\u00e3o do Dia da Terra e, longe de vivermos em um ambiente sustent\u00e1vel, equilibrado e diverso, encontramo-nos em mais um dos cap\u00edtulos pouco animadores que a crise clim\u00e1tica nos apresenta. H\u00e1 um m\u00eas, a Organiza\u00e7\u00e3o Meteorol\u00f3gica Mundial (OMM) divulgava um comunicado de imprensa no qual afirmava: \u201cDesde que come\u00e7aram as observa\u00e7\u00f5es do clima da Terra, este nunca esteve t\u00e3o desequilibrado\u201d.\",\"breadcrumb\":{\"@id\":\"https:\/\/www.repam.net\/pt\/dia-da-terra\/#breadcrumb\"},\"inLanguage\":\"pt-BR\",\"potentialAction\":[{\"@type\":\"ReadAction\",\"target\":[\"https:\/\/www.repam.net\/pt\/dia-da-terra\/\"]}]},{\"@type\":\"ImageObject\",\"inLanguage\":\"pt-BR\",\"@id\":\"https:\/\/www.repam.net\/pt\/dia-da-terra\/#primaryimage\",\"url\":\"https:\/\/www.repam.net\/pt\/wp-content\/uploads\/2026\/04\/WhatsApp-Image-2026-04-22-at-10.14.40-AM-edited.jpeg\",\"contentUrl\":\"https:\/\/www.repam.net\/pt\/wp-content\/uploads\/2026\/04\/WhatsApp-Image-2026-04-22-at-10.14.40-AM-edited.jpeg\",\"width\":1600,\"height\":900},{\"@type\":\"BreadcrumbList\",\"@id\":\"https:\/\/www.repam.net\/pt\/dia-da-terra\/#breadcrumb\",\"itemListElement\":[{\"@type\":\"ListItem\",\"position\":1,\"name\":\"In\u00edcio\",\"item\":\"https:\/\/www.repam.net\/pt\/\"},{\"@type\":\"ListItem\",\"position\":2,\"name\":\"\u201cNosso poder, nosso planeta\u201d: 22 de abril, Dia da Terra\"}]},{\"@type\":\"WebSite\",\"@id\":\"https:\/\/www.repam.net\/pt\/#website\",\"url\":\"https:\/\/www.repam.net\/pt\/\",\"name\":\"Repam\",\"description\":\"Rede Eclesial Pan-amaz\u00f4nica\",\"publisher\":{\"@id\":\"https:\/\/www.repam.net\/pt\/#organization\"},\"potentialAction\":[{\"@type\":\"SearchAction\",\"target\":{\"@type\":\"EntryPoint\",\"urlTemplate\":\"https:\/\/www.repam.net\/pt\/?s={search_term_string}\"},\"query-input\":{\"@type\":\"PropertyValueSpecification\",\"valueRequired\":true,\"valueName\":\"search_term_string\"}}],\"inLanguage\":\"pt-BR\"},{\"@type\":\"Organization\",\"@id\":\"https:\/\/www.repam.net\/pt\/#organization\",\"name\":\"Repam\",\"url\":\"https:\/\/www.repam.net\/pt\/\",\"logo\":{\"@type\":\"ImageObject\",\"inLanguage\":\"pt-BR\",\"@id\":\"https:\/\/www.repam.net\/pt\/#\/schema\/logo\/image\/\",\"url\":\"https:\/\/www.repam.net\/pt\/wp-content\/uploads\/2022\/02\/15.-REPAM-BRASIL.jpg\",\"contentUrl\":\"https:\/\/www.repam.net\/pt\/wp-content\/uploads\/2022\/02\/15.-REPAM-BRASIL.jpg\",\"width\":231,\"height\":230,\"caption\":\"Repam\"},\"image\":{\"@id\":\"https:\/\/www.repam.net\/pt\/#\/schema\/logo\/image\/\"}},{\"@type\":\"Person\",\"@id\":\"https:\/\/www.repam.net\/pt\/#\/schema\/person\/b6f20b09de002e56f342d9b3a5143d51\",\"name\":\"repam@adm\",\"image\":{\"@type\":\"ImageObject\",\"inLanguage\":\"pt-BR\",\"@id\":\"https:\/\/www.repam.net\/pt\/#\/schema\/person\/image\/\",\"url\":\"https:\/\/secure.gravatar.com\/avatar\/b18234ea6de5d74563e52ca7bfdad9d2b029b514c935b38a2790717abf8f2e5f?s=96&d=mm&r=g\",\"contentUrl\":\"https:\/\/secure.gravatar.com\/avatar\/b18234ea6de5d74563e52ca7bfdad9d2b029b514c935b38a2790717abf8f2e5f?s=96&d=mm&r=g\",\"caption\":\"repam@adm\"},\"sameAs\":[\"https:\/\/www.repam.net\/pt\"],\"url\":\"https:\/\/www.repam.net\/pt\/author\/repamadm\/\"}]}<\/script>\n<!-- \/ Yoast SEO plugin. -->","yoast_head_json":{"title":"\u201cNosso poder, nosso planeta\u201d: 22 de abril, Dia da Terra - Repam","description":"Neste 2026, celebra-se a 56\u00aa edi\u00e7\u00e3o do Dia da Terra e, longe de vivermos em um ambiente sustent\u00e1vel, equilibrado e diverso, encontramo-nos em mais um dos cap\u00edtulos pouco animadores que a crise clim\u00e1tica nos apresenta. H\u00e1 um m\u00eas, a Organiza\u00e7\u00e3o Meteorol\u00f3gica Mundial (OMM) divulgava um comunicado de imprensa no qual afirmava: \u201cDesde que come\u00e7aram as observa\u00e7\u00f5es do clima da Terra, este nunca esteve t\u00e3o desequilibrado\u201d.","robots":{"index":"index","follow":"follow","max-snippet":"max-snippet:-1","max-image-preview":"max-image-preview:large","max-video-preview":"max-video-preview:-1"},"canonical":"https:\/\/www.repam.net\/pt\/dia-da-terra\/","og_locale":"pt_BR","og_type":"article","og_title":"\u201cNosso poder, nosso planeta\u201d: 22 de abril, Dia da Terra - Repam","og_description":"Neste 2026, celebra-se a 56\u00aa edi\u00e7\u00e3o do Dia da Terra e, longe de vivermos em um ambiente sustent\u00e1vel, equilibrado e diverso, encontramo-nos em mais um dos cap\u00edtulos pouco animadores que a crise clim\u00e1tica nos apresenta. H\u00e1 um m\u00eas, a Organiza\u00e7\u00e3o Meteorol\u00f3gica Mundial (OMM) divulgava um comunicado de imprensa no qual afirmava: \u201cDesde que come\u00e7aram as observa\u00e7\u00f5es do clima da Terra, este nunca esteve t\u00e3o desequilibrado\u201d.","og_url":"https:\/\/www.repam.net\/pt\/dia-da-terra\/","og_site_name":"Repam","article_published_time":"2026-04-22T15:24:18+00:00","article_modified_time":"2026-04-22T15:29:58+00:00","og_image":[{"width":1600,"height":900,"url":"https:\/\/www.repam.net\/pt\/wp-content\/uploads\/2026\/04\/WhatsApp-Image-2026-04-22-at-10.14.40-AM-edited.jpeg","type":"image\/jpeg"}],"author":"repam@adm","twitter_card":"summary_large_image","twitter_misc":{"Escrito por":"repam@adm","Est. tempo de leitura":"6 minutos"},"schema":{"@context":"https:\/\/schema.org","@graph":[{"@type":"Article","@id":"https:\/\/www.repam.net\/pt\/dia-da-terra\/#article","isPartOf":{"@id":"https:\/\/www.repam.net\/pt\/dia-da-terra\/"},"author":{"name":"repam@adm","@id":"https:\/\/www.repam.net\/pt\/#\/schema\/person\/b6f20b09de002e56f342d9b3a5143d51"},"headline":"\u201cNosso poder, nosso planeta\u201d: 22 de abril, Dia da Terra","datePublished":"2026-04-22T15:24:18+00:00","dateModified":"2026-04-22T15:29:58+00:00","mainEntityOfPage":{"@id":"https:\/\/www.repam.net\/pt\/dia-da-terra\/"},"wordCount":1075,"publisher":{"@id":"https:\/\/www.repam.net\/pt\/#organization"},"image":{"@id":"https:\/\/www.repam.net\/pt\/dia-da-terra\/#primaryimage"},"thumbnailUrl":"https:\/\/www.repam.net\/pt\/wp-content\/uploads\/2026\/04\/WhatsApp-Image-2026-04-22-at-10.14.40-AM-edited.jpeg","keywords":["amaz\u00f4nia","Casa Comum","Querida Amaz\u00f4nia","REPAM"],"articleSection":["Ecologia Integral","Not\u00edcias"],"inLanguage":"pt-BR"},{"@type":"WebPage","@id":"https:\/\/www.repam.net\/pt\/dia-da-terra\/","url":"https:\/\/www.repam.net\/pt\/dia-da-terra\/","name":"\u201cNosso poder, nosso planeta\u201d: 22 de abril, Dia da Terra - Repam","isPartOf":{"@id":"https:\/\/www.repam.net\/pt\/#website"},"primaryImageOfPage":{"@id":"https:\/\/www.repam.net\/pt\/dia-da-terra\/#primaryimage"},"image":{"@id":"https:\/\/www.repam.net\/pt\/dia-da-terra\/#primaryimage"},"thumbnailUrl":"https:\/\/www.repam.net\/pt\/wp-content\/uploads\/2026\/04\/WhatsApp-Image-2026-04-22-at-10.14.40-AM-edited.jpeg","datePublished":"2026-04-22T15:24:18+00:00","dateModified":"2026-04-22T15:29:58+00:00","description":"Neste 2026, celebra-se a 56\u00aa edi\u00e7\u00e3o do Dia da Terra e, longe de vivermos em um ambiente sustent\u00e1vel, equilibrado e diverso, encontramo-nos em mais um dos cap\u00edtulos pouco animadores que a crise clim\u00e1tica nos apresenta. H\u00e1 um m\u00eas, a Organiza\u00e7\u00e3o Meteorol\u00f3gica Mundial (OMM) divulgava um comunicado de imprensa no qual afirmava: \u201cDesde que come\u00e7aram as observa\u00e7\u00f5es do clima da Terra, este nunca esteve t\u00e3o desequilibrado\u201d.","breadcrumb":{"@id":"https:\/\/www.repam.net\/pt\/dia-da-terra\/#breadcrumb"},"inLanguage":"pt-BR","potentialAction":[{"@type":"ReadAction","target":["https:\/\/www.repam.net\/pt\/dia-da-terra\/"]}]},{"@type":"ImageObject","inLanguage":"pt-BR","@id":"https:\/\/www.repam.net\/pt\/dia-da-terra\/#primaryimage","url":"https:\/\/www.repam.net\/pt\/wp-content\/uploads\/2026\/04\/WhatsApp-Image-2026-04-22-at-10.14.40-AM-edited.jpeg","contentUrl":"https:\/\/www.repam.net\/pt\/wp-content\/uploads\/2026\/04\/WhatsApp-Image-2026-04-22-at-10.14.40-AM-edited.jpeg","width":1600,"height":900},{"@type":"BreadcrumbList","@id":"https:\/\/www.repam.net\/pt\/dia-da-terra\/#breadcrumb","itemListElement":[{"@type":"ListItem","position":1,"name":"In\u00edcio","item":"https:\/\/www.repam.net\/pt\/"},{"@type":"ListItem","position":2,"name":"\u201cNosso poder, nosso planeta\u201d: 22 de abril, Dia da Terra"}]},{"@type":"WebSite","@id":"https:\/\/www.repam.net\/pt\/#website","url":"https:\/\/www.repam.net\/pt\/","name":"Repam","description":"Rede Eclesial Pan-amaz\u00f4nica","publisher":{"@id":"https:\/\/www.repam.net\/pt\/#organization"},"potentialAction":[{"@type":"SearchAction","target":{"@type":"EntryPoint","urlTemplate":"https:\/\/www.repam.net\/pt\/?s={search_term_string}"},"query-input":{"@type":"PropertyValueSpecification","valueRequired":true,"valueName":"search_term_string"}}],"inLanguage":"pt-BR"},{"@type":"Organization","@id":"https:\/\/www.repam.net\/pt\/#organization","name":"Repam","url":"https:\/\/www.repam.net\/pt\/","logo":{"@type":"ImageObject","inLanguage":"pt-BR","@id":"https:\/\/www.repam.net\/pt\/#\/schema\/logo\/image\/","url":"https:\/\/www.repam.net\/pt\/wp-content\/uploads\/2022\/02\/15.-REPAM-BRASIL.jpg","contentUrl":"https:\/\/www.repam.net\/pt\/wp-content\/uploads\/2022\/02\/15.-REPAM-BRASIL.jpg","width":231,"height":230,"caption":"Repam"},"image":{"@id":"https:\/\/www.repam.net\/pt\/#\/schema\/logo\/image\/"}},{"@type":"Person","@id":"https:\/\/www.repam.net\/pt\/#\/schema\/person\/b6f20b09de002e56f342d9b3a5143d51","name":"repam@adm","image":{"@type":"ImageObject","inLanguage":"pt-BR","@id":"https:\/\/www.repam.net\/pt\/#\/schema\/person\/image\/","url":"https:\/\/secure.gravatar.com\/avatar\/b18234ea6de5d74563e52ca7bfdad9d2b029b514c935b38a2790717abf8f2e5f?s=96&d=mm&r=g","contentUrl":"https:\/\/secure.gravatar.com\/avatar\/b18234ea6de5d74563e52ca7bfdad9d2b029b514c935b38a2790717abf8f2e5f?s=96&d=mm&r=g","caption":"repam@adm"},"sameAs":["https:\/\/www.repam.net\/pt"],"url":"https:\/\/www.repam.net\/pt\/author\/repamadm\/"}]}},"_links":{"self":[{"href":"https:\/\/www.repam.net\/pt\/wp-json\/wp\/v2\/posts\/4276","targetHints":{"allow":["GET"]}}],"collection":[{"href":"https:\/\/www.repam.net\/pt\/wp-json\/wp\/v2\/posts"}],"about":[{"href":"https:\/\/www.repam.net\/pt\/wp-json\/wp\/v2\/types\/post"}],"author":[{"embeddable":true,"href":"https:\/\/www.repam.net\/pt\/wp-json\/wp\/v2\/users\/1"}],"replies":[{"embeddable":true,"href":"https:\/\/www.repam.net\/pt\/wp-json\/wp\/v2\/comments?post=4276"}],"version-history":[{"count":2,"href":"https:\/\/www.repam.net\/pt\/wp-json\/wp\/v2\/posts\/4276\/revisions"}],"predecessor-version":[{"id":4281,"href":"https:\/\/www.repam.net\/pt\/wp-json\/wp\/v2\/posts\/4276\/revisions\/4281"}],"wp:featuredmedia":[{"embeddable":true,"href":"https:\/\/www.repam.net\/pt\/wp-json\/wp\/v2\/media\/4278"}],"wp:attachment":[{"href":"https:\/\/www.repam.net\/pt\/wp-json\/wp\/v2\/media?parent=4276"}],"wp:term":[{"taxonomy":"category","embeddable":true,"href":"https:\/\/www.repam.net\/pt\/wp-json\/wp\/v2\/categories?post=4276"},{"taxonomy":"post_tag","embeddable":true,"href":"https:\/\/www.repam.net\/pt\/wp-json\/wp\/v2\/tags?post=4276"}],"curies":[{"name":"wp","href":"https:\/\/api.w.org\/{rel}","templated":true}]}}