{"id":4292,"date":"2026-04-25T11:06:10","date_gmt":"2026-04-25T14:06:10","guid":{"rendered":"https:\/\/www.repam.net\/pt\/?p=4292"},"modified":"2026-04-25T11:25:15","modified_gmt":"2026-04-25T14:25:15","slug":"dialogos-redes-territoriais","status":"publish","type":"post","link":"https:\/\/www.repam.net\/pt\/dialogos-redes-territoriais\/","title":{"rendered":"Redes territoriais de ecologia integral estabelecem di\u00e1logos com o Relator sobre Povos Ind\u00edgenas e a Miss\u00e3o Permanente da Espanha junto \u00e0 ONU"},"content":{"rendered":"<div class=\"wp-block-image\">\n<figure class=\"aligncenter size-large\"><img loading=\"lazy\" decoding=\"async\" width=\"1600\" height=\"900\" src=\"https:\/\/www.repam.net\/pt\/wp-content\/uploads\/2026\/04\/WhatsApp-Image-2026-04-24-at-5.28.11-PM-edited.jpeg\" alt=\"\" class=\"wp-image-4294\" srcset=\"https:\/\/www.repam.net\/pt\/wp-content\/uploads\/2026\/04\/WhatsApp-Image-2026-04-24-at-5.28.11-PM-edited.jpeg 1600w, https:\/\/www.repam.net\/pt\/wp-content\/uploads\/2026\/04\/WhatsApp-Image-2026-04-24-at-5.28.11-PM-edited-300x169.jpeg 300w, https:\/\/www.repam.net\/pt\/wp-content\/uploads\/2026\/04\/WhatsApp-Image-2026-04-24-at-5.28.11-PM-edited-1024x576.jpeg 1024w, https:\/\/www.repam.net\/pt\/wp-content\/uploads\/2026\/04\/WhatsApp-Image-2026-04-24-at-5.28.11-PM-edited-768x432.jpeg 768w, https:\/\/www.repam.net\/pt\/wp-content\/uploads\/2026\/04\/WhatsApp-Image-2026-04-24-at-5.28.11-PM-edited-1536x864.jpeg 1536w\" sizes=\"auto, (max-width: 1600px) 100vw, 1600px\" \/><\/figure>\n<\/div>\n\n\n<blockquote class=\"wp-block-quote is-layout-flow wp-block-quote-is-layout-flow\">\n<p><em>\u201cA Assembleia Geral se enche de cor esta semana\u201d, exclamava Annalena Baerbock, presidenta da Assembleia Geral, durante a cerim\u00f4nia de abertura do F\u00f3rum Permanente para as Quest\u00f5es Ind\u00edgenas, realizada na \u00faltima segunda-feira, 20 de maio. No entanto, n\u00e3o foi apenas a cor que tomou conta das salas e corredores da sede da ONU em Nova York.<\/em><\/p>\n<\/blockquote>\n\n\n\n<p class=\"has-text-align-left\"><strong><em>Por: Sara Diego &#8211; REPAM e Alboan<\/em><\/strong><\/p>\n\n\n\n<p>As delega\u00e7\u00f5es da Rede Eclesial Pan-Amaz\u00f4nica (REPAM), da Rede Eclesial do Grande Chaco e Aqu\u00edfero Guarani (REGCHAG) e da Rede Eclesial Ecol\u00f3gica Mesoamericana (REMAM), acompanhadas pelo CIMI, C\u00e1ritas Espanhola e Alboan, foram testemunhas de que essas cores representam conhecimento, cultura, identidade, espiritualidade, sabedoria, reivindica\u00e7\u00e3o, defesa e resist\u00eancia. Isso p\u00f4de ser transmitido, por meio de casos concretos, ao Relator Especial sobre os Direitos dos Povos Ind\u00edgenas e \u00e0 Miss\u00e3o Permanente da Espanha junto \u00e0s Na\u00e7\u00f5es Unidas, em Nova York. O objetivo: defender os direitos dos povos ind\u00edgenas e denunciar como a desprote\u00e7\u00e3o e a explora\u00e7\u00e3o de seus territ\u00f3rios provocam a viola\u00e7\u00e3o sistem\u00e1tica de seus direitos e da natureza.<\/p>\n\n\n\n<h5 class=\"wp-block-heading\"><strong>Di\u00e1logo interativo com o Relator Especial<\/strong><\/h5>\n\n\n\n<p>Na quarta-feira, 22 de abril, as delega\u00e7\u00f5es participaram do di\u00e1logo interativo sobre direitos humanos com o Relator Especial sobre os Direitos dos Povos Ind\u00edgenas e o Mecanismo de Especialistas sobre os Direitos dos Povos Ind\u00edgenas. Keila Zaya, em representa\u00e7\u00e3o do povo Mbya Guarani da comunidade Puente Quemado II, na prov\u00edncia de Misiones (Argentina), somou-se com sua interven\u00e7\u00e3o \u00e0s demandas que ecoaram na sala:<\/p>\n\n\n\n<blockquote class=\"wp-block-quote is-layout-flow wp-block-quote-is-layout-flow\">\n<p><em>\u201cNuestro territorio no es una mercanc\u00eda; es el espacio donde se sostiene nuestro modo de vida, nuestra espiritualidad y nuestra identidad. Hoy, ese modo de vida est\u00e1 en riesgo. Las consecuencias son concretas y graves para la salud de nuestra gente. La supervivencia f\u00edsica y cultural de los pueblos ind\u00edgenas \u2014y, en particular, de las mujeres y ni\u00f1as\u2014 depende de la garant\u00eda efectiva de sus derechos colectivos sobre los territorios, los recursos naturales y el acceso al agua limpia\u201d.<\/em><\/p>\n<\/blockquote>\n\n\n\n<p>As comunidades ind\u00edgenas continuam sendo criminalizadas, reprimidas e estigmatizadas. As mulheres ind\u00edgenas s\u00e3o fundamentais para a defesa do territ\u00f3rio, a prote\u00e7\u00e3o da biodiversidade, a manuten\u00e7\u00e3o das culturas ancestrais e a sustentabilidade da vida, e enfrentam desafios estruturais e interseccionais. Proteger esses direitos n\u00e3o \u00e9 apenas uma quest\u00e3o ambiental, mas uma obriga\u00e7\u00e3o internacional vinculada \u00e0 vida, \u00e0 dignidade e \u00e0 continuidade dos povos ind\u00edgenas. <em>\u201cSem territ\u00f3rio n\u00e3o h\u00e1 vida. Sem \u00e1gua limpa n\u00e3o h\u00e1 sa\u00fade. Sem sa\u00fade n\u00e3o h\u00e1 futuro para nossas crian\u00e7as.\u201d<\/em> Essas foram palavras que Lucila da Costa destacou durante o desenvolvimento do f\u00f3rum.<\/p>\n\n\n\n<h5 class=\"wp-block-heading\"><strong>Reuni\u00e3o com o Relator Especial sobre os Direitos dos Povos Ind\u00edgenas<\/strong><\/h5>\n\n\n\n<p>Na sexta-feira, 24 de abril, as tr\u00eas redes territoriais se reuniram com Albert K. Barume, Relator Especial sobre os Direitos dos Povos Ind\u00edgenas. Nesse encontro, foi feita a apresenta\u00e7\u00e3o de cinco casos concretos relacionados \u00e0 explora\u00e7\u00e3o e ocupa\u00e7\u00e3o de seus territ\u00f3rios e \u00e0 consequente viola\u00e7\u00e3o de seus direitos, percorrendo de norte a sul os territ\u00f3rios da Mesoam\u00e9rica, da Pan-Amaz\u00f4nia e do Aqu\u00edfero Guarani. Em um di\u00e1logo pr\u00f3ximo e direto, foram denunciadas as graves consequ\u00eancias que a explora\u00e7\u00e3o territorial tem sobre as terras, os direitos e a vida dos povos ind\u00edgenas.<\/p>\n\n\n\n<p>As experi\u00eancias reconhecem a figura do Relator como um aliado para promover melhorias concretas na vida dos povos ind\u00edgenas, proteger seus territ\u00f3rios e garantir seus direitos. Para isso, foram apresentadas as seguintes demandas:<\/p>\n\n\n\n<ul class=\"wp-block-list\">\n<li>A plena aplica\u00e7\u00e3o da Conven\u00e7\u00e3o 169 da OIT.<\/li>\n\n\n\n<li>A garantia da consulta livre, pr\u00e9via e informada.<\/li>\n\n\n\n<li>O reconhecimento efetivo dos povos ind\u00edgenas e de seus direitos coletivos.<\/li>\n\n\n\n<li>O fim da criminaliza\u00e7\u00e3o de pessoas defensoras e lideran\u00e7as ind\u00edgenas.<\/li>\n<\/ul>\n\n\n\n<p>Apesar dos desafios, a presen\u00e7a, a for\u00e7a e a clareza das vozes ind\u00edgenas nas Na\u00e7\u00f5es Unidas continuam abrindo caminhos de esperan\u00e7a. Suas propostas, enraizadas na defesa da vida, do territ\u00f3rio e da dignidade, s\u00e3o hoje mais necess\u00e1rias do que nunca diante de uma crise socioambiental global que exige escutar e aprender com seus saberes. No entanto, \u00e9 profundamente preocupante constatar que, enquanto essas vozes reivindicam justi\u00e7a e solu\u00e7\u00f5es, os espa\u00e7os e mecanismos destinados a garantir seus direitos parecem perder prioridade dentro do sistema das Na\u00e7\u00f5es Unidas. Reafirmar e fortalecer o mandato da ONU em mat\u00e9ria de direitos dos povos ind\u00edgenas \u00e9 um compromisso imprescind\u00edvel com a justi\u00e7a, a repara\u00e7\u00e3o e o cuidado da casa comum.<\/p>\n\n\n<div class=\"wp-block-image\">\n<figure class=\"aligncenter size-large\"><img loading=\"lazy\" decoding=\"async\" width=\"1600\" height=\"900\" src=\"https:\/\/www.repam.net\/pt\/wp-content\/uploads\/2026\/04\/WhatsApp-Image-2026-04-24-at-5.28.57-PM-edited.jpeg\" alt=\"\" class=\"wp-image-4296\" srcset=\"https:\/\/www.repam.net\/pt\/wp-content\/uploads\/2026\/04\/WhatsApp-Image-2026-04-24-at-5.28.57-PM-edited.jpeg 1600w, https:\/\/www.repam.net\/pt\/wp-content\/uploads\/2026\/04\/WhatsApp-Image-2026-04-24-at-5.28.57-PM-edited-300x169.jpeg 300w, https:\/\/www.repam.net\/pt\/wp-content\/uploads\/2026\/04\/WhatsApp-Image-2026-04-24-at-5.28.57-PM-edited-1024x576.jpeg 1024w, https:\/\/www.repam.net\/pt\/wp-content\/uploads\/2026\/04\/WhatsApp-Image-2026-04-24-at-5.28.57-PM-edited-768x432.jpeg 768w, https:\/\/www.repam.net\/pt\/wp-content\/uploads\/2026\/04\/WhatsApp-Image-2026-04-24-at-5.28.57-PM-edited-1536x864.jpeg 1536w\" sizes=\"auto, (max-width: 1600px) 100vw, 1600px\" \/><\/figure>\n<\/div>\n\n\n<h5 class=\"wp-block-heading\"><strong>Reuni\u00e3o com a Miss\u00e3o Permanente da Espanha junto \u00e0 ONU<\/strong><\/h5>\n\n\n\n<p>Em representa\u00e7\u00e3o da Miss\u00e3o Permanente da Espanha, na quinta-feira, 23 de abril, Ignacio Garc\u00eda, ministro-conselheiro, recebeu a comiss\u00e3o composta por membros da REPAM, REMAM e REGCHAG. Durante o encontro, foram denunciadas a explora\u00e7\u00e3o de seus territ\u00f3rios, a contamina\u00e7\u00e3o da \u00e1gua e as m\u00faltiplas formas de discrimina\u00e7\u00e3o e criminaliza\u00e7\u00e3o enfrentadas pelas mulheres ind\u00edgenas. As representantes das tr\u00eas redes deixaram uma s\u00e9rie de afirma\u00e7\u00f5es a serem consideradas nos espa\u00e7os de a\u00e7\u00e3o e incid\u00eancia:<\/p>\n\n\n\n<p><em>\u201cVivemos em um racismo estrutural e sist\u00eamico\u201d<\/em> (Suyapa Cacho, Gar\u00edfuna).<\/p>\n\n\n\n<p><em>\u201cPlantam pinheiros e eucaliptos que acabam com nossa floresta tradicional, com nossa medicina, com nossa vida\u201d<\/em> (Keila Zaya, povo Mbya Guarani).<\/p>\n\n\n\n<p><em>\u201c\u00c0 semente se fala, ao vento, a tudo; nossa resist\u00eancia \u00e9 viver como nos ensinaram\u201d<\/em> (Margarita Noh, povo Maia).<\/p>\n\n\n\n<p><em>\u201cO povo Nawa \u00e9 uma hist\u00f3ria de resist\u00eancia\u201d<\/em> (Lucila da Costa Moreira Nawa).<\/p>\n\n\n\n<p>Assim, destacou-se a estreita rela\u00e7\u00e3o entre a prote\u00e7\u00e3o da biodiversidade, a defesa dos territ\u00f3rios e a preserva\u00e7\u00e3o dos conhecimentos e culturas ancestrais. Considerou-se o papel das miss\u00f5es permanentes como principal elo entre os governos nacionais e as Na\u00e7\u00f5es Unidas e, reconhecendo os esfor\u00e7os j\u00e1 realizados, as redes apresentaram as seguintes recomenda\u00e7\u00f5es:<\/p>\n\n\n\n<ul class=\"wp-block-list\">\n<li>Que a Espanha continue fortalecendo o reconhecimento e a garantia do direito \u00e0 \u00e1gua em todos os espa\u00e7os das Na\u00e7\u00f5es Unidas, com especial aten\u00e7\u00e3o aos povos ind\u00edgenas.<\/li>\n\n\n\n<li>Que se mantenha seu compromisso com o fortalecimento e a visibiliza\u00e7\u00e3o dos mecanismos da ONU para os povos ind\u00edgenas, especialmente o F\u00f3rum Permanente, atualmente amea\u00e7ado por cortes or\u00e7ament\u00e1rios no sistema das Na\u00e7\u00f5es Unidas.<\/li>\n<\/ul>\n\n\n\n<p>A semana de atividades ser\u00e1 conclu\u00edda com uma s\u00e9rie de encontros da comiss\u00e3o com entidades e membros da Igreja Cat\u00f3lica nos Estados Unidos. Como foi estabelecido, espera-se que as a\u00e7\u00f5es de incid\u00eancia deste 2026 sirvam de motiva\u00e7\u00e3o para fortalecer o trabalho realizado em defesa dos povos ind\u00edgenas, de sua autonomia territorial, da defesa de seus direitos e das garantias para a ecologia integral.<\/p>\n\n\n<div class=\"wp-block-image\">\n<figure class=\"aligncenter size-large\"><img loading=\"lazy\" decoding=\"async\" width=\"1600\" height=\"900\" src=\"https:\/\/www.repam.net\/pt\/wp-content\/uploads\/2026\/04\/WhatsApp-Image-2026-04-24-at-5.28.33-PM-edited.jpeg\" alt=\"\" class=\"wp-image-4298\" srcset=\"https:\/\/www.repam.net\/pt\/wp-content\/uploads\/2026\/04\/WhatsApp-Image-2026-04-24-at-5.28.33-PM-edited.jpeg 1600w, https:\/\/www.repam.net\/pt\/wp-content\/uploads\/2026\/04\/WhatsApp-Image-2026-04-24-at-5.28.33-PM-edited-300x169.jpeg 300w, https:\/\/www.repam.net\/pt\/wp-content\/uploads\/2026\/04\/WhatsApp-Image-2026-04-24-at-5.28.33-PM-edited-1024x576.jpeg 1024w, https:\/\/www.repam.net\/pt\/wp-content\/uploads\/2026\/04\/WhatsApp-Image-2026-04-24-at-5.28.33-PM-edited-768x432.jpeg 768w, https:\/\/www.repam.net\/pt\/wp-content\/uploads\/2026\/04\/WhatsApp-Image-2026-04-24-at-5.28.33-PM-edited-1536x864.jpeg 1536w\" sizes=\"auto, (max-width: 1600px) 100vw, 1600px\" \/><\/figure>\n<\/div>","protected":false},"excerpt":{"rendered":"<p>\u201cA Assembleia Geral se enche de cor esta semana\u201d, exclamava Annalena Baerbock, presidenta da Assembleia Geral, durante a cerim\u00f4nia de abertura do F\u00f3rum Permanente para as Quest\u00f5es Ind\u00edgenas, realizada na \u00faltima segunda-feira, 20 de maio. No entanto, n\u00e3o foi apenas a cor que tomou conta das salas e corredores da sede da ONU em Nova [&hellip;]<\/p>\n","protected":false},"author":1,"featured_media":4294,"comment_status":"closed","ping_status":"closed","sticky":false,"template":"","format":"standard","meta":{"_acf_changed":false,"_uf_show_specific_survey":0,"_uf_disable_surveys":false,"footnotes":""},"categories":[56,4],"tags":[63,59,218,35,6],"class_list":["post-4292","post","type-post","status-publish","format-standard","has-post-thumbnail","hentry","category-direitos-humanos","category-noticias","tag-amazonia-2","tag-direitos-humanos","tag-nacoes-unidas","tag-povos-indigenas","tag-repam"],"acf":[],"aioseo_notices":[],"yoast_head":"<!-- This site is optimized with the Yoast SEO plugin v24.2 - https:\/\/yoast.com\/wordpress\/plugins\/seo\/ -->\n<title>Redes territoriais de ecologia integral estabelecem di\u00e1logos com o Relator sobre Povos Ind\u00edgenas e a Miss\u00e3o Permanente da Espanha junto \u00e0 ONU - Repam<\/title>\n<meta name=\"description\" content=\"\u201cA Assembleia Geral se enche de cor esta semana\u201d, exclamava Annalena Baerbock, presidenta da Assembleia Geral, durante a cerim\u00f4nia de abertura do F\u00f3rum Permanente para as Quest\u00f5es Ind\u00edgenas, realizada na \u00faltima segunda-feira, 20 de maio. No entanto, n\u00e3o foi apenas a cor que tomou conta das salas e corredores da sede da ONU em Nova York.\" \/>\n<meta name=\"robots\" content=\"index, follow, max-snippet:-1, max-image-preview:large, max-video-preview:-1\" \/>\n<link rel=\"canonical\" href=\"https:\/\/www.repam.net\/pt\/dialogos-redes-territoriais\/\" \/>\n<meta property=\"og:locale\" content=\"pt_BR\" \/>\n<meta property=\"og:type\" content=\"article\" \/>\n<meta property=\"og:title\" content=\"Redes territoriais de ecologia integral estabelecem di\u00e1logos com o Relator sobre Povos Ind\u00edgenas e a Miss\u00e3o Permanente da Espanha junto \u00e0 ONU - Repam\" \/>\n<meta property=\"og:description\" content=\"\u201cA Assembleia Geral se enche de cor esta semana\u201d, exclamava Annalena Baerbock, presidenta da Assembleia Geral, durante a cerim\u00f4nia de abertura do F\u00f3rum Permanente para as Quest\u00f5es Ind\u00edgenas, realizada na \u00faltima segunda-feira, 20 de maio. No entanto, n\u00e3o foi apenas a cor que tomou conta das salas e corredores da sede da ONU em Nova York.\" \/>\n<meta property=\"og:url\" content=\"https:\/\/www.repam.net\/pt\/dialogos-redes-territoriais\/\" \/>\n<meta property=\"og:site_name\" content=\"Repam\" \/>\n<meta property=\"article:published_time\" content=\"2026-04-25T14:06:10+00:00\" \/>\n<meta property=\"article:modified_time\" content=\"2026-04-25T14:25:15+00:00\" \/>\n<meta property=\"og:image\" content=\"https:\/\/www.repam.net\/pt\/wp-content\/uploads\/2026\/04\/WhatsApp-Image-2026-04-24-at-5.28.11-PM-edited.jpeg\" \/>\n\t<meta property=\"og:image:width\" content=\"1600\" \/>\n\t<meta property=\"og:image:height\" content=\"900\" \/>\n\t<meta property=\"og:image:type\" content=\"image\/jpeg\" \/>\n<meta name=\"author\" content=\"repam@adm\" \/>\n<meta name=\"twitter:card\" content=\"summary_large_image\" \/>\n<meta name=\"twitter:label1\" content=\"Escrito por\" \/>\n\t<meta name=\"twitter:data1\" content=\"repam@adm\" \/>\n\t<meta name=\"twitter:label2\" content=\"Est. tempo de leitura\" \/>\n\t<meta name=\"twitter:data2\" content=\"6 minutos\" \/>\n<script type=\"application\/ld+json\" class=\"yoast-schema-graph\">{\"@context\":\"https:\/\/schema.org\",\"@graph\":[{\"@type\":\"Article\",\"@id\":\"https:\/\/www.repam.net\/pt\/dialogos-redes-territoriais\/#article\",\"isPartOf\":{\"@id\":\"https:\/\/www.repam.net\/pt\/dialogos-redes-territoriais\/\"},\"author\":{\"name\":\"repam@adm\",\"@id\":\"https:\/\/www.repam.net\/pt\/#\/schema\/person\/b6f20b09de002e56f342d9b3a5143d51\"},\"headline\":\"Redes territoriais de ecologia integral estabelecem di\u00e1logos com o Relator sobre Povos Ind\u00edgenas e a Miss\u00e3o Permanente da Espanha junto \u00e0 ONU\",\"datePublished\":\"2026-04-25T14:06:10+00:00\",\"dateModified\":\"2026-04-25T14:25:15+00:00\",\"mainEntityOfPage\":{\"@id\":\"https:\/\/www.repam.net\/pt\/dialogos-redes-territoriais\/\"},\"wordCount\":1170,\"publisher\":{\"@id\":\"https:\/\/www.repam.net\/pt\/#organization\"},\"image\":{\"@id\":\"https:\/\/www.repam.net\/pt\/dialogos-redes-territoriais\/#primaryimage\"},\"thumbnailUrl\":\"https:\/\/www.repam.net\/pt\/wp-content\/uploads\/2026\/04\/WhatsApp-Image-2026-04-24-at-5.28.11-PM-edited.jpeg\",\"keywords\":[\"amazonia\",\"Direitos Humanos\",\"Na\u00e7oes Unidas\",\"Povos Ind\u00edgenas\",\"REPAM\"],\"articleSection\":[\"Direitos Humanos\",\"Not\u00edcias\"],\"inLanguage\":\"pt-BR\"},{\"@type\":\"WebPage\",\"@id\":\"https:\/\/www.repam.net\/pt\/dialogos-redes-territoriais\/\",\"url\":\"https:\/\/www.repam.net\/pt\/dialogos-redes-territoriais\/\",\"name\":\"Redes territoriais de ecologia integral estabelecem di\u00e1logos com o Relator sobre Povos Ind\u00edgenas e a Miss\u00e3o Permanente da Espanha junto \u00e0 ONU - Repam\",\"isPartOf\":{\"@id\":\"https:\/\/www.repam.net\/pt\/#website\"},\"primaryImageOfPage\":{\"@id\":\"https:\/\/www.repam.net\/pt\/dialogos-redes-territoriais\/#primaryimage\"},\"image\":{\"@id\":\"https:\/\/www.repam.net\/pt\/dialogos-redes-territoriais\/#primaryimage\"},\"thumbnailUrl\":\"https:\/\/www.repam.net\/pt\/wp-content\/uploads\/2026\/04\/WhatsApp-Image-2026-04-24-at-5.28.11-PM-edited.jpeg\",\"datePublished\":\"2026-04-25T14:06:10+00:00\",\"dateModified\":\"2026-04-25T14:25:15+00:00\",\"description\":\"\u201cA Assembleia Geral se enche de cor esta semana\u201d, exclamava Annalena Baerbock, presidenta da Assembleia Geral, durante a cerim\u00f4nia de abertura do F\u00f3rum Permanente para as Quest\u00f5es Ind\u00edgenas, realizada na \u00faltima segunda-feira, 20 de maio. No entanto, n\u00e3o foi apenas a cor que tomou conta das salas e corredores da sede da ONU em Nova York.\",\"breadcrumb\":{\"@id\":\"https:\/\/www.repam.net\/pt\/dialogos-redes-territoriais\/#breadcrumb\"},\"inLanguage\":\"pt-BR\",\"potentialAction\":[{\"@type\":\"ReadAction\",\"target\":[\"https:\/\/www.repam.net\/pt\/dialogos-redes-territoriais\/\"]}]},{\"@type\":\"ImageObject\",\"inLanguage\":\"pt-BR\",\"@id\":\"https:\/\/www.repam.net\/pt\/dialogos-redes-territoriais\/#primaryimage\",\"url\":\"https:\/\/www.repam.net\/pt\/wp-content\/uploads\/2026\/04\/WhatsApp-Image-2026-04-24-at-5.28.11-PM-edited.jpeg\",\"contentUrl\":\"https:\/\/www.repam.net\/pt\/wp-content\/uploads\/2026\/04\/WhatsApp-Image-2026-04-24-at-5.28.11-PM-edited.jpeg\",\"width\":1600,\"height\":900},{\"@type\":\"BreadcrumbList\",\"@id\":\"https:\/\/www.repam.net\/pt\/dialogos-redes-territoriais\/#breadcrumb\",\"itemListElement\":[{\"@type\":\"ListItem\",\"position\":1,\"name\":\"In\u00edcio\",\"item\":\"https:\/\/www.repam.net\/pt\/\"},{\"@type\":\"ListItem\",\"position\":2,\"name\":\"Redes territoriais de ecologia integral estabelecem di\u00e1logos com o Relator sobre Povos Ind\u00edgenas e a Miss\u00e3o Permanente da Espanha junto \u00e0 ONU\"}]},{\"@type\":\"WebSite\",\"@id\":\"https:\/\/www.repam.net\/pt\/#website\",\"url\":\"https:\/\/www.repam.net\/pt\/\",\"name\":\"Repam\",\"description\":\"Rede Eclesial Pan-amaz\u00f4nica\",\"publisher\":{\"@id\":\"https:\/\/www.repam.net\/pt\/#organization\"},\"potentialAction\":[{\"@type\":\"SearchAction\",\"target\":{\"@type\":\"EntryPoint\",\"urlTemplate\":\"https:\/\/www.repam.net\/pt\/?s={search_term_string}\"},\"query-input\":{\"@type\":\"PropertyValueSpecification\",\"valueRequired\":true,\"valueName\":\"search_term_string\"}}],\"inLanguage\":\"pt-BR\"},{\"@type\":\"Organization\",\"@id\":\"https:\/\/www.repam.net\/pt\/#organization\",\"name\":\"Repam\",\"url\":\"https:\/\/www.repam.net\/pt\/\",\"logo\":{\"@type\":\"ImageObject\",\"inLanguage\":\"pt-BR\",\"@id\":\"https:\/\/www.repam.net\/pt\/#\/schema\/logo\/image\/\",\"url\":\"https:\/\/www.repam.net\/pt\/wp-content\/uploads\/2022\/02\/15.-REPAM-BRASIL.jpg\",\"contentUrl\":\"https:\/\/www.repam.net\/pt\/wp-content\/uploads\/2022\/02\/15.-REPAM-BRASIL.jpg\",\"width\":231,\"height\":230,\"caption\":\"Repam\"},\"image\":{\"@id\":\"https:\/\/www.repam.net\/pt\/#\/schema\/logo\/image\/\"}},{\"@type\":\"Person\",\"@id\":\"https:\/\/www.repam.net\/pt\/#\/schema\/person\/b6f20b09de002e56f342d9b3a5143d51\",\"name\":\"repam@adm\",\"image\":{\"@type\":\"ImageObject\",\"inLanguage\":\"pt-BR\",\"@id\":\"https:\/\/www.repam.net\/pt\/#\/schema\/person\/image\/\",\"url\":\"https:\/\/secure.gravatar.com\/avatar\/b18234ea6de5d74563e52ca7bfdad9d2b029b514c935b38a2790717abf8f2e5f?s=96&d=mm&r=g\",\"contentUrl\":\"https:\/\/secure.gravatar.com\/avatar\/b18234ea6de5d74563e52ca7bfdad9d2b029b514c935b38a2790717abf8f2e5f?s=96&d=mm&r=g\",\"caption\":\"repam@adm\"},\"sameAs\":[\"https:\/\/www.repam.net\/pt\"],\"url\":\"https:\/\/www.repam.net\/pt\/author\/repamadm\/\"}]}<\/script>\n<!-- \/ Yoast SEO plugin. -->","yoast_head_json":{"title":"Redes territoriais de ecologia integral estabelecem di\u00e1logos com o Relator sobre Povos Ind\u00edgenas e a Miss\u00e3o Permanente da Espanha junto \u00e0 ONU - Repam","description":"\u201cA Assembleia Geral se enche de cor esta semana\u201d, exclamava Annalena Baerbock, presidenta da Assembleia Geral, durante a cerim\u00f4nia de abertura do F\u00f3rum Permanente para as Quest\u00f5es Ind\u00edgenas, realizada na \u00faltima segunda-feira, 20 de maio. No entanto, n\u00e3o foi apenas a cor que tomou conta das salas e corredores da sede da ONU em Nova York.","robots":{"index":"index","follow":"follow","max-snippet":"max-snippet:-1","max-image-preview":"max-image-preview:large","max-video-preview":"max-video-preview:-1"},"canonical":"https:\/\/www.repam.net\/pt\/dialogos-redes-territoriais\/","og_locale":"pt_BR","og_type":"article","og_title":"Redes territoriais de ecologia integral estabelecem di\u00e1logos com o Relator sobre Povos Ind\u00edgenas e a Miss\u00e3o Permanente da Espanha junto \u00e0 ONU - Repam","og_description":"\u201cA Assembleia Geral se enche de cor esta semana\u201d, exclamava Annalena Baerbock, presidenta da Assembleia Geral, durante a cerim\u00f4nia de abertura do F\u00f3rum Permanente para as Quest\u00f5es Ind\u00edgenas, realizada na \u00faltima segunda-feira, 20 de maio. No entanto, n\u00e3o foi apenas a cor que tomou conta das salas e corredores da sede da ONU em Nova York.","og_url":"https:\/\/www.repam.net\/pt\/dialogos-redes-territoriais\/","og_site_name":"Repam","article_published_time":"2026-04-25T14:06:10+00:00","article_modified_time":"2026-04-25T14:25:15+00:00","og_image":[{"width":1600,"height":900,"url":"https:\/\/www.repam.net\/pt\/wp-content\/uploads\/2026\/04\/WhatsApp-Image-2026-04-24-at-5.28.11-PM-edited.jpeg","type":"image\/jpeg"}],"author":"repam@adm","twitter_card":"summary_large_image","twitter_misc":{"Escrito por":"repam@adm","Est. tempo de leitura":"6 minutos"},"schema":{"@context":"https:\/\/schema.org","@graph":[{"@type":"Article","@id":"https:\/\/www.repam.net\/pt\/dialogos-redes-territoriais\/#article","isPartOf":{"@id":"https:\/\/www.repam.net\/pt\/dialogos-redes-territoriais\/"},"author":{"name":"repam@adm","@id":"https:\/\/www.repam.net\/pt\/#\/schema\/person\/b6f20b09de002e56f342d9b3a5143d51"},"headline":"Redes territoriais de ecologia integral estabelecem di\u00e1logos com o Relator sobre Povos Ind\u00edgenas e a Miss\u00e3o Permanente da Espanha junto \u00e0 ONU","datePublished":"2026-04-25T14:06:10+00:00","dateModified":"2026-04-25T14:25:15+00:00","mainEntityOfPage":{"@id":"https:\/\/www.repam.net\/pt\/dialogos-redes-territoriais\/"},"wordCount":1170,"publisher":{"@id":"https:\/\/www.repam.net\/pt\/#organization"},"image":{"@id":"https:\/\/www.repam.net\/pt\/dialogos-redes-territoriais\/#primaryimage"},"thumbnailUrl":"https:\/\/www.repam.net\/pt\/wp-content\/uploads\/2026\/04\/WhatsApp-Image-2026-04-24-at-5.28.11-PM-edited.jpeg","keywords":["amazonia","Direitos Humanos","Na\u00e7oes Unidas","Povos Ind\u00edgenas","REPAM"],"articleSection":["Direitos Humanos","Not\u00edcias"],"inLanguage":"pt-BR"},{"@type":"WebPage","@id":"https:\/\/www.repam.net\/pt\/dialogos-redes-territoriais\/","url":"https:\/\/www.repam.net\/pt\/dialogos-redes-territoriais\/","name":"Redes territoriais de ecologia integral estabelecem di\u00e1logos com o Relator sobre Povos Ind\u00edgenas e a Miss\u00e3o Permanente da Espanha junto \u00e0 ONU - Repam","isPartOf":{"@id":"https:\/\/www.repam.net\/pt\/#website"},"primaryImageOfPage":{"@id":"https:\/\/www.repam.net\/pt\/dialogos-redes-territoriais\/#primaryimage"},"image":{"@id":"https:\/\/www.repam.net\/pt\/dialogos-redes-territoriais\/#primaryimage"},"thumbnailUrl":"https:\/\/www.repam.net\/pt\/wp-content\/uploads\/2026\/04\/WhatsApp-Image-2026-04-24-at-5.28.11-PM-edited.jpeg","datePublished":"2026-04-25T14:06:10+00:00","dateModified":"2026-04-25T14:25:15+00:00","description":"\u201cA Assembleia Geral se enche de cor esta semana\u201d, exclamava Annalena Baerbock, presidenta da Assembleia Geral, durante a cerim\u00f4nia de abertura do F\u00f3rum Permanente para as Quest\u00f5es Ind\u00edgenas, realizada na \u00faltima segunda-feira, 20 de maio. No entanto, n\u00e3o foi apenas a cor que tomou conta das salas e corredores da sede da ONU em Nova York.","breadcrumb":{"@id":"https:\/\/www.repam.net\/pt\/dialogos-redes-territoriais\/#breadcrumb"},"inLanguage":"pt-BR","potentialAction":[{"@type":"ReadAction","target":["https:\/\/www.repam.net\/pt\/dialogos-redes-territoriais\/"]}]},{"@type":"ImageObject","inLanguage":"pt-BR","@id":"https:\/\/www.repam.net\/pt\/dialogos-redes-territoriais\/#primaryimage","url":"https:\/\/www.repam.net\/pt\/wp-content\/uploads\/2026\/04\/WhatsApp-Image-2026-04-24-at-5.28.11-PM-edited.jpeg","contentUrl":"https:\/\/www.repam.net\/pt\/wp-content\/uploads\/2026\/04\/WhatsApp-Image-2026-04-24-at-5.28.11-PM-edited.jpeg","width":1600,"height":900},{"@type":"BreadcrumbList","@id":"https:\/\/www.repam.net\/pt\/dialogos-redes-territoriais\/#breadcrumb","itemListElement":[{"@type":"ListItem","position":1,"name":"In\u00edcio","item":"https:\/\/www.repam.net\/pt\/"},{"@type":"ListItem","position":2,"name":"Redes territoriais de ecologia integral estabelecem di\u00e1logos com o Relator sobre Povos Ind\u00edgenas e a Miss\u00e3o Permanente da Espanha junto \u00e0 ONU"}]},{"@type":"WebSite","@id":"https:\/\/www.repam.net\/pt\/#website","url":"https:\/\/www.repam.net\/pt\/","name":"Repam","description":"Rede Eclesial Pan-amaz\u00f4nica","publisher":{"@id":"https:\/\/www.repam.net\/pt\/#organization"},"potentialAction":[{"@type":"SearchAction","target":{"@type":"EntryPoint","urlTemplate":"https:\/\/www.repam.net\/pt\/?s={search_term_string}"},"query-input":{"@type":"PropertyValueSpecification","valueRequired":true,"valueName":"search_term_string"}}],"inLanguage":"pt-BR"},{"@type":"Organization","@id":"https:\/\/www.repam.net\/pt\/#organization","name":"Repam","url":"https:\/\/www.repam.net\/pt\/","logo":{"@type":"ImageObject","inLanguage":"pt-BR","@id":"https:\/\/www.repam.net\/pt\/#\/schema\/logo\/image\/","url":"https:\/\/www.repam.net\/pt\/wp-content\/uploads\/2022\/02\/15.-REPAM-BRASIL.jpg","contentUrl":"https:\/\/www.repam.net\/pt\/wp-content\/uploads\/2022\/02\/15.-REPAM-BRASIL.jpg","width":231,"height":230,"caption":"Repam"},"image":{"@id":"https:\/\/www.repam.net\/pt\/#\/schema\/logo\/image\/"}},{"@type":"Person","@id":"https:\/\/www.repam.net\/pt\/#\/schema\/person\/b6f20b09de002e56f342d9b3a5143d51","name":"repam@adm","image":{"@type":"ImageObject","inLanguage":"pt-BR","@id":"https:\/\/www.repam.net\/pt\/#\/schema\/person\/image\/","url":"https:\/\/secure.gravatar.com\/avatar\/b18234ea6de5d74563e52ca7bfdad9d2b029b514c935b38a2790717abf8f2e5f?s=96&d=mm&r=g","contentUrl":"https:\/\/secure.gravatar.com\/avatar\/b18234ea6de5d74563e52ca7bfdad9d2b029b514c935b38a2790717abf8f2e5f?s=96&d=mm&r=g","caption":"repam@adm"},"sameAs":["https:\/\/www.repam.net\/pt"],"url":"https:\/\/www.repam.net\/pt\/author\/repamadm\/"}]}},"_links":{"self":[{"href":"https:\/\/www.repam.net\/pt\/wp-json\/wp\/v2\/posts\/4292","targetHints":{"allow":["GET"]}}],"collection":[{"href":"https:\/\/www.repam.net\/pt\/wp-json\/wp\/v2\/posts"}],"about":[{"href":"https:\/\/www.repam.net\/pt\/wp-json\/wp\/v2\/types\/post"}],"author":[{"embeddable":true,"href":"https:\/\/www.repam.net\/pt\/wp-json\/wp\/v2\/users\/1"}],"replies":[{"embeddable":true,"href":"https:\/\/www.repam.net\/pt\/wp-json\/wp\/v2\/comments?post=4292"}],"version-history":[{"count":3,"href":"https:\/\/www.repam.net\/pt\/wp-json\/wp\/v2\/posts\/4292\/revisions"}],"predecessor-version":[{"id":4301,"href":"https:\/\/www.repam.net\/pt\/wp-json\/wp\/v2\/posts\/4292\/revisions\/4301"}],"wp:featuredmedia":[{"embeddable":true,"href":"https:\/\/www.repam.net\/pt\/wp-json\/wp\/v2\/media\/4294"}],"wp:attachment":[{"href":"https:\/\/www.repam.net\/pt\/wp-json\/wp\/v2\/media?parent=4292"}],"wp:term":[{"taxonomy":"category","embeddable":true,"href":"https:\/\/www.repam.net\/pt\/wp-json\/wp\/v2\/categories?post=4292"},{"taxonomy":"post_tag","embeddable":true,"href":"https:\/\/www.repam.net\/pt\/wp-json\/wp\/v2\/tags?post=4292"}],"curies":[{"name":"wp","href":"https:\/\/api.w.org\/{rel}","templated":true}]}}