{"id":4304,"date":"2026-04-27T15:39:06","date_gmt":"2026-04-27T18:39:06","guid":{"rendered":"https:\/\/www.repam.net\/pt\/?p=4304"},"modified":"2026-04-27T15:39:08","modified_gmt":"2026-04-27T18:39:08","slug":"tres-principios-chave-na-transicao","status":"publish","type":"post","link":"https:\/\/www.repam.net\/pt\/tres-principios-chave-na-transicao\/","title":{"rendered":"Soberania, autonomia e justi\u00e7a, tr\u00eas princ\u00edpios-chave na transi\u00e7\u00e3o energ\u00e9tica"},"content":{"rendered":"<div class=\"wp-block-image\">\n<figure class=\"aligncenter size-large\"><img loading=\"lazy\" decoding=\"async\" width=\"1280\" height=\"720\" src=\"https:\/\/www.repam.net\/pt\/wp-content\/uploads\/2026\/04\/WhatsApp-Image-2026-04-27-at-1.22.45-PM-edited.jpeg\" alt=\"\" class=\"wp-image-4306\" srcset=\"https:\/\/www.repam.net\/pt\/wp-content\/uploads\/2026\/04\/WhatsApp-Image-2026-04-27-at-1.22.45-PM-edited.jpeg 1280w, https:\/\/www.repam.net\/pt\/wp-content\/uploads\/2026\/04\/WhatsApp-Image-2026-04-27-at-1.22.45-PM-edited-300x169.jpeg 300w, https:\/\/www.repam.net\/pt\/wp-content\/uploads\/2026\/04\/WhatsApp-Image-2026-04-27-at-1.22.45-PM-edited-1024x576.jpeg 1024w, https:\/\/www.repam.net\/pt\/wp-content\/uploads\/2026\/04\/WhatsApp-Image-2026-04-27-at-1.22.45-PM-edited-768x432.jpeg 768w\" sizes=\"auto, (max-width: 1280px) 100vw, 1280px\" \/><\/figure>\n<\/div>\n\n\n<blockquote class=\"wp-block-quote is-layout-flow wp-block-quote-is-layout-flow\">\n<p><em><em>Durante a Confer\u00eancia \u201cTerrit\u00f3rios Livres de Combust\u00edveis F\u00f3sseis\u201d, a Rede Eclesial Pan-Amaz\u00f4nica (REPAM) p\u00f4de manifestar seu sentir e sua posi\u00e7\u00e3o em rela\u00e7\u00e3o ao tema. Ximena Lombana, secret\u00e1ria executiva da rede, deixou claro um conjunto de princ\u00edpios a serem considerados nos processos de transi\u00e7\u00e3o energ\u00e9tica. Levar em conta certos princ\u00edpios e direitos dos povos \u00e9 o ponto de partida neste processo t\u00e3o necess\u00e1rio.<\/em><\/em><\/p>\n<\/blockquote>\n\n\n\n<p><strong><em>Por: Equipe de Comunica\u00e7\u00f5es da REPAM<\/em><\/strong><\/p>\n\n\n\n<p>No \u00e2mbito da I Confer\u00eancia Internacional para a Transi\u00e7\u00e3o al\u00e9m dos Combust\u00edveis F\u00f3sseis, foi realizada uma s\u00e9rie de eventos nos quais institui\u00e7\u00f5es da sociedade civil, movimentos sociais, redes de trabalho e organismos eclesiais refletiram sobre diversos aspectos a considerar nesse tipo de processo. Por parte da REPAM, foi apresentada uma posi\u00e7\u00e3o firme sobre esse processo que est\u00e1 em curso em v\u00e1rias partes do planeta<em>: \u201c\u2026como REPAM, consideramos que h\u00e1 tr\u00eas princ\u00edpios essenciais \u2014 a autonomia, a soberania e a justi\u00e7a \u2014 para garantir que a transi\u00e7\u00e3o energ\u00e9tica n\u00e3o aprofunde desigualdades\u201d,<\/em> afirmou Ximena Lombana, secret\u00e1ria executiva da REPAM, durante a confer\u00eancia Territ\u00f3rios Livres de Combust\u00edveis F\u00f3sseis.<\/p>\n\n\n\n<h5 class=\"wp-block-heading\"><strong><strong>Contextos e direitos<\/strong><\/strong><\/h5>\n\n\n\n<p>Dar passos rumo \u00e0 transi\u00e7\u00e3o energ\u00e9tica implica uma s\u00e9rie de responsabilidades por parte dos governos, das popula\u00e7\u00f5es e das entidades envolvidas. A partir da perspectiva da REPAM, entende-se que, ao falar de um territ\u00f3rio livre de combust\u00edveis f\u00f3sseis, n\u00e3o se trata apenas de se referir ao petr\u00f3leo, mas a todas as din\u00e2micas, problem\u00e1ticas e potencialidades dos territ\u00f3rios. Nas palavras da Secret\u00e1ria Executiva da REPAM: <em>\u201cNa floresta, sempre se fala a partir da pobreza e, como REPAM, consideramos que se trata de um empobrecimento provocado pelo modelo que tem predominado e saqueado nossa querida Amaz\u00f4nia\u201d.<\/em> Apesar dos dados que podem ser apresentados sobre o avan\u00e7o da transi\u00e7\u00e3o energ\u00e9tica, \u00e9 v\u00e1lido argumentar que, na maioria dos casos, desconhecem perspectivas e direitos pr\u00f3prios dos povos, que s\u00e3o necess\u00e1rios para a verdadeira justi\u00e7a e igualdade.<\/p>\n\n\n\n<p>Por isso, referir-se \u00e0 autonomia, \u00e0 soberania e \u00e0 justi\u00e7a como princ\u00edpios-chave da transi\u00e7\u00e3o energ\u00e9tica \u00e9 fundamental em um processo global que, sob a bandeira da prote\u00e7\u00e3o do meio ambiente e da vida, continua colocando interesses econ\u00f4micos acima dos direitos dos povos. Vale destacar que, a partir da autonomia, os povos t\u00eam o direito de dizer <em>\u201cN\u00e3o\u201d,<\/em> um princ\u00edpio que refor\u00e7a as condi\u00e7\u00f5es de soberania e justi\u00e7a, valoriza processos como a consulta pr\u00e9via e reivindica o direito dos povos de decidir sobre as a\u00e7\u00f5es dentro de um espa\u00e7o com o qual convivem e se relacionam.<\/p>\n\n\n\n<h5 class=\"wp-block-heading\"><strong><strong>Rumo a uma perspectiva global<\/strong><\/strong><\/h5>\n\n\n\n<p>Ximena Lombana, como porta-voz da REPAM, deixou uma quest\u00e3o para analisar e considerar dentro do processo de transi\u00e7\u00e3o: <em>\u201cComo, a partir de uma abordagem de bacias, de biomas e de fronteiras, poder\u00edamos fazer um planejamento regional territorial?\u201d<\/em> e fazer com que os esfor\u00e7os de todos aqueles que trabalham em diferentes partes do territ\u00f3rio se unam em uma \u00fanica vis\u00e3o \u2014 da Amaz\u00f4nia, de toda a Am\u00e9rica Latina e do Caribe como territ\u00f3rios de \u00e1gua. E \u00e9 que, como se sabe, os projetos de extra\u00e7\u00e3o de hidrocarbonetos e de infraestrutura regional tendem a ser transnacionais. Ent\u00e3o<em>, \u201ccomo mudamos nossas l\u00f3gicas para essa perspectiva regional, amparada nos princ\u00edpios de autonomia e no direito de dizer N\u00e3o?\u201d,<\/em> foi a pergunta da Secret\u00e1ria Executiva da REPAM aos presentes no painel.<\/p>\n\n\n\n<p>Como conclus\u00e3o e projetando a\u00e7\u00f5es necess\u00e1rias, a REPAM prop\u00f5e, diante do atual cen\u00e1rio de transi\u00e7\u00e3o, que se reivindiquem instrumentos internacionais juridicamente vinculantes que regulem a produ\u00e7\u00e3o e o fornecimento de combust\u00edveis f\u00f3sseis, que estabele\u00e7am obriga\u00e7\u00f5es e mecanismos concretos de san\u00e7\u00e3o, que regulem e estruturem a participa\u00e7\u00e3o e a tomada de decis\u00e3o dos povos, que permitam uma elimina\u00e7\u00e3o progressiva e planejada e que evitem que os custos recaiam sobre aqueles que n\u00e3o s\u00e3o respons\u00e1veis pelos danos e que acabam sendo os mais vulner\u00e1veis. Al\u00e9m disso, fica clara a necessidade de mecanismos para a prote\u00e7\u00e3o daqueles que cuidam e defendem a vida; e que, sem soberania alimentar, energ\u00e9tica e h\u00eddrica, n\u00e3o podemos falar de territ\u00f3rios livres de combust\u00edveis f\u00f3sseis.<\/p>\n","protected":false},"excerpt":{"rendered":"<p>Durante a Confer\u00eancia \u201cTerrit\u00f3rios Livres de Combust\u00edveis F\u00f3sseis\u201d, a Rede Eclesial Pan-Amaz\u00f4nica (REPAM) p\u00f4de manifestar seu sentir e sua posi\u00e7\u00e3o em rela\u00e7\u00e3o ao tema. Ximena Lombana, secret\u00e1ria executiva da rede, deixou claro um conjunto de princ\u00edpios a serem considerados nos processos de transi\u00e7\u00e3o energ\u00e9tica. Levar em conta certos princ\u00edpios e direitos dos povos \u00e9 o [&hellip;]<\/p>\n","protected":false},"author":1,"featured_media":4306,"comment_status":"closed","ping_status":"closed","sticky":false,"template":"","format":"standard","meta":{"_acf_changed":false,"_uf_show_specific_survey":0,"_uf_disable_surveys":false,"footnotes":""},"categories":[4],"tags":[63,31,59,34,6],"class_list":["post-4304","post","type-post","status-publish","format-standard","has-post-thumbnail","hentry","category-noticias","tag-amazonia-2","tag-colombia","tag-direitos-humanos","tag-ecologia-integral","tag-repam"],"acf":[],"aioseo_notices":[],"yoast_head":"<!-- This site is optimized with the Yoast SEO plugin v24.2 - https:\/\/yoast.com\/wordpress\/plugins\/seo\/ -->\n<title>Soberania, autonomia e justi\u00e7a, tr\u00eas princ\u00edpios-chave na transi\u00e7\u00e3o energ\u00e9tica - Repam<\/title>\n<meta name=\"description\" content=\"Durante a Confer\u00eancia \u201cTerrit\u00f3rios Livres de Combust\u00edveis F\u00f3sseis\u201d, a Rede Eclesial Pan-Amaz\u00f4nica (REPAM) p\u00f4de manifestar seu sentir e sua posi\u00e7\u00e3o em rela\u00e7\u00e3o ao tema. Ximena Lombana, secret\u00e1ria executiva da rede, deixou claro um conjunto de princ\u00edpios a serem considerados nos processos de transi\u00e7\u00e3o energ\u00e9tica. Levar em conta certos princ\u00edpios e direitos dos povos \u00e9 o ponto de partida neste processo t\u00e3o necess\u00e1rio.\" \/>\n<meta name=\"robots\" content=\"index, follow, max-snippet:-1, max-image-preview:large, max-video-preview:-1\" \/>\n<link rel=\"canonical\" href=\"https:\/\/www.repam.net\/pt\/tres-principios-chave-na-transicao\/\" \/>\n<meta property=\"og:locale\" content=\"pt_BR\" \/>\n<meta property=\"og:type\" content=\"article\" \/>\n<meta property=\"og:title\" content=\"Soberania, autonomia e justi\u00e7a, tr\u00eas princ\u00edpios-chave na transi\u00e7\u00e3o energ\u00e9tica - Repam\" \/>\n<meta property=\"og:description\" content=\"Durante a Confer\u00eancia \u201cTerrit\u00f3rios Livres de Combust\u00edveis F\u00f3sseis\u201d, a Rede Eclesial Pan-Amaz\u00f4nica (REPAM) p\u00f4de manifestar seu sentir e sua posi\u00e7\u00e3o em rela\u00e7\u00e3o ao tema. Ximena Lombana, secret\u00e1ria executiva da rede, deixou claro um conjunto de princ\u00edpios a serem considerados nos processos de transi\u00e7\u00e3o energ\u00e9tica. Levar em conta certos princ\u00edpios e direitos dos povos \u00e9 o ponto de partida neste processo t\u00e3o necess\u00e1rio.\" \/>\n<meta property=\"og:url\" content=\"https:\/\/www.repam.net\/pt\/tres-principios-chave-na-transicao\/\" \/>\n<meta property=\"og:site_name\" content=\"Repam\" \/>\n<meta property=\"article:published_time\" content=\"2026-04-27T18:39:06+00:00\" \/>\n<meta property=\"article:modified_time\" content=\"2026-04-27T18:39:08+00:00\" \/>\n<meta property=\"og:image\" content=\"https:\/\/www.repam.net\/pt\/wp-content\/uploads\/2026\/04\/WhatsApp-Image-2026-04-27-at-1.22.45-PM-edited.jpeg\" \/>\n\t<meta property=\"og:image:width\" content=\"1280\" \/>\n\t<meta property=\"og:image:height\" content=\"720\" \/>\n\t<meta property=\"og:image:type\" content=\"image\/jpeg\" \/>\n<meta name=\"author\" content=\"repam@adm\" \/>\n<meta name=\"twitter:card\" content=\"summary_large_image\" \/>\n<meta name=\"twitter:label1\" content=\"Escrito por\" \/>\n\t<meta name=\"twitter:data1\" content=\"repam@adm\" \/>\n\t<meta name=\"twitter:label2\" content=\"Est. tempo de leitura\" \/>\n\t<meta name=\"twitter:data2\" content=\"4 minutos\" \/>\n<script type=\"application\/ld+json\" class=\"yoast-schema-graph\">{\"@context\":\"https:\/\/schema.org\",\"@graph\":[{\"@type\":\"Article\",\"@id\":\"https:\/\/www.repam.net\/pt\/tres-principios-chave-na-transicao\/#article\",\"isPartOf\":{\"@id\":\"https:\/\/www.repam.net\/pt\/tres-principios-chave-na-transicao\/\"},\"author\":{\"name\":\"repam@adm\",\"@id\":\"https:\/\/www.repam.net\/pt\/#\/schema\/person\/b6f20b09de002e56f342d9b3a5143d51\"},\"headline\":\"Soberania, autonomia e justi\u00e7a, tr\u00eas princ\u00edpios-chave na transi\u00e7\u00e3o energ\u00e9tica\",\"datePublished\":\"2026-04-27T18:39:06+00:00\",\"dateModified\":\"2026-04-27T18:39:08+00:00\",\"mainEntityOfPage\":{\"@id\":\"https:\/\/www.repam.net\/pt\/tres-principios-chave-na-transicao\/\"},\"wordCount\":768,\"publisher\":{\"@id\":\"https:\/\/www.repam.net\/pt\/#organization\"},\"image\":{\"@id\":\"https:\/\/www.repam.net\/pt\/tres-principios-chave-na-transicao\/#primaryimage\"},\"thumbnailUrl\":\"https:\/\/www.repam.net\/pt\/wp-content\/uploads\/2026\/04\/WhatsApp-Image-2026-04-27-at-1.22.45-PM-edited.jpeg\",\"keywords\":[\"amazonia\",\"Col\u00f4mbia\",\"Direitos Humanos\",\"Ecologia Integral\",\"REPAM\"],\"articleSection\":[\"Not\u00edcias\"],\"inLanguage\":\"pt-BR\"},{\"@type\":\"WebPage\",\"@id\":\"https:\/\/www.repam.net\/pt\/tres-principios-chave-na-transicao\/\",\"url\":\"https:\/\/www.repam.net\/pt\/tres-principios-chave-na-transicao\/\",\"name\":\"Soberania, autonomia e justi\u00e7a, tr\u00eas princ\u00edpios-chave na transi\u00e7\u00e3o energ\u00e9tica - Repam\",\"isPartOf\":{\"@id\":\"https:\/\/www.repam.net\/pt\/#website\"},\"primaryImageOfPage\":{\"@id\":\"https:\/\/www.repam.net\/pt\/tres-principios-chave-na-transicao\/#primaryimage\"},\"image\":{\"@id\":\"https:\/\/www.repam.net\/pt\/tres-principios-chave-na-transicao\/#primaryimage\"},\"thumbnailUrl\":\"https:\/\/www.repam.net\/pt\/wp-content\/uploads\/2026\/04\/WhatsApp-Image-2026-04-27-at-1.22.45-PM-edited.jpeg\",\"datePublished\":\"2026-04-27T18:39:06+00:00\",\"dateModified\":\"2026-04-27T18:39:08+00:00\",\"description\":\"Durante a Confer\u00eancia \u201cTerrit\u00f3rios Livres de Combust\u00edveis F\u00f3sseis\u201d, a Rede Eclesial Pan-Amaz\u00f4nica (REPAM) p\u00f4de manifestar seu sentir e sua posi\u00e7\u00e3o em rela\u00e7\u00e3o ao tema. Ximena Lombana, secret\u00e1ria executiva da rede, deixou claro um conjunto de princ\u00edpios a serem considerados nos processos de transi\u00e7\u00e3o energ\u00e9tica. Levar em conta certos princ\u00edpios e direitos dos povos \u00e9 o ponto de partida neste processo t\u00e3o necess\u00e1rio.\",\"breadcrumb\":{\"@id\":\"https:\/\/www.repam.net\/pt\/tres-principios-chave-na-transicao\/#breadcrumb\"},\"inLanguage\":\"pt-BR\",\"potentialAction\":[{\"@type\":\"ReadAction\",\"target\":[\"https:\/\/www.repam.net\/pt\/tres-principios-chave-na-transicao\/\"]}]},{\"@type\":\"ImageObject\",\"inLanguage\":\"pt-BR\",\"@id\":\"https:\/\/www.repam.net\/pt\/tres-principios-chave-na-transicao\/#primaryimage\",\"url\":\"https:\/\/www.repam.net\/pt\/wp-content\/uploads\/2026\/04\/WhatsApp-Image-2026-04-27-at-1.22.45-PM-edited.jpeg\",\"contentUrl\":\"https:\/\/www.repam.net\/pt\/wp-content\/uploads\/2026\/04\/WhatsApp-Image-2026-04-27-at-1.22.45-PM-edited.jpeg\",\"width\":1280,\"height\":720},{\"@type\":\"BreadcrumbList\",\"@id\":\"https:\/\/www.repam.net\/pt\/tres-principios-chave-na-transicao\/#breadcrumb\",\"itemListElement\":[{\"@type\":\"ListItem\",\"position\":1,\"name\":\"In\u00edcio\",\"item\":\"https:\/\/www.repam.net\/pt\/\"},{\"@type\":\"ListItem\",\"position\":2,\"name\":\"Soberania, autonomia e justi\u00e7a, tr\u00eas princ\u00edpios-chave na transi\u00e7\u00e3o energ\u00e9tica\"}]},{\"@type\":\"WebSite\",\"@id\":\"https:\/\/www.repam.net\/pt\/#website\",\"url\":\"https:\/\/www.repam.net\/pt\/\",\"name\":\"Repam\",\"description\":\"Rede Eclesial Pan-amaz\u00f4nica\",\"publisher\":{\"@id\":\"https:\/\/www.repam.net\/pt\/#organization\"},\"potentialAction\":[{\"@type\":\"SearchAction\",\"target\":{\"@type\":\"EntryPoint\",\"urlTemplate\":\"https:\/\/www.repam.net\/pt\/?s={search_term_string}\"},\"query-input\":{\"@type\":\"PropertyValueSpecification\",\"valueRequired\":true,\"valueName\":\"search_term_string\"}}],\"inLanguage\":\"pt-BR\"},{\"@type\":\"Organization\",\"@id\":\"https:\/\/www.repam.net\/pt\/#organization\",\"name\":\"Repam\",\"url\":\"https:\/\/www.repam.net\/pt\/\",\"logo\":{\"@type\":\"ImageObject\",\"inLanguage\":\"pt-BR\",\"@id\":\"https:\/\/www.repam.net\/pt\/#\/schema\/logo\/image\/\",\"url\":\"https:\/\/www.repam.net\/pt\/wp-content\/uploads\/2022\/02\/15.-REPAM-BRASIL.jpg\",\"contentUrl\":\"https:\/\/www.repam.net\/pt\/wp-content\/uploads\/2022\/02\/15.-REPAM-BRASIL.jpg\",\"width\":231,\"height\":230,\"caption\":\"Repam\"},\"image\":{\"@id\":\"https:\/\/www.repam.net\/pt\/#\/schema\/logo\/image\/\"}},{\"@type\":\"Person\",\"@id\":\"https:\/\/www.repam.net\/pt\/#\/schema\/person\/b6f20b09de002e56f342d9b3a5143d51\",\"name\":\"repam@adm\",\"image\":{\"@type\":\"ImageObject\",\"inLanguage\":\"pt-BR\",\"@id\":\"https:\/\/www.repam.net\/pt\/#\/schema\/person\/image\/\",\"url\":\"https:\/\/secure.gravatar.com\/avatar\/b18234ea6de5d74563e52ca7bfdad9d2b029b514c935b38a2790717abf8f2e5f?s=96&d=mm&r=g\",\"contentUrl\":\"https:\/\/secure.gravatar.com\/avatar\/b18234ea6de5d74563e52ca7bfdad9d2b029b514c935b38a2790717abf8f2e5f?s=96&d=mm&r=g\",\"caption\":\"repam@adm\"},\"sameAs\":[\"https:\/\/www.repam.net\/pt\"],\"url\":\"https:\/\/www.repam.net\/pt\/author\/repamadm\/\"}]}<\/script>\n<!-- \/ Yoast SEO plugin. -->","yoast_head_json":{"title":"Soberania, autonomia e justi\u00e7a, tr\u00eas princ\u00edpios-chave na transi\u00e7\u00e3o energ\u00e9tica - Repam","description":"Durante a Confer\u00eancia \u201cTerrit\u00f3rios Livres de Combust\u00edveis F\u00f3sseis\u201d, a Rede Eclesial Pan-Amaz\u00f4nica (REPAM) p\u00f4de manifestar seu sentir e sua posi\u00e7\u00e3o em rela\u00e7\u00e3o ao tema. Ximena Lombana, secret\u00e1ria executiva da rede, deixou claro um conjunto de princ\u00edpios a serem considerados nos processos de transi\u00e7\u00e3o energ\u00e9tica. Levar em conta certos princ\u00edpios e direitos dos povos \u00e9 o ponto de partida neste processo t\u00e3o necess\u00e1rio.","robots":{"index":"index","follow":"follow","max-snippet":"max-snippet:-1","max-image-preview":"max-image-preview:large","max-video-preview":"max-video-preview:-1"},"canonical":"https:\/\/www.repam.net\/pt\/tres-principios-chave-na-transicao\/","og_locale":"pt_BR","og_type":"article","og_title":"Soberania, autonomia e justi\u00e7a, tr\u00eas princ\u00edpios-chave na transi\u00e7\u00e3o energ\u00e9tica - Repam","og_description":"Durante a Confer\u00eancia \u201cTerrit\u00f3rios Livres de Combust\u00edveis F\u00f3sseis\u201d, a Rede Eclesial Pan-Amaz\u00f4nica (REPAM) p\u00f4de manifestar seu sentir e sua posi\u00e7\u00e3o em rela\u00e7\u00e3o ao tema. Ximena Lombana, secret\u00e1ria executiva da rede, deixou claro um conjunto de princ\u00edpios a serem considerados nos processos de transi\u00e7\u00e3o energ\u00e9tica. Levar em conta certos princ\u00edpios e direitos dos povos \u00e9 o ponto de partida neste processo t\u00e3o necess\u00e1rio.","og_url":"https:\/\/www.repam.net\/pt\/tres-principios-chave-na-transicao\/","og_site_name":"Repam","article_published_time":"2026-04-27T18:39:06+00:00","article_modified_time":"2026-04-27T18:39:08+00:00","og_image":[{"width":1280,"height":720,"url":"https:\/\/www.repam.net\/pt\/wp-content\/uploads\/2026\/04\/WhatsApp-Image-2026-04-27-at-1.22.45-PM-edited.jpeg","type":"image\/jpeg"}],"author":"repam@adm","twitter_card":"summary_large_image","twitter_misc":{"Escrito por":"repam@adm","Est. tempo de leitura":"4 minutos"},"schema":{"@context":"https:\/\/schema.org","@graph":[{"@type":"Article","@id":"https:\/\/www.repam.net\/pt\/tres-principios-chave-na-transicao\/#article","isPartOf":{"@id":"https:\/\/www.repam.net\/pt\/tres-principios-chave-na-transicao\/"},"author":{"name":"repam@adm","@id":"https:\/\/www.repam.net\/pt\/#\/schema\/person\/b6f20b09de002e56f342d9b3a5143d51"},"headline":"Soberania, autonomia e justi\u00e7a, tr\u00eas princ\u00edpios-chave na transi\u00e7\u00e3o energ\u00e9tica","datePublished":"2026-04-27T18:39:06+00:00","dateModified":"2026-04-27T18:39:08+00:00","mainEntityOfPage":{"@id":"https:\/\/www.repam.net\/pt\/tres-principios-chave-na-transicao\/"},"wordCount":768,"publisher":{"@id":"https:\/\/www.repam.net\/pt\/#organization"},"image":{"@id":"https:\/\/www.repam.net\/pt\/tres-principios-chave-na-transicao\/#primaryimage"},"thumbnailUrl":"https:\/\/www.repam.net\/pt\/wp-content\/uploads\/2026\/04\/WhatsApp-Image-2026-04-27-at-1.22.45-PM-edited.jpeg","keywords":["amazonia","Col\u00f4mbia","Direitos Humanos","Ecologia Integral","REPAM"],"articleSection":["Not\u00edcias"],"inLanguage":"pt-BR"},{"@type":"WebPage","@id":"https:\/\/www.repam.net\/pt\/tres-principios-chave-na-transicao\/","url":"https:\/\/www.repam.net\/pt\/tres-principios-chave-na-transicao\/","name":"Soberania, autonomia e justi\u00e7a, tr\u00eas princ\u00edpios-chave na transi\u00e7\u00e3o energ\u00e9tica - Repam","isPartOf":{"@id":"https:\/\/www.repam.net\/pt\/#website"},"primaryImageOfPage":{"@id":"https:\/\/www.repam.net\/pt\/tres-principios-chave-na-transicao\/#primaryimage"},"image":{"@id":"https:\/\/www.repam.net\/pt\/tres-principios-chave-na-transicao\/#primaryimage"},"thumbnailUrl":"https:\/\/www.repam.net\/pt\/wp-content\/uploads\/2026\/04\/WhatsApp-Image-2026-04-27-at-1.22.45-PM-edited.jpeg","datePublished":"2026-04-27T18:39:06+00:00","dateModified":"2026-04-27T18:39:08+00:00","description":"Durante a Confer\u00eancia \u201cTerrit\u00f3rios Livres de Combust\u00edveis F\u00f3sseis\u201d, a Rede Eclesial Pan-Amaz\u00f4nica (REPAM) p\u00f4de manifestar seu sentir e sua posi\u00e7\u00e3o em rela\u00e7\u00e3o ao tema. Ximena Lombana, secret\u00e1ria executiva da rede, deixou claro um conjunto de princ\u00edpios a serem considerados nos processos de transi\u00e7\u00e3o energ\u00e9tica. Levar em conta certos princ\u00edpios e direitos dos povos \u00e9 o ponto de partida neste processo t\u00e3o necess\u00e1rio.","breadcrumb":{"@id":"https:\/\/www.repam.net\/pt\/tres-principios-chave-na-transicao\/#breadcrumb"},"inLanguage":"pt-BR","potentialAction":[{"@type":"ReadAction","target":["https:\/\/www.repam.net\/pt\/tres-principios-chave-na-transicao\/"]}]},{"@type":"ImageObject","inLanguage":"pt-BR","@id":"https:\/\/www.repam.net\/pt\/tres-principios-chave-na-transicao\/#primaryimage","url":"https:\/\/www.repam.net\/pt\/wp-content\/uploads\/2026\/04\/WhatsApp-Image-2026-04-27-at-1.22.45-PM-edited.jpeg","contentUrl":"https:\/\/www.repam.net\/pt\/wp-content\/uploads\/2026\/04\/WhatsApp-Image-2026-04-27-at-1.22.45-PM-edited.jpeg","width":1280,"height":720},{"@type":"BreadcrumbList","@id":"https:\/\/www.repam.net\/pt\/tres-principios-chave-na-transicao\/#breadcrumb","itemListElement":[{"@type":"ListItem","position":1,"name":"In\u00edcio","item":"https:\/\/www.repam.net\/pt\/"},{"@type":"ListItem","position":2,"name":"Soberania, autonomia e justi\u00e7a, tr\u00eas princ\u00edpios-chave na transi\u00e7\u00e3o energ\u00e9tica"}]},{"@type":"WebSite","@id":"https:\/\/www.repam.net\/pt\/#website","url":"https:\/\/www.repam.net\/pt\/","name":"Repam","description":"Rede Eclesial Pan-amaz\u00f4nica","publisher":{"@id":"https:\/\/www.repam.net\/pt\/#organization"},"potentialAction":[{"@type":"SearchAction","target":{"@type":"EntryPoint","urlTemplate":"https:\/\/www.repam.net\/pt\/?s={search_term_string}"},"query-input":{"@type":"PropertyValueSpecification","valueRequired":true,"valueName":"search_term_string"}}],"inLanguage":"pt-BR"},{"@type":"Organization","@id":"https:\/\/www.repam.net\/pt\/#organization","name":"Repam","url":"https:\/\/www.repam.net\/pt\/","logo":{"@type":"ImageObject","inLanguage":"pt-BR","@id":"https:\/\/www.repam.net\/pt\/#\/schema\/logo\/image\/","url":"https:\/\/www.repam.net\/pt\/wp-content\/uploads\/2022\/02\/15.-REPAM-BRASIL.jpg","contentUrl":"https:\/\/www.repam.net\/pt\/wp-content\/uploads\/2022\/02\/15.-REPAM-BRASIL.jpg","width":231,"height":230,"caption":"Repam"},"image":{"@id":"https:\/\/www.repam.net\/pt\/#\/schema\/logo\/image\/"}},{"@type":"Person","@id":"https:\/\/www.repam.net\/pt\/#\/schema\/person\/b6f20b09de002e56f342d9b3a5143d51","name":"repam@adm","image":{"@type":"ImageObject","inLanguage":"pt-BR","@id":"https:\/\/www.repam.net\/pt\/#\/schema\/person\/image\/","url":"https:\/\/secure.gravatar.com\/avatar\/b18234ea6de5d74563e52ca7bfdad9d2b029b514c935b38a2790717abf8f2e5f?s=96&d=mm&r=g","contentUrl":"https:\/\/secure.gravatar.com\/avatar\/b18234ea6de5d74563e52ca7bfdad9d2b029b514c935b38a2790717abf8f2e5f?s=96&d=mm&r=g","caption":"repam@adm"},"sameAs":["https:\/\/www.repam.net\/pt"],"url":"https:\/\/www.repam.net\/pt\/author\/repamadm\/"}]}},"_links":{"self":[{"href":"https:\/\/www.repam.net\/pt\/wp-json\/wp\/v2\/posts\/4304","targetHints":{"allow":["GET"]}}],"collection":[{"href":"https:\/\/www.repam.net\/pt\/wp-json\/wp\/v2\/posts"}],"about":[{"href":"https:\/\/www.repam.net\/pt\/wp-json\/wp\/v2\/types\/post"}],"author":[{"embeddable":true,"href":"https:\/\/www.repam.net\/pt\/wp-json\/wp\/v2\/users\/1"}],"replies":[{"embeddable":true,"href":"https:\/\/www.repam.net\/pt\/wp-json\/wp\/v2\/comments?post=4304"}],"version-history":[{"count":1,"href":"https:\/\/www.repam.net\/pt\/wp-json\/wp\/v2\/posts\/4304\/revisions"}],"predecessor-version":[{"id":4307,"href":"https:\/\/www.repam.net\/pt\/wp-json\/wp\/v2\/posts\/4304\/revisions\/4307"}],"wp:featuredmedia":[{"embeddable":true,"href":"https:\/\/www.repam.net\/pt\/wp-json\/wp\/v2\/media\/4306"}],"wp:attachment":[{"href":"https:\/\/www.repam.net\/pt\/wp-json\/wp\/v2\/media?parent=4304"}],"wp:term":[{"taxonomy":"category","embeddable":true,"href":"https:\/\/www.repam.net\/pt\/wp-json\/wp\/v2\/categories?post=4304"},{"taxonomy":"post_tag","embeddable":true,"href":"https:\/\/www.repam.net\/pt\/wp-json\/wp\/v2\/tags?post=4304"}],"curies":[{"name":"wp","href":"https:\/\/api.w.org\/{rel}","templated":true}]}}