{"id":4308,"date":"2026-04-27T18:29:09","date_gmt":"2026-04-27T21:29:09","guid":{"rendered":"https:\/\/www.repam.net\/pt\/?p=4308"},"modified":"2026-04-27T18:29:51","modified_gmt":"2026-04-27T21:29:51","slug":"chamado-justo-diante-do-tratado-sobre-combustiveis-fosseis","status":"publish","type":"post","link":"https:\/\/www.repam.net\/pt\/chamado-justo-diante-do-tratado-sobre-combustiveis-fosseis\/","title":{"rendered":"Coaliz\u00e3o Ecum\u00eanica Inter-religiosa e Ecoespiritual do Sul Global faz um chamado justo diante do Tratado sobre Combust\u00edveis F\u00f3sseis"},"content":{"rendered":"<div class=\"wp-block-image\">\n<figure class=\"aligncenter size-large\"><img loading=\"lazy\" decoding=\"async\" width=\"1600\" height=\"900\" src=\"https:\/\/www.repam.net\/pt\/wp-content\/uploads\/2026\/04\/WhatsApp-Image-2026-04-27-at-4.17.45-PM-edited.jpeg\" alt=\"\" class=\"wp-image-4310\" srcset=\"https:\/\/www.repam.net\/pt\/wp-content\/uploads\/2026\/04\/WhatsApp-Image-2026-04-27-at-4.17.45-PM-edited.jpeg 1600w, https:\/\/www.repam.net\/pt\/wp-content\/uploads\/2026\/04\/WhatsApp-Image-2026-04-27-at-4.17.45-PM-edited-300x169.jpeg 300w, https:\/\/www.repam.net\/pt\/wp-content\/uploads\/2026\/04\/WhatsApp-Image-2026-04-27-at-4.17.45-PM-edited-1024x576.jpeg 1024w, https:\/\/www.repam.net\/pt\/wp-content\/uploads\/2026\/04\/WhatsApp-Image-2026-04-27-at-4.17.45-PM-edited-768x432.jpeg 768w, https:\/\/www.repam.net\/pt\/wp-content\/uploads\/2026\/04\/WhatsApp-Image-2026-04-27-at-4.17.45-PM-edited-1536x864.jpeg 1536w\" sizes=\"auto, (max-width: 1600px) 100vw, 1600px\" \/><\/figure>\n<\/div>\n\n\n<blockquote class=\"wp-block-quote is-layout-flow wp-block-quote-is-layout-flow\">\n<p><em>Os eventos realizados em Santa Marta em torno da I Confer\u00eancia Internacional para a Transi\u00e7\u00e3o al\u00e9m dos Combust\u00edveis F\u00f3sseis contaram com espa\u00e7os nos quais organiza\u00e7\u00f5es religiosas do Sul Global debatem e refletem sobre o tema. Assim, foi emitido um documento que apresenta a\u00e7\u00f5es necess\u00e1rias a serem executadas no \u00e2mbito de um tratado internacional sobre o uso de carv\u00e3o, petr\u00f3leo e g\u00e1s.<\/em><\/p>\n<\/blockquote>\n\n\n\n<p><strong><em>Por: Equipe de Comunica\u00e7\u00f5es da REPAM<\/em><\/strong><\/p>\n\n\n\n<p>O documento inicia citando o Manifesto das Igrejas do Sul Global, ao afirmar que<em> \u201cos dados cient\u00edficos mostram que o planeta est\u00e1 se aproximando de limites cr\u00edticos que amea\u00e7am a estabilidade dos ecossistemas, das economias e dos sistemas de governan\u00e7a, afetando especialmente os mais vulner\u00e1veis\u201d;<\/em> assim, evidencia-se a perman\u00eancia de um modelo econ\u00f4mico no qual a mudan\u00e7a clim\u00e1tica \u00e9 resultado de modelos de produ\u00e7\u00e3o e consumo insustent\u00e1veis. Al\u00e9m disso, o chamado estabelece, textualmente, que<em>: \u201cA principal causa da crise clim\u00e1tica \u00e9 a queima massiva de carv\u00e3o, petr\u00f3leo e g\u00e1s, respons\u00e1veis por 86% das emiss\u00f5es de CO\u2082 entre 2010 e 2019\u201d.<\/em><\/p>\n\n\n\n<h5 class=\"wp-block-heading\"><strong>Crise ecol\u00f3gica, social e espiritual<\/strong><\/h5>\n\n\n\n<p>Como j\u00e1 havia dito o Papa Francisco, <em>\u201ca crise ecol\u00f3gica n\u00e3o \u00e9 meramente um problema ambiental, mas uma profunda crise humanit\u00e1ria e social\u201d.<\/em> O chamado retoma essa perspectiva e convida \u00e0 mobiliza\u00e7\u00e3o n\u00e3o apenas com um olhar ambientalista, mas tamb\u00e9m com aquele que defende a dignidade humana; al\u00e9m disso, a crise ambiental gera um vazio espiritual, \u00e9tico e de sentido que exige, al\u00e9m de uma reestrutura\u00e7\u00e3o econ\u00f4mica, uma transforma\u00e7\u00e3o cultural. Nesse sentido, o documento estabelece que <em>\u201ca transi\u00e7\u00e3o justa busca transformar a forma como nos relacionamos com a Terra e entre n\u00f3s\u201d e que \u201ca Terra \u00e9 um dom sagrado que deve ser cuidado com responsabilidade, com amor por todas as criaturas e compromisso com as futuras gera\u00e7\u00f5es de todos os povos do mundo\u201d.<\/em><\/p>\n\n\n\n<p>A Rede de F\u00e9 pela Justi\u00e7a Clim\u00e1tica afirmou, no \u00e2mbito do documento de chamado, que <em>\u201c\u00e9 preciso ir al\u00e9m do enfoque do qu\u00ea e do como; \u00e9 necess\u00e1rio perguntar para e com quem\u201d,<\/em> evidenciando a necessidade de que tratados e compromissos adotem uma perspectiva territorial e construam acordos, a\u00e7\u00f5es e cen\u00e1rios de aplica\u00e7\u00e3o junto \u00e0s pr\u00f3prias comunidades. \u00c9 nesse ponto que se destaca o que foi exposto por Ximena Lombana, secret\u00e1ria executiva da Rede Eclesial Pan-Amaz\u00f4nica (REPAM), ao classificar os princ\u00edpios de autonomia, soberania e justi\u00e7a como pontos-chave para o processo de transi\u00e7\u00e3o energ\u00e9tica e para os tratados ou compromissos que surjam ao longo do caminho.<\/p>\n\n\n\n<h5 class=\"wp-block-heading\"><strong>Chamado ao tratado<\/strong><\/h5>\n\n\n\n<p>O corpo principal do documento sustenta uma s\u00e9rie de pedidos e a\u00e7\u00f5es de compromisso que as igrejas do Sul Global prop\u00f5em aos signat\u00e1rios do Tratado sobre Combust\u00edveis F\u00f3sseis. Nesse sentido, chama-se a: uma mudan\u00e7a cultural e espiritual; ao fim imediato de novas explora\u00e7\u00f5es de carv\u00e3o, petr\u00f3leo e g\u00e1s; a uma elimina\u00e7\u00e3o r\u00e1pida e equitativa da produ\u00e7\u00e3o atual de combust\u00edveis f\u00f3sseis; a uma transi\u00e7\u00e3o justa em escala mundial; ao abandono dos subs\u00eddios aos combust\u00edveis f\u00f3sseis; \u00e0 transforma\u00e7\u00e3o do sistema financeiro; \u00e0 promo\u00e7\u00e3o do respeito absoluto \u00e0 soberania dos povos; \u00e0 rejei\u00e7\u00e3o do neoextrativismo e das falsas solu\u00e7\u00f5es; \u00e0 garantia de um sistema de democracia plena e com paridade; \u00e0 promo\u00e7\u00e3o do direito \u00e0 livre determina\u00e7\u00e3o e \u00e0 consulta pr\u00e9via, livre e informada; e ao estabelecimento da busca por uma economia do cuidado.<\/p>\n\n\n\n<p>Leia o documento completo:<\/p>\n\n\n\n<div data-wp-interactive=\"core\/file\" class=\"wp-block-file aligncenter\"><object data-wp-bind--hidden=\"!state.hasPdfPreview\" hidden class=\"wp-block-file__embed\" data=\"https:\/\/www.repam.net\/pt\/wp-content\/uploads\/2026\/04\/Texto-apoyo-Tratado-sobre-Combustibles-Fosiles-.pdf\" type=\"application\/pdf\" style=\"width:100%;height:600px\" aria-label=\"Incorporado de Texto apoyo Tratado sobre Combustibles Fosiles.\"><\/object><a id=\"wp-block-file--media-e934db7b-f755-4a53-8f06-c40bb2c1ffba\" href=\"https:\/\/www.repam.net\/pt\/wp-content\/uploads\/2026\/04\/Texto-apoyo-Tratado-sobre-Combustibles-Fosiles-.pdf\">Texto apoyo Tratado sobre Combustibles Fosiles<\/a><a href=\"https:\/\/www.repam.net\/pt\/wp-content\/uploads\/2026\/04\/Texto-apoyo-Tratado-sobre-Combustibles-Fosiles-.pdf\" class=\"wp-block-file__button wp-element-button\" download aria-describedby=\"wp-block-file--media-e934db7b-f755-4a53-8f06-c40bb2c1ffba\">Baixar<\/a><\/div>\n","protected":false},"excerpt":{"rendered":"<p>Os eventos realizados em Santa Marta em torno da I Confer\u00eancia Internacional para a Transi\u00e7\u00e3o al\u00e9m dos Combust\u00edveis F\u00f3sseis contaram com espa\u00e7os nos quais organiza\u00e7\u00f5es religiosas do Sul Global debatem e refletem sobre o tema. Assim, foi emitido um documento que apresenta a\u00e7\u00f5es necess\u00e1rias a serem executadas no \u00e2mbito de um tratado internacional sobre o [&hellip;]<\/p>\n","protected":false},"author":1,"featured_media":4310,"comment_status":"closed","ping_status":"closed","sticky":false,"template":"","format":"standard","meta":{"_acf_changed":false,"_uf_show_specific_survey":0,"_uf_disable_surveys":false,"footnotes":""},"categories":[4],"tags":[63,31,59,34,6],"class_list":["post-4308","post","type-post","status-publish","format-standard","has-post-thumbnail","hentry","category-noticias","tag-amazonia-2","tag-colombia","tag-direitos-humanos","tag-ecologia-integral","tag-repam"],"acf":[],"aioseo_notices":[],"yoast_head":"<!-- This site is optimized with the Yoast SEO plugin v24.2 - https:\/\/yoast.com\/wordpress\/plugins\/seo\/ -->\n<title>Coaliz\u00e3o Ecum\u00eanica Inter-religiosa e Ecoespiritual do Sul Global faz um chamado justo diante do Tratado sobre Combust\u00edveis F\u00f3sseis - Repam<\/title>\n<meta name=\"description\" content=\"Os eventos realizados em Santa Marta em torno da I Confer\u00eancia Internacional para a Transi\u00e7\u00e3o al\u00e9m dos Combust\u00edveis F\u00f3sseis contaram com espa\u00e7os nos quais organiza\u00e7\u00f5es religiosas do Sul Global debatem e refletem sobre o tema. Assim, foi emitido um documento que apresenta a\u00e7\u00f5es necess\u00e1rias a serem executadas no \u00e2mbito de um tratado internacional sobre o uso de carv\u00e3o, petr\u00f3leo e g\u00e1s.\" \/>\n<meta name=\"robots\" content=\"index, follow, max-snippet:-1, max-image-preview:large, max-video-preview:-1\" \/>\n<link rel=\"canonical\" href=\"https:\/\/www.repam.net\/pt\/chamado-justo-diante-do-tratado-sobre-combustiveis-fosseis\/\" \/>\n<meta property=\"og:locale\" content=\"pt_BR\" \/>\n<meta property=\"og:type\" content=\"article\" \/>\n<meta property=\"og:title\" content=\"Coaliz\u00e3o Ecum\u00eanica Inter-religiosa e Ecoespiritual do Sul Global faz um chamado justo diante do Tratado sobre Combust\u00edveis F\u00f3sseis - Repam\" \/>\n<meta property=\"og:description\" content=\"Os eventos realizados em Santa Marta em torno da I Confer\u00eancia Internacional para a Transi\u00e7\u00e3o al\u00e9m dos Combust\u00edveis F\u00f3sseis contaram com espa\u00e7os nos quais organiza\u00e7\u00f5es religiosas do Sul Global debatem e refletem sobre o tema. Assim, foi emitido um documento que apresenta a\u00e7\u00f5es necess\u00e1rias a serem executadas no \u00e2mbito de um tratado internacional sobre o uso de carv\u00e3o, petr\u00f3leo e g\u00e1s.\" \/>\n<meta property=\"og:url\" content=\"https:\/\/www.repam.net\/pt\/chamado-justo-diante-do-tratado-sobre-combustiveis-fosseis\/\" \/>\n<meta property=\"og:site_name\" content=\"Repam\" \/>\n<meta property=\"article:published_time\" content=\"2026-04-27T21:29:09+00:00\" \/>\n<meta property=\"article:modified_time\" content=\"2026-04-27T21:29:51+00:00\" \/>\n<meta property=\"og:image\" content=\"https:\/\/www.repam.net\/pt\/wp-content\/uploads\/2026\/04\/WhatsApp-Image-2026-04-27-at-4.17.45-PM-edited.jpeg\" \/>\n\t<meta property=\"og:image:width\" content=\"1600\" \/>\n\t<meta property=\"og:image:height\" content=\"900\" \/>\n\t<meta property=\"og:image:type\" content=\"image\/jpeg\" \/>\n<meta name=\"author\" content=\"repam@adm\" \/>\n<meta name=\"twitter:card\" content=\"summary_large_image\" \/>\n<meta name=\"twitter:label1\" content=\"Escrito por\" \/>\n\t<meta name=\"twitter:data1\" content=\"repam@adm\" \/>\n\t<meta name=\"twitter:label2\" content=\"Est. tempo de leitura\" \/>\n\t<meta name=\"twitter:data2\" content=\"4 minutos\" \/>\n<script type=\"application\/ld+json\" class=\"yoast-schema-graph\">{\"@context\":\"https:\/\/schema.org\",\"@graph\":[{\"@type\":\"Article\",\"@id\":\"https:\/\/www.repam.net\/pt\/chamado-justo-diante-do-tratado-sobre-combustiveis-fosseis\/#article\",\"isPartOf\":{\"@id\":\"https:\/\/www.repam.net\/pt\/chamado-justo-diante-do-tratado-sobre-combustiveis-fosseis\/\"},\"author\":{\"name\":\"repam@adm\",\"@id\":\"https:\/\/www.repam.net\/pt\/#\/schema\/person\/b6f20b09de002e56f342d9b3a5143d51\"},\"headline\":\"Coaliz\u00e3o Ecum\u00eanica Inter-religiosa e Ecoespiritual do Sul Global faz um chamado justo diante do Tratado sobre Combust\u00edveis F\u00f3sseis\",\"datePublished\":\"2026-04-27T21:29:09+00:00\",\"dateModified\":\"2026-04-27T21:29:51+00:00\",\"mainEntityOfPage\":{\"@id\":\"https:\/\/www.repam.net\/pt\/chamado-justo-diante-do-tratado-sobre-combustiveis-fosseis\/\"},\"wordCount\":637,\"publisher\":{\"@id\":\"https:\/\/www.repam.net\/pt\/#organization\"},\"image\":{\"@id\":\"https:\/\/www.repam.net\/pt\/chamado-justo-diante-do-tratado-sobre-combustiveis-fosseis\/#primaryimage\"},\"thumbnailUrl\":\"https:\/\/www.repam.net\/pt\/wp-content\/uploads\/2026\/04\/WhatsApp-Image-2026-04-27-at-4.17.45-PM-edited.jpeg\",\"keywords\":[\"amazonia\",\"Col\u00f4mbia\",\"Direitos Humanos\",\"Ecologia Integral\",\"REPAM\"],\"articleSection\":[\"Not\u00edcias\"],\"inLanguage\":\"pt-BR\"},{\"@type\":\"WebPage\",\"@id\":\"https:\/\/www.repam.net\/pt\/chamado-justo-diante-do-tratado-sobre-combustiveis-fosseis\/\",\"url\":\"https:\/\/www.repam.net\/pt\/chamado-justo-diante-do-tratado-sobre-combustiveis-fosseis\/\",\"name\":\"Coaliz\u00e3o Ecum\u00eanica Inter-religiosa e Ecoespiritual do Sul Global faz um chamado justo diante do Tratado sobre Combust\u00edveis F\u00f3sseis - Repam\",\"isPartOf\":{\"@id\":\"https:\/\/www.repam.net\/pt\/#website\"},\"primaryImageOfPage\":{\"@id\":\"https:\/\/www.repam.net\/pt\/chamado-justo-diante-do-tratado-sobre-combustiveis-fosseis\/#primaryimage\"},\"image\":{\"@id\":\"https:\/\/www.repam.net\/pt\/chamado-justo-diante-do-tratado-sobre-combustiveis-fosseis\/#primaryimage\"},\"thumbnailUrl\":\"https:\/\/www.repam.net\/pt\/wp-content\/uploads\/2026\/04\/WhatsApp-Image-2026-04-27-at-4.17.45-PM-edited.jpeg\",\"datePublished\":\"2026-04-27T21:29:09+00:00\",\"dateModified\":\"2026-04-27T21:29:51+00:00\",\"description\":\"Os eventos realizados em Santa Marta em torno da I Confer\u00eancia Internacional para a Transi\u00e7\u00e3o al\u00e9m dos Combust\u00edveis F\u00f3sseis contaram com espa\u00e7os nos quais organiza\u00e7\u00f5es religiosas do Sul Global debatem e refletem sobre o tema. Assim, foi emitido um documento que apresenta a\u00e7\u00f5es necess\u00e1rias a serem executadas no \u00e2mbito de um tratado internacional sobre o uso de carv\u00e3o, petr\u00f3leo e g\u00e1s.\",\"breadcrumb\":{\"@id\":\"https:\/\/www.repam.net\/pt\/chamado-justo-diante-do-tratado-sobre-combustiveis-fosseis\/#breadcrumb\"},\"inLanguage\":\"pt-BR\",\"potentialAction\":[{\"@type\":\"ReadAction\",\"target\":[\"https:\/\/www.repam.net\/pt\/chamado-justo-diante-do-tratado-sobre-combustiveis-fosseis\/\"]}]},{\"@type\":\"ImageObject\",\"inLanguage\":\"pt-BR\",\"@id\":\"https:\/\/www.repam.net\/pt\/chamado-justo-diante-do-tratado-sobre-combustiveis-fosseis\/#primaryimage\",\"url\":\"https:\/\/www.repam.net\/pt\/wp-content\/uploads\/2026\/04\/WhatsApp-Image-2026-04-27-at-4.17.45-PM-edited.jpeg\",\"contentUrl\":\"https:\/\/www.repam.net\/pt\/wp-content\/uploads\/2026\/04\/WhatsApp-Image-2026-04-27-at-4.17.45-PM-edited.jpeg\",\"width\":1600,\"height\":900},{\"@type\":\"BreadcrumbList\",\"@id\":\"https:\/\/www.repam.net\/pt\/chamado-justo-diante-do-tratado-sobre-combustiveis-fosseis\/#breadcrumb\",\"itemListElement\":[{\"@type\":\"ListItem\",\"position\":1,\"name\":\"In\u00edcio\",\"item\":\"https:\/\/www.repam.net\/pt\/\"},{\"@type\":\"ListItem\",\"position\":2,\"name\":\"Coaliz\u00e3o Ecum\u00eanica Inter-religiosa e Ecoespiritual do Sul Global faz um chamado justo diante do Tratado sobre Combust\u00edveis F\u00f3sseis\"}]},{\"@type\":\"WebSite\",\"@id\":\"https:\/\/www.repam.net\/pt\/#website\",\"url\":\"https:\/\/www.repam.net\/pt\/\",\"name\":\"Repam\",\"description\":\"Rede Eclesial Pan-amaz\u00f4nica\",\"publisher\":{\"@id\":\"https:\/\/www.repam.net\/pt\/#organization\"},\"potentialAction\":[{\"@type\":\"SearchAction\",\"target\":{\"@type\":\"EntryPoint\",\"urlTemplate\":\"https:\/\/www.repam.net\/pt\/?s={search_term_string}\"},\"query-input\":{\"@type\":\"PropertyValueSpecification\",\"valueRequired\":true,\"valueName\":\"search_term_string\"}}],\"inLanguage\":\"pt-BR\"},{\"@type\":\"Organization\",\"@id\":\"https:\/\/www.repam.net\/pt\/#organization\",\"name\":\"Repam\",\"url\":\"https:\/\/www.repam.net\/pt\/\",\"logo\":{\"@type\":\"ImageObject\",\"inLanguage\":\"pt-BR\",\"@id\":\"https:\/\/www.repam.net\/pt\/#\/schema\/logo\/image\/\",\"url\":\"https:\/\/www.repam.net\/pt\/wp-content\/uploads\/2022\/02\/15.-REPAM-BRASIL.jpg\",\"contentUrl\":\"https:\/\/www.repam.net\/pt\/wp-content\/uploads\/2022\/02\/15.-REPAM-BRASIL.jpg\",\"width\":231,\"height\":230,\"caption\":\"Repam\"},\"image\":{\"@id\":\"https:\/\/www.repam.net\/pt\/#\/schema\/logo\/image\/\"}},{\"@type\":\"Person\",\"@id\":\"https:\/\/www.repam.net\/pt\/#\/schema\/person\/b6f20b09de002e56f342d9b3a5143d51\",\"name\":\"repam@adm\",\"image\":{\"@type\":\"ImageObject\",\"inLanguage\":\"pt-BR\",\"@id\":\"https:\/\/www.repam.net\/pt\/#\/schema\/person\/image\/\",\"url\":\"https:\/\/secure.gravatar.com\/avatar\/b18234ea6de5d74563e52ca7bfdad9d2b029b514c935b38a2790717abf8f2e5f?s=96&d=mm&r=g\",\"contentUrl\":\"https:\/\/secure.gravatar.com\/avatar\/b18234ea6de5d74563e52ca7bfdad9d2b029b514c935b38a2790717abf8f2e5f?s=96&d=mm&r=g\",\"caption\":\"repam@adm\"},\"sameAs\":[\"https:\/\/www.repam.net\/pt\"],\"url\":\"https:\/\/www.repam.net\/pt\/author\/repamadm\/\"}]}<\/script>\n<!-- \/ Yoast SEO plugin. -->","yoast_head_json":{"title":"Coaliz\u00e3o Ecum\u00eanica Inter-religiosa e Ecoespiritual do Sul Global faz um chamado justo diante do Tratado sobre Combust\u00edveis F\u00f3sseis - Repam","description":"Os eventos realizados em Santa Marta em torno da I Confer\u00eancia Internacional para a Transi\u00e7\u00e3o al\u00e9m dos Combust\u00edveis F\u00f3sseis contaram com espa\u00e7os nos quais organiza\u00e7\u00f5es religiosas do Sul Global debatem e refletem sobre o tema. Assim, foi emitido um documento que apresenta a\u00e7\u00f5es necess\u00e1rias a serem executadas no \u00e2mbito de um tratado internacional sobre o uso de carv\u00e3o, petr\u00f3leo e g\u00e1s.","robots":{"index":"index","follow":"follow","max-snippet":"max-snippet:-1","max-image-preview":"max-image-preview:large","max-video-preview":"max-video-preview:-1"},"canonical":"https:\/\/www.repam.net\/pt\/chamado-justo-diante-do-tratado-sobre-combustiveis-fosseis\/","og_locale":"pt_BR","og_type":"article","og_title":"Coaliz\u00e3o Ecum\u00eanica Inter-religiosa e Ecoespiritual do Sul Global faz um chamado justo diante do Tratado sobre Combust\u00edveis F\u00f3sseis - Repam","og_description":"Os eventos realizados em Santa Marta em torno da I Confer\u00eancia Internacional para a Transi\u00e7\u00e3o al\u00e9m dos Combust\u00edveis F\u00f3sseis contaram com espa\u00e7os nos quais organiza\u00e7\u00f5es religiosas do Sul Global debatem e refletem sobre o tema. Assim, foi emitido um documento que apresenta a\u00e7\u00f5es necess\u00e1rias a serem executadas no \u00e2mbito de um tratado internacional sobre o uso de carv\u00e3o, petr\u00f3leo e g\u00e1s.","og_url":"https:\/\/www.repam.net\/pt\/chamado-justo-diante-do-tratado-sobre-combustiveis-fosseis\/","og_site_name":"Repam","article_published_time":"2026-04-27T21:29:09+00:00","article_modified_time":"2026-04-27T21:29:51+00:00","og_image":[{"width":1600,"height":900,"url":"https:\/\/www.repam.net\/pt\/wp-content\/uploads\/2026\/04\/WhatsApp-Image-2026-04-27-at-4.17.45-PM-edited.jpeg","type":"image\/jpeg"}],"author":"repam@adm","twitter_card":"summary_large_image","twitter_misc":{"Escrito por":"repam@adm","Est. tempo de leitura":"4 minutos"},"schema":{"@context":"https:\/\/schema.org","@graph":[{"@type":"Article","@id":"https:\/\/www.repam.net\/pt\/chamado-justo-diante-do-tratado-sobre-combustiveis-fosseis\/#article","isPartOf":{"@id":"https:\/\/www.repam.net\/pt\/chamado-justo-diante-do-tratado-sobre-combustiveis-fosseis\/"},"author":{"name":"repam@adm","@id":"https:\/\/www.repam.net\/pt\/#\/schema\/person\/b6f20b09de002e56f342d9b3a5143d51"},"headline":"Coaliz\u00e3o Ecum\u00eanica Inter-religiosa e Ecoespiritual do Sul Global faz um chamado justo diante do Tratado sobre Combust\u00edveis F\u00f3sseis","datePublished":"2026-04-27T21:29:09+00:00","dateModified":"2026-04-27T21:29:51+00:00","mainEntityOfPage":{"@id":"https:\/\/www.repam.net\/pt\/chamado-justo-diante-do-tratado-sobre-combustiveis-fosseis\/"},"wordCount":637,"publisher":{"@id":"https:\/\/www.repam.net\/pt\/#organization"},"image":{"@id":"https:\/\/www.repam.net\/pt\/chamado-justo-diante-do-tratado-sobre-combustiveis-fosseis\/#primaryimage"},"thumbnailUrl":"https:\/\/www.repam.net\/pt\/wp-content\/uploads\/2026\/04\/WhatsApp-Image-2026-04-27-at-4.17.45-PM-edited.jpeg","keywords":["amazonia","Col\u00f4mbia","Direitos Humanos","Ecologia Integral","REPAM"],"articleSection":["Not\u00edcias"],"inLanguage":"pt-BR"},{"@type":"WebPage","@id":"https:\/\/www.repam.net\/pt\/chamado-justo-diante-do-tratado-sobre-combustiveis-fosseis\/","url":"https:\/\/www.repam.net\/pt\/chamado-justo-diante-do-tratado-sobre-combustiveis-fosseis\/","name":"Coaliz\u00e3o Ecum\u00eanica Inter-religiosa e Ecoespiritual do Sul Global faz um chamado justo diante do Tratado sobre Combust\u00edveis F\u00f3sseis - Repam","isPartOf":{"@id":"https:\/\/www.repam.net\/pt\/#website"},"primaryImageOfPage":{"@id":"https:\/\/www.repam.net\/pt\/chamado-justo-diante-do-tratado-sobre-combustiveis-fosseis\/#primaryimage"},"image":{"@id":"https:\/\/www.repam.net\/pt\/chamado-justo-diante-do-tratado-sobre-combustiveis-fosseis\/#primaryimage"},"thumbnailUrl":"https:\/\/www.repam.net\/pt\/wp-content\/uploads\/2026\/04\/WhatsApp-Image-2026-04-27-at-4.17.45-PM-edited.jpeg","datePublished":"2026-04-27T21:29:09+00:00","dateModified":"2026-04-27T21:29:51+00:00","description":"Os eventos realizados em Santa Marta em torno da I Confer\u00eancia Internacional para a Transi\u00e7\u00e3o al\u00e9m dos Combust\u00edveis F\u00f3sseis contaram com espa\u00e7os nos quais organiza\u00e7\u00f5es religiosas do Sul Global debatem e refletem sobre o tema. Assim, foi emitido um documento que apresenta a\u00e7\u00f5es necess\u00e1rias a serem executadas no \u00e2mbito de um tratado internacional sobre o uso de carv\u00e3o, petr\u00f3leo e g\u00e1s.","breadcrumb":{"@id":"https:\/\/www.repam.net\/pt\/chamado-justo-diante-do-tratado-sobre-combustiveis-fosseis\/#breadcrumb"},"inLanguage":"pt-BR","potentialAction":[{"@type":"ReadAction","target":["https:\/\/www.repam.net\/pt\/chamado-justo-diante-do-tratado-sobre-combustiveis-fosseis\/"]}]},{"@type":"ImageObject","inLanguage":"pt-BR","@id":"https:\/\/www.repam.net\/pt\/chamado-justo-diante-do-tratado-sobre-combustiveis-fosseis\/#primaryimage","url":"https:\/\/www.repam.net\/pt\/wp-content\/uploads\/2026\/04\/WhatsApp-Image-2026-04-27-at-4.17.45-PM-edited.jpeg","contentUrl":"https:\/\/www.repam.net\/pt\/wp-content\/uploads\/2026\/04\/WhatsApp-Image-2026-04-27-at-4.17.45-PM-edited.jpeg","width":1600,"height":900},{"@type":"BreadcrumbList","@id":"https:\/\/www.repam.net\/pt\/chamado-justo-diante-do-tratado-sobre-combustiveis-fosseis\/#breadcrumb","itemListElement":[{"@type":"ListItem","position":1,"name":"In\u00edcio","item":"https:\/\/www.repam.net\/pt\/"},{"@type":"ListItem","position":2,"name":"Coaliz\u00e3o Ecum\u00eanica Inter-religiosa e Ecoespiritual do Sul Global faz um chamado justo diante do Tratado sobre Combust\u00edveis F\u00f3sseis"}]},{"@type":"WebSite","@id":"https:\/\/www.repam.net\/pt\/#website","url":"https:\/\/www.repam.net\/pt\/","name":"Repam","description":"Rede Eclesial Pan-amaz\u00f4nica","publisher":{"@id":"https:\/\/www.repam.net\/pt\/#organization"},"potentialAction":[{"@type":"SearchAction","target":{"@type":"EntryPoint","urlTemplate":"https:\/\/www.repam.net\/pt\/?s={search_term_string}"},"query-input":{"@type":"PropertyValueSpecification","valueRequired":true,"valueName":"search_term_string"}}],"inLanguage":"pt-BR"},{"@type":"Organization","@id":"https:\/\/www.repam.net\/pt\/#organization","name":"Repam","url":"https:\/\/www.repam.net\/pt\/","logo":{"@type":"ImageObject","inLanguage":"pt-BR","@id":"https:\/\/www.repam.net\/pt\/#\/schema\/logo\/image\/","url":"https:\/\/www.repam.net\/pt\/wp-content\/uploads\/2022\/02\/15.-REPAM-BRASIL.jpg","contentUrl":"https:\/\/www.repam.net\/pt\/wp-content\/uploads\/2022\/02\/15.-REPAM-BRASIL.jpg","width":231,"height":230,"caption":"Repam"},"image":{"@id":"https:\/\/www.repam.net\/pt\/#\/schema\/logo\/image\/"}},{"@type":"Person","@id":"https:\/\/www.repam.net\/pt\/#\/schema\/person\/b6f20b09de002e56f342d9b3a5143d51","name":"repam@adm","image":{"@type":"ImageObject","inLanguage":"pt-BR","@id":"https:\/\/www.repam.net\/pt\/#\/schema\/person\/image\/","url":"https:\/\/secure.gravatar.com\/avatar\/b18234ea6de5d74563e52ca7bfdad9d2b029b514c935b38a2790717abf8f2e5f?s=96&d=mm&r=g","contentUrl":"https:\/\/secure.gravatar.com\/avatar\/b18234ea6de5d74563e52ca7bfdad9d2b029b514c935b38a2790717abf8f2e5f?s=96&d=mm&r=g","caption":"repam@adm"},"sameAs":["https:\/\/www.repam.net\/pt"],"url":"https:\/\/www.repam.net\/pt\/author\/repamadm\/"}]}},"_links":{"self":[{"href":"https:\/\/www.repam.net\/pt\/wp-json\/wp\/v2\/posts\/4308","targetHints":{"allow":["GET"]}}],"collection":[{"href":"https:\/\/www.repam.net\/pt\/wp-json\/wp\/v2\/posts"}],"about":[{"href":"https:\/\/www.repam.net\/pt\/wp-json\/wp\/v2\/types\/post"}],"author":[{"embeddable":true,"href":"https:\/\/www.repam.net\/pt\/wp-json\/wp\/v2\/users\/1"}],"replies":[{"embeddable":true,"href":"https:\/\/www.repam.net\/pt\/wp-json\/wp\/v2\/comments?post=4308"}],"version-history":[{"count":2,"href":"https:\/\/www.repam.net\/pt\/wp-json\/wp\/v2\/posts\/4308\/revisions"}],"predecessor-version":[{"id":4313,"href":"https:\/\/www.repam.net\/pt\/wp-json\/wp\/v2\/posts\/4308\/revisions\/4313"}],"wp:featuredmedia":[{"embeddable":true,"href":"https:\/\/www.repam.net\/pt\/wp-json\/wp\/v2\/media\/4310"}],"wp:attachment":[{"href":"https:\/\/www.repam.net\/pt\/wp-json\/wp\/v2\/media?parent=4308"}],"wp:term":[{"taxonomy":"category","embeddable":true,"href":"https:\/\/www.repam.net\/pt\/wp-json\/wp\/v2\/categories?post=4308"},{"taxonomy":"post_tag","embeddable":true,"href":"https:\/\/www.repam.net\/pt\/wp-json\/wp\/v2\/tags?post=4308"}],"curies":[{"name":"wp","href":"https:\/\/api.w.org\/{rel}","templated":true}]}}