{"id":4314,"date":"2026-04-27T19:05:38","date_gmt":"2026-04-27T22:05:38","guid":{"rendered":"https:\/\/www.repam.net\/pt\/?p=4314"},"modified":"2026-04-27T20:17:33","modified_gmt":"2026-04-27T23:17:33","slug":"igreja-com-voz-clara-e-forte","status":"publish","type":"post","link":"https:\/\/www.repam.net\/pt\/igreja-com-voz-clara-e-forte\/","title":{"rendered":"\u201cUma Igreja com voz clara e forte\u201d"},"content":{"rendered":"\n<h5 class=\"wp-block-heading\"><strong>As Redes de Ecologia Integral das Am\u00e9ricas se encontram com a Miss\u00e3o Permanente da Santa S\u00e9 junto \u00e0s Na\u00e7\u00f5es Unidas e com o Arcebispo de Nova York.<\/strong><\/h5>\n\n\n<div class=\"wp-block-image\">\n<figure class=\"aligncenter size-large\"><img loading=\"lazy\" decoding=\"async\" width=\"1600\" height=\"900\" src=\"https:\/\/www.repam.net\/pt\/wp-content\/uploads\/2026\/04\/WhatsApp-Image-2026-04-27-at-4.46.12-PM-edited.jpeg\" alt=\"\" class=\"wp-image-4316\" srcset=\"https:\/\/www.repam.net\/pt\/wp-content\/uploads\/2026\/04\/WhatsApp-Image-2026-04-27-at-4.46.12-PM-edited.jpeg 1600w, https:\/\/www.repam.net\/pt\/wp-content\/uploads\/2026\/04\/WhatsApp-Image-2026-04-27-at-4.46.12-PM-edited-300x169.jpeg 300w, https:\/\/www.repam.net\/pt\/wp-content\/uploads\/2026\/04\/WhatsApp-Image-2026-04-27-at-4.46.12-PM-edited-1024x576.jpeg 1024w, https:\/\/www.repam.net\/pt\/wp-content\/uploads\/2026\/04\/WhatsApp-Image-2026-04-27-at-4.46.12-PM-edited-768x432.jpeg 768w, https:\/\/www.repam.net\/pt\/wp-content\/uploads\/2026\/04\/WhatsApp-Image-2026-04-27-at-4.46.12-PM-edited-1536x864.jpeg 1536w\" sizes=\"auto, (max-width: 1600px) 100vw, 1600px\" \/><figcaption class=\"wp-element-caption\"> <br><\/figcaption><\/figure>\n<\/div>\n\n\n<p>Manhattan, domingo, 26 de abril de 2026.<\/p>\n\n\n\n<p><strong><em>Por: Sonia Olea Ferreras, REPAM e C\u00e1ritas Espanhola<\/em><\/strong><\/p>\n\n\n\n<h5 class=\"wp-block-heading\"><strong>Patricia Gualinga, REPAM e REGCHAG compartilham balan\u00e7o do F\u00f3rum Ind\u00edgena com o Arcebispo Hicks<\/strong><\/h5>\n\n\n\n<p>Durante a semana, realizamos diversos espa\u00e7os de encontro para sensibilizar e informar sobre as viola\u00e7\u00f5es de direitos humanos, coletivos e da natureza vividas pelos povos nas diferentes bacias das Am\u00e9ricas. Esses espa\u00e7os foram fundamentais, especialmente aqueles em que nos encontramos com as congrega\u00e7\u00f5es religiosas que trabalham nas Na\u00e7\u00f5es Unidas. Da mesma forma, a oportunidade vivida hoje de participar da Missa Solene das 10h15 em Saint Patrick e, depois, sermos acolhidos por Monsenhor Ronald em sua resid\u00eancia foi muito significativa. Foi um espa\u00e7o \u00fanico que as lideran\u00e7as femininas levam em seus cora\u00e7\u00f5es para transmitir aos seus povos.<\/p>\n\n\n\n<p>A companhia de Patricia Gualinga, que rec\u00e9m havia iniciado sua participa\u00e7\u00e3o no F\u00f3rum Permanente na \u00faltima segunda-feira, 20 de abril, ap\u00f3s concluir seu mandato como vice-presidente da CEAMA, tem fortalecido o caminhar da Igreja ao lado das comunidades. Da mesma forma, refor\u00e7a-se a necessidade de apoiar as propostas que, nestes dias, ecoaram pelos corredores das Na\u00e7\u00f5es Unidas, para que a realidade de dor, descarte e invisibiliza\u00e7\u00e3o vivida por tantas pessoas chegue a outros espa\u00e7os onde nossos pastores possam levantar sua voz e impulsionar a constru\u00e7\u00e3o de um outro mundo poss\u00edvel.<\/p>\n\n\n\n<p>Dom Ronald, com uma importante experi\u00eancia na Am\u00e9rica Central, ouviu com muita aten\u00e7\u00e3o a situa\u00e7\u00e3o dos povos Mbya Guarani e Nawa nas vozes de Keyla e Lucila. Realidades de territ\u00f3rios massacrados e explorados; de culturas e l\u00ednguas discriminadas; de natureza devastada e \u00e1guas contaminadas. A dor das mulheres refletia-se no rosto de Dom Ronald, e suas palavras foram de consolo e de esperan\u00e7a, recordando com Le\u00e3o XIV que a voz da Igreja deve ser forte e clara, ao lado das pessoas e dos povos que mais sofrem. Como encerramento de nossa presen\u00e7a deste ano, pudemos compartilhar com ele o trabalho de ecologia integral das redes eclesiais, especialmente o relacionado \u00e0 incid\u00eancia pol\u00edtica junto \u00e0s Na\u00e7\u00f5es Unidas e aos momentos de sensibiliza\u00e7\u00e3o e partilha realizados em outras atividades fora das agendas oficiais destes dias.<\/p>\n\n\n\n<h5 class=\"wp-block-heading\"><strong>Encontro com a Secretaria da Miss\u00e3o Permanente da Santa S\u00e9 junto \u00e0s Na\u00e7\u00f5es Unidas em Nova York<\/strong><\/h5>\n\n\n<div class=\"wp-block-image\">\n<figure class=\"aligncenter size-large\"><img loading=\"lazy\" decoding=\"async\" width=\"1600\" height=\"901\" src=\"https:\/\/www.repam.net\/pt\/wp-content\/uploads\/2026\/04\/WhatsApp-Image-2026-04-27-at-4.46.26-PM-edited.jpeg\" alt=\"\" class=\"wp-image-4318\" srcset=\"https:\/\/www.repam.net\/pt\/wp-content\/uploads\/2026\/04\/WhatsApp-Image-2026-04-27-at-4.46.26-PM-edited.jpeg 1600w, https:\/\/www.repam.net\/pt\/wp-content\/uploads\/2026\/04\/WhatsApp-Image-2026-04-27-at-4.46.26-PM-edited-300x169.jpeg 300w, https:\/\/www.repam.net\/pt\/wp-content\/uploads\/2026\/04\/WhatsApp-Image-2026-04-27-at-4.46.26-PM-edited-1024x577.jpeg 1024w, https:\/\/www.repam.net\/pt\/wp-content\/uploads\/2026\/04\/WhatsApp-Image-2026-04-27-at-4.46.26-PM-edited-768x432.jpeg 768w, https:\/\/www.repam.net\/pt\/wp-content\/uploads\/2026\/04\/WhatsApp-Image-2026-04-27-at-4.46.26-PM-edited-1536x865.jpeg 1536w\" sizes=\"auto, (max-width: 1600px) 100vw, 1600px\" \/><\/figure>\n<\/div>\n\n\n<p>Na manh\u00e3 de s\u00e1bado, 25 de abril, realizamos nosso tradicional di\u00e1logo-caf\u00e9 com a Miss\u00e3o Permanente junto \u00e0s Na\u00e7\u00f5es Unidas em Nova York. Este ano, em um momento de transi\u00e7\u00e3o, preparava-se a chegada de um novo N\u00fancio. A REMAM, REGCHAG e REPAM, juntamente com todas as lideran\u00e7as que nos acompanharam nestes dias no F\u00f3rum Permanente, puderam compartilhar as a\u00e7\u00f5es e reuni\u00f5es realizadas e as propostas apresentadas em todos os seus eventos internos e externos; al\u00e9m disso, colocamos em comum ideias de trabalho conjunto para futuros F\u00f3runs Permanentes e outros espa\u00e7os de especial interesse (\u00e1gua, financiamento ao desenvolvimento, povos afrodescendentes, COP\u2026), no \u00e2mbito das Na\u00e7\u00f5es Unidas.<\/p>\n\n\n\n<p>Foi muito especial encerrar com uma ora\u00e7\u00e3o de a\u00e7\u00e3o de gra\u00e7as e de envio aos nossos locais de trabalho e de luta.<\/p>\n","protected":false},"excerpt":{"rendered":"<p>As Redes de Ecologia Integral das Am\u00e9ricas se encontram com a Miss\u00e3o Permanente da Santa S\u00e9 junto \u00e0s Na\u00e7\u00f5es Unidas e com o Arcebispo de Nova York. Manhattan, domingo, 26 de abril de 2026. Por: Sonia Olea Ferreras, REPAM e C\u00e1ritas Espanhola Patricia Gualinga, REPAM e REGCHAG compartilham balan\u00e7o do F\u00f3rum Ind\u00edgena com o Arcebispo [&hellip;]<\/p>\n","protected":false},"author":1,"featured_media":4316,"comment_status":"closed","ping_status":"closed","sticky":false,"template":"","format":"standard","meta":{"_acf_changed":false,"_uf_show_specific_survey":0,"_uf_disable_surveys":false,"footnotes":""},"categories":[56,4],"tags":[63,59,35,6],"class_list":["post-4314","post","type-post","status-publish","format-standard","has-post-thumbnail","hentry","category-direitos-humanos","category-noticias","tag-amazonia-2","tag-direitos-humanos","tag-povos-indigenas","tag-repam"],"acf":[],"aioseo_notices":[],"yoast_head":"<!-- This site is optimized with the Yoast SEO plugin v24.2 - https:\/\/yoast.com\/wordpress\/plugins\/seo\/ -->\n<title>\u201cUma Igreja com voz clara e forte\u201d - Repam<\/title>\n<meta name=\"description\" content=\"As Redes de Ecologia Integral das Am\u00e9ricas se encontram com a Miss\u00e3o Permanente da Santa S\u00e9 junto \u00e0s Na\u00e7\u00f5es Unidas e com o Arcebispo de Nova York.\" \/>\n<meta name=\"robots\" content=\"index, follow, max-snippet:-1, max-image-preview:large, max-video-preview:-1\" \/>\n<link rel=\"canonical\" href=\"https:\/\/www.repam.net\/pt\/igreja-com-voz-clara-e-forte\/\" \/>\n<meta property=\"og:locale\" content=\"pt_BR\" \/>\n<meta property=\"og:type\" content=\"article\" \/>\n<meta property=\"og:title\" content=\"\u201cUma Igreja com voz clara e forte\u201d - Repam\" \/>\n<meta property=\"og:description\" content=\"As Redes de Ecologia Integral das Am\u00e9ricas se encontram com a Miss\u00e3o Permanente da Santa S\u00e9 junto \u00e0s Na\u00e7\u00f5es Unidas e com o Arcebispo de Nova York.\" \/>\n<meta property=\"og:url\" content=\"https:\/\/www.repam.net\/pt\/igreja-com-voz-clara-e-forte\/\" \/>\n<meta property=\"og:site_name\" content=\"Repam\" \/>\n<meta property=\"article:published_time\" content=\"2026-04-27T22:05:38+00:00\" \/>\n<meta property=\"article:modified_time\" content=\"2026-04-27T23:17:33+00:00\" \/>\n<meta property=\"og:image\" content=\"https:\/\/www.repam.net\/pt\/wp-content\/uploads\/2026\/04\/WhatsApp-Image-2026-04-27-at-4.46.12-PM-edited.jpeg\" \/>\n\t<meta property=\"og:image:width\" content=\"1600\" \/>\n\t<meta property=\"og:image:height\" content=\"900\" \/>\n\t<meta property=\"og:image:type\" content=\"image\/jpeg\" \/>\n<meta name=\"author\" content=\"repam@adm\" \/>\n<meta name=\"twitter:card\" content=\"summary_large_image\" \/>\n<meta name=\"twitter:label1\" content=\"Escrito por\" \/>\n\t<meta name=\"twitter:data1\" content=\"repam@adm\" \/>\n\t<meta name=\"twitter:label2\" content=\"Est. tempo de leitura\" \/>\n\t<meta name=\"twitter:data2\" content=\"4 minutos\" \/>\n<script type=\"application\/ld+json\" class=\"yoast-schema-graph\">{\"@context\":\"https:\/\/schema.org\",\"@graph\":[{\"@type\":\"Article\",\"@id\":\"https:\/\/www.repam.net\/pt\/igreja-com-voz-clara-e-forte\/#article\",\"isPartOf\":{\"@id\":\"https:\/\/www.repam.net\/pt\/igreja-com-voz-clara-e-forte\/\"},\"author\":{\"name\":\"repam@adm\",\"@id\":\"https:\/\/www.repam.net\/pt\/#\/schema\/person\/b6f20b09de002e56f342d9b3a5143d51\"},\"headline\":\"\u201cUma Igreja com voz clara e forte\u201d\",\"datePublished\":\"2026-04-27T22:05:38+00:00\",\"dateModified\":\"2026-04-27T23:17:33+00:00\",\"mainEntityOfPage\":{\"@id\":\"https:\/\/www.repam.net\/pt\/igreja-com-voz-clara-e-forte\/\"},\"wordCount\":579,\"publisher\":{\"@id\":\"https:\/\/www.repam.net\/pt\/#organization\"},\"image\":{\"@id\":\"https:\/\/www.repam.net\/pt\/igreja-com-voz-clara-e-forte\/#primaryimage\"},\"thumbnailUrl\":\"https:\/\/www.repam.net\/pt\/wp-content\/uploads\/2026\/04\/WhatsApp-Image-2026-04-27-at-4.46.12-PM-edited.jpeg\",\"keywords\":[\"amazonia\",\"Direitos Humanos\",\"Povos Ind\u00edgenas\",\"REPAM\"],\"articleSection\":[\"Direitos Humanos\",\"Not\u00edcias\"],\"inLanguage\":\"pt-BR\"},{\"@type\":\"WebPage\",\"@id\":\"https:\/\/www.repam.net\/pt\/igreja-com-voz-clara-e-forte\/\",\"url\":\"https:\/\/www.repam.net\/pt\/igreja-com-voz-clara-e-forte\/\",\"name\":\"\u201cUma Igreja com voz clara e forte\u201d - Repam\",\"isPartOf\":{\"@id\":\"https:\/\/www.repam.net\/pt\/#website\"},\"primaryImageOfPage\":{\"@id\":\"https:\/\/www.repam.net\/pt\/igreja-com-voz-clara-e-forte\/#primaryimage\"},\"image\":{\"@id\":\"https:\/\/www.repam.net\/pt\/igreja-com-voz-clara-e-forte\/#primaryimage\"},\"thumbnailUrl\":\"https:\/\/www.repam.net\/pt\/wp-content\/uploads\/2026\/04\/WhatsApp-Image-2026-04-27-at-4.46.12-PM-edited.jpeg\",\"datePublished\":\"2026-04-27T22:05:38+00:00\",\"dateModified\":\"2026-04-27T23:17:33+00:00\",\"description\":\"As Redes de Ecologia Integral das Am\u00e9ricas se encontram com a Miss\u00e3o Permanente da Santa S\u00e9 junto \u00e0s Na\u00e7\u00f5es Unidas e com o Arcebispo de Nova York.\",\"breadcrumb\":{\"@id\":\"https:\/\/www.repam.net\/pt\/igreja-com-voz-clara-e-forte\/#breadcrumb\"},\"inLanguage\":\"pt-BR\",\"potentialAction\":[{\"@type\":\"ReadAction\",\"target\":[\"https:\/\/www.repam.net\/pt\/igreja-com-voz-clara-e-forte\/\"]}]},{\"@type\":\"ImageObject\",\"inLanguage\":\"pt-BR\",\"@id\":\"https:\/\/www.repam.net\/pt\/igreja-com-voz-clara-e-forte\/#primaryimage\",\"url\":\"https:\/\/www.repam.net\/pt\/wp-content\/uploads\/2026\/04\/WhatsApp-Image-2026-04-27-at-4.46.12-PM-edited.jpeg\",\"contentUrl\":\"https:\/\/www.repam.net\/pt\/wp-content\/uploads\/2026\/04\/WhatsApp-Image-2026-04-27-at-4.46.12-PM-edited.jpeg\",\"width\":1600,\"height\":900},{\"@type\":\"BreadcrumbList\",\"@id\":\"https:\/\/www.repam.net\/pt\/igreja-com-voz-clara-e-forte\/#breadcrumb\",\"itemListElement\":[{\"@type\":\"ListItem\",\"position\":1,\"name\":\"In\u00edcio\",\"item\":\"https:\/\/www.repam.net\/pt\/\"},{\"@type\":\"ListItem\",\"position\":2,\"name\":\"\u201cUma Igreja com voz clara e forte\u201d\"}]},{\"@type\":\"WebSite\",\"@id\":\"https:\/\/www.repam.net\/pt\/#website\",\"url\":\"https:\/\/www.repam.net\/pt\/\",\"name\":\"Repam\",\"description\":\"Rede Eclesial Pan-amaz\u00f4nica\",\"publisher\":{\"@id\":\"https:\/\/www.repam.net\/pt\/#organization\"},\"potentialAction\":[{\"@type\":\"SearchAction\",\"target\":{\"@type\":\"EntryPoint\",\"urlTemplate\":\"https:\/\/www.repam.net\/pt\/?s={search_term_string}\"},\"query-input\":{\"@type\":\"PropertyValueSpecification\",\"valueRequired\":true,\"valueName\":\"search_term_string\"}}],\"inLanguage\":\"pt-BR\"},{\"@type\":\"Organization\",\"@id\":\"https:\/\/www.repam.net\/pt\/#organization\",\"name\":\"Repam\",\"url\":\"https:\/\/www.repam.net\/pt\/\",\"logo\":{\"@type\":\"ImageObject\",\"inLanguage\":\"pt-BR\",\"@id\":\"https:\/\/www.repam.net\/pt\/#\/schema\/logo\/image\/\",\"url\":\"https:\/\/www.repam.net\/pt\/wp-content\/uploads\/2022\/02\/15.-REPAM-BRASIL.jpg\",\"contentUrl\":\"https:\/\/www.repam.net\/pt\/wp-content\/uploads\/2022\/02\/15.-REPAM-BRASIL.jpg\",\"width\":231,\"height\":230,\"caption\":\"Repam\"},\"image\":{\"@id\":\"https:\/\/www.repam.net\/pt\/#\/schema\/logo\/image\/\"}},{\"@type\":\"Person\",\"@id\":\"https:\/\/www.repam.net\/pt\/#\/schema\/person\/b6f20b09de002e56f342d9b3a5143d51\",\"name\":\"repam@adm\",\"image\":{\"@type\":\"ImageObject\",\"inLanguage\":\"pt-BR\",\"@id\":\"https:\/\/www.repam.net\/pt\/#\/schema\/person\/image\/\",\"url\":\"https:\/\/secure.gravatar.com\/avatar\/b18234ea6de5d74563e52ca7bfdad9d2b029b514c935b38a2790717abf8f2e5f?s=96&d=mm&r=g\",\"contentUrl\":\"https:\/\/secure.gravatar.com\/avatar\/b18234ea6de5d74563e52ca7bfdad9d2b029b514c935b38a2790717abf8f2e5f?s=96&d=mm&r=g\",\"caption\":\"repam@adm\"},\"sameAs\":[\"https:\/\/www.repam.net\/pt\"],\"url\":\"https:\/\/www.repam.net\/pt\/author\/repamadm\/\"}]}<\/script>\n<!-- \/ Yoast SEO plugin. -->","yoast_head_json":{"title":"\u201cUma Igreja com voz clara e forte\u201d - Repam","description":"As Redes de Ecologia Integral das Am\u00e9ricas se encontram com a Miss\u00e3o Permanente da Santa S\u00e9 junto \u00e0s Na\u00e7\u00f5es Unidas e com o Arcebispo de Nova York.","robots":{"index":"index","follow":"follow","max-snippet":"max-snippet:-1","max-image-preview":"max-image-preview:large","max-video-preview":"max-video-preview:-1"},"canonical":"https:\/\/www.repam.net\/pt\/igreja-com-voz-clara-e-forte\/","og_locale":"pt_BR","og_type":"article","og_title":"\u201cUma Igreja com voz clara e forte\u201d - Repam","og_description":"As Redes de Ecologia Integral das Am\u00e9ricas se encontram com a Miss\u00e3o Permanente da Santa S\u00e9 junto \u00e0s Na\u00e7\u00f5es Unidas e com o Arcebispo de Nova York.","og_url":"https:\/\/www.repam.net\/pt\/igreja-com-voz-clara-e-forte\/","og_site_name":"Repam","article_published_time":"2026-04-27T22:05:38+00:00","article_modified_time":"2026-04-27T23:17:33+00:00","og_image":[{"width":1600,"height":900,"url":"https:\/\/www.repam.net\/pt\/wp-content\/uploads\/2026\/04\/WhatsApp-Image-2026-04-27-at-4.46.12-PM-edited.jpeg","type":"image\/jpeg"}],"author":"repam@adm","twitter_card":"summary_large_image","twitter_misc":{"Escrito por":"repam@adm","Est. tempo de leitura":"4 minutos"},"schema":{"@context":"https:\/\/schema.org","@graph":[{"@type":"Article","@id":"https:\/\/www.repam.net\/pt\/igreja-com-voz-clara-e-forte\/#article","isPartOf":{"@id":"https:\/\/www.repam.net\/pt\/igreja-com-voz-clara-e-forte\/"},"author":{"name":"repam@adm","@id":"https:\/\/www.repam.net\/pt\/#\/schema\/person\/b6f20b09de002e56f342d9b3a5143d51"},"headline":"\u201cUma Igreja com voz clara e forte\u201d","datePublished":"2026-04-27T22:05:38+00:00","dateModified":"2026-04-27T23:17:33+00:00","mainEntityOfPage":{"@id":"https:\/\/www.repam.net\/pt\/igreja-com-voz-clara-e-forte\/"},"wordCount":579,"publisher":{"@id":"https:\/\/www.repam.net\/pt\/#organization"},"image":{"@id":"https:\/\/www.repam.net\/pt\/igreja-com-voz-clara-e-forte\/#primaryimage"},"thumbnailUrl":"https:\/\/www.repam.net\/pt\/wp-content\/uploads\/2026\/04\/WhatsApp-Image-2026-04-27-at-4.46.12-PM-edited.jpeg","keywords":["amazonia","Direitos Humanos","Povos Ind\u00edgenas","REPAM"],"articleSection":["Direitos Humanos","Not\u00edcias"],"inLanguage":"pt-BR"},{"@type":"WebPage","@id":"https:\/\/www.repam.net\/pt\/igreja-com-voz-clara-e-forte\/","url":"https:\/\/www.repam.net\/pt\/igreja-com-voz-clara-e-forte\/","name":"\u201cUma Igreja com voz clara e forte\u201d - Repam","isPartOf":{"@id":"https:\/\/www.repam.net\/pt\/#website"},"primaryImageOfPage":{"@id":"https:\/\/www.repam.net\/pt\/igreja-com-voz-clara-e-forte\/#primaryimage"},"image":{"@id":"https:\/\/www.repam.net\/pt\/igreja-com-voz-clara-e-forte\/#primaryimage"},"thumbnailUrl":"https:\/\/www.repam.net\/pt\/wp-content\/uploads\/2026\/04\/WhatsApp-Image-2026-04-27-at-4.46.12-PM-edited.jpeg","datePublished":"2026-04-27T22:05:38+00:00","dateModified":"2026-04-27T23:17:33+00:00","description":"As Redes de Ecologia Integral das Am\u00e9ricas se encontram com a Miss\u00e3o Permanente da Santa S\u00e9 junto \u00e0s Na\u00e7\u00f5es Unidas e com o Arcebispo de Nova York.","breadcrumb":{"@id":"https:\/\/www.repam.net\/pt\/igreja-com-voz-clara-e-forte\/#breadcrumb"},"inLanguage":"pt-BR","potentialAction":[{"@type":"ReadAction","target":["https:\/\/www.repam.net\/pt\/igreja-com-voz-clara-e-forte\/"]}]},{"@type":"ImageObject","inLanguage":"pt-BR","@id":"https:\/\/www.repam.net\/pt\/igreja-com-voz-clara-e-forte\/#primaryimage","url":"https:\/\/www.repam.net\/pt\/wp-content\/uploads\/2026\/04\/WhatsApp-Image-2026-04-27-at-4.46.12-PM-edited.jpeg","contentUrl":"https:\/\/www.repam.net\/pt\/wp-content\/uploads\/2026\/04\/WhatsApp-Image-2026-04-27-at-4.46.12-PM-edited.jpeg","width":1600,"height":900},{"@type":"BreadcrumbList","@id":"https:\/\/www.repam.net\/pt\/igreja-com-voz-clara-e-forte\/#breadcrumb","itemListElement":[{"@type":"ListItem","position":1,"name":"In\u00edcio","item":"https:\/\/www.repam.net\/pt\/"},{"@type":"ListItem","position":2,"name":"\u201cUma Igreja com voz clara e forte\u201d"}]},{"@type":"WebSite","@id":"https:\/\/www.repam.net\/pt\/#website","url":"https:\/\/www.repam.net\/pt\/","name":"Repam","description":"Rede Eclesial Pan-amaz\u00f4nica","publisher":{"@id":"https:\/\/www.repam.net\/pt\/#organization"},"potentialAction":[{"@type":"SearchAction","target":{"@type":"EntryPoint","urlTemplate":"https:\/\/www.repam.net\/pt\/?s={search_term_string}"},"query-input":{"@type":"PropertyValueSpecification","valueRequired":true,"valueName":"search_term_string"}}],"inLanguage":"pt-BR"},{"@type":"Organization","@id":"https:\/\/www.repam.net\/pt\/#organization","name":"Repam","url":"https:\/\/www.repam.net\/pt\/","logo":{"@type":"ImageObject","inLanguage":"pt-BR","@id":"https:\/\/www.repam.net\/pt\/#\/schema\/logo\/image\/","url":"https:\/\/www.repam.net\/pt\/wp-content\/uploads\/2022\/02\/15.-REPAM-BRASIL.jpg","contentUrl":"https:\/\/www.repam.net\/pt\/wp-content\/uploads\/2022\/02\/15.-REPAM-BRASIL.jpg","width":231,"height":230,"caption":"Repam"},"image":{"@id":"https:\/\/www.repam.net\/pt\/#\/schema\/logo\/image\/"}},{"@type":"Person","@id":"https:\/\/www.repam.net\/pt\/#\/schema\/person\/b6f20b09de002e56f342d9b3a5143d51","name":"repam@adm","image":{"@type":"ImageObject","inLanguage":"pt-BR","@id":"https:\/\/www.repam.net\/pt\/#\/schema\/person\/image\/","url":"https:\/\/secure.gravatar.com\/avatar\/b18234ea6de5d74563e52ca7bfdad9d2b029b514c935b38a2790717abf8f2e5f?s=96&d=mm&r=g","contentUrl":"https:\/\/secure.gravatar.com\/avatar\/b18234ea6de5d74563e52ca7bfdad9d2b029b514c935b38a2790717abf8f2e5f?s=96&d=mm&r=g","caption":"repam@adm"},"sameAs":["https:\/\/www.repam.net\/pt"],"url":"https:\/\/www.repam.net\/pt\/author\/repamadm\/"}]}},"_links":{"self":[{"href":"https:\/\/www.repam.net\/pt\/wp-json\/wp\/v2\/posts\/4314","targetHints":{"allow":["GET"]}}],"collection":[{"href":"https:\/\/www.repam.net\/pt\/wp-json\/wp\/v2\/posts"}],"about":[{"href":"https:\/\/www.repam.net\/pt\/wp-json\/wp\/v2\/types\/post"}],"author":[{"embeddable":true,"href":"https:\/\/www.repam.net\/pt\/wp-json\/wp\/v2\/users\/1"}],"replies":[{"embeddable":true,"href":"https:\/\/www.repam.net\/pt\/wp-json\/wp\/v2\/comments?post=4314"}],"version-history":[{"count":3,"href":"https:\/\/www.repam.net\/pt\/wp-json\/wp\/v2\/posts\/4314\/revisions"}],"predecessor-version":[{"id":4322,"href":"https:\/\/www.repam.net\/pt\/wp-json\/wp\/v2\/posts\/4314\/revisions\/4322"}],"wp:featuredmedia":[{"embeddable":true,"href":"https:\/\/www.repam.net\/pt\/wp-json\/wp\/v2\/media\/4316"}],"wp:attachment":[{"href":"https:\/\/www.repam.net\/pt\/wp-json\/wp\/v2\/media?parent=4314"}],"wp:term":[{"taxonomy":"category","embeddable":true,"href":"https:\/\/www.repam.net\/pt\/wp-json\/wp\/v2\/categories?post=4314"},{"taxonomy":"post_tag","embeddable":true,"href":"https:\/\/www.repam.net\/pt\/wp-json\/wp\/v2\/tags?post=4314"}],"curies":[{"name":"wp","href":"https:\/\/api.w.org\/{rel}","templated":true}]}}