{"id":4323,"date":"2026-04-27T20:34:59","date_gmt":"2026-04-27T23:34:59","guid":{"rendered":"https:\/\/www.repam.net\/pt\/?p=4323"},"modified":"2026-04-27T20:35:00","modified_gmt":"2026-04-27T23:35:00","slug":"encontro-de-redes-com-patricia-gualinga","status":"publish","type":"post","link":"https:\/\/www.repam.net\/pt\/encontro-de-redes-com-patricia-gualinga\/","title":{"rendered":"Extrativismo, criminaliza\u00e7\u00e3o e crise clim\u00e1tica marcam o encontro de redes com Patricia Gualinga no F\u00f3rum da ONU"},"content":{"rendered":"<div class=\"wp-block-image\">\n<figure class=\"aligncenter size-large\"><img loading=\"lazy\" decoding=\"async\" width=\"1280\" height=\"720\" src=\"https:\/\/www.repam.net\/pt\/wp-content\/uploads\/2026\/04\/WhatsApp-Image-2026-04-27-at-6.28.34-PM-edited.jpeg\" alt=\"\" class=\"wp-image-4325\" srcset=\"https:\/\/www.repam.net\/pt\/wp-content\/uploads\/2026\/04\/WhatsApp-Image-2026-04-27-at-6.28.34-PM-edited.jpeg 1280w, https:\/\/www.repam.net\/pt\/wp-content\/uploads\/2026\/04\/WhatsApp-Image-2026-04-27-at-6.28.34-PM-edited-300x169.jpeg 300w, https:\/\/www.repam.net\/pt\/wp-content\/uploads\/2026\/04\/WhatsApp-Image-2026-04-27-at-6.28.34-PM-edited-1024x576.jpeg 1024w, https:\/\/www.repam.net\/pt\/wp-content\/uploads\/2026\/04\/WhatsApp-Image-2026-04-27-at-6.28.34-PM-edited-768x432.jpeg 768w\" sizes=\"auto, (max-width: 1280px) 100vw, 1280px\" \/><\/figure>\n<\/div>\n\n\n<blockquote class=\"wp-block-quote is-layout-flow wp-block-quote-is-layout-flow\">\n<p><em>Representantes da REGCHAG, REMAM e REPAM dialogaram com a lideran\u00e7a ind\u00edgena sobre os principais desafios globais enfrentados pelos povos em seus territ\u00f3rios e a necessidade de fortalecer a incid\u00eancia internacional.<\/em><\/p>\n<\/blockquote>\n\n\n\n<p><strong><em>Por: Comunica\u00e7\u00f5es REGCHAG, REMAM e REPAM.<\/em><\/strong><\/p>\n\n\n\n<p>No \u00e2mbito da 25\u00aa sess\u00e3o do F\u00f3rum Permanente das Na\u00e7\u00f5es Unidas sobre Quest\u00f5es Ind\u00edgenas, realizada em Nova York, delega\u00e7\u00f5es da Rede Eclesial Grande Chaco e Aqu\u00edfero Guarani, da Rede Eclesial Ecol\u00f3gica Mesoamericana e da Rede Eclesial Pan-Amaz\u00f4nica participaram de um encontro com a lideran\u00e7a ind\u00edgena Patricia Gualinga, no qual foram compartilhadas preocupa\u00e7\u00f5es, experi\u00eancias e desafios comuns em torno da defesa dos territ\u00f3rios ind\u00edgenas. O espa\u00e7o de di\u00e1logo ocorreu na v\u00e9spera do F\u00f3rum e reuniu representantes de diferentes redes territoriais e organiza\u00e7\u00f5es aliadas, em uma inst\u00e2ncia de interc\u00e2mbio que permitiu reconhecer a converg\u00eancia das lutas ind\u00edgenas em n\u00edvel global. Da \u00c1frica, da \u00c1sia, do \u00c1rtico e da Am\u00e9rica Latina, as interven\u00e7\u00f5es coincidiram em um diagn\u00f3stico comum: os territ\u00f3rios ind\u00edgenas s\u00e3o hoje os mais pressionados pelos interesses extrativistas.<\/p>\n\n\n\n<p>Durante o encontro, Patricia Gualinga apresentou parte da agenda que promove no \u00e2mbito internacional e reafirmou seu compromisso com a defesa dos povos ind\u00edgenas. Ao mesmo tempo, alertou para um contexto preocupante dentro do pr\u00f3prio sistema das Na\u00e7\u00f5es Unidas, marcado por cortes or\u00e7ament\u00e1rios que podem afetar a continuidade e o alcance de espa\u00e7os de participa\u00e7\u00e3o como o F\u00f3rum Permanente, fundamentais para a incid\u00eancia dos povos em n\u00edvel global. Um dos eixos centrais da conversa foi o avan\u00e7o do extrativismo sobre os territ\u00f3rios ind\u00edgenas. As delega\u00e7\u00f5es coincidiram em que essa problem\u00e1tica se repete em diferentes regi\u00f5es do mundo, onde os povos enfrentam press\u00f5es crescentes para a explora\u00e7\u00e3o de recursos naturais. Essa situa\u00e7\u00e3o, destacaram, se traduz em viol\u00eancia, amea\u00e7as, criminaliza\u00e7\u00e3o e deslocamentos, afetando diretamente a vida das comunidades.<\/p>\n\n\n\n<p>Nesse contexto, destacou-se que as lutas dos povos ind\u00edgenas compartilham um mesmo n\u00facleo: a defesa do territ\u00f3rio como condi\u00e7\u00e3o para a vida. A falta de seguran\u00e7a territorial, a expans\u00e3o de atividades como a minera\u00e7\u00e3o, a explora\u00e7\u00e3o florestal e o agroneg\u00f3cio, assim como o agravamento da crise clim\u00e1tica, configuram um cen\u00e1rio comum que atravessa territ\u00f3rios em diferentes latitudes. Durante sua interven\u00e7\u00e3o no F\u00f3rum, Gualinga tamb\u00e9m ressaltou o crescente reconhecimento internacional do papel dos povos ind\u00edgenas como guardi\u00f5es do meio ambiente. Recordou que inst\u00e2ncias como a Corte Internacional de Justi\u00e7a e a Corte Interamericana de Direitos Humanos t\u00eam validado seus sistemas de conhecimento e sua contribui\u00e7\u00e3o para a prote\u00e7\u00e3o da biodiversidade, especialmente em regi\u00f5es como a Amaz\u00f4nia, onde a conserva\u00e7\u00e3o de grandes \u00e1reas de floresta est\u00e1 diretamente vinculada \u00e0 presen\u00e7a ind\u00edgena.<\/p>\n\n\n\n<p>Nessa linha, insistiu que os conhecimentos ind\u00edgenas devem ser reconhecidos como contribui\u00e7\u00f5es fundamentais para a a\u00e7\u00e3o clim\u00e1tica e que a participa\u00e7\u00e3o dos povos nos espa\u00e7os de tomada de decis\u00e3o deve ser real e efetiva, superando abordagens meramente simb\u00f3licas. Da mesma forma, alertou sobre as contradi\u00e7\u00f5es presentes no \u00e2mbito da chamada economia verde. Projetos vinculados a energias renov\u00e1veis e outras iniciativas consideradas sustent\u00e1veis continuam gerando impactos negativos em territ\u00f3rios ind\u00edgenas quando s\u00e3o implementados sem o consentimento livre, pr\u00e9vio e informado, reproduzindo l\u00f3gicas de despojo sob novos discursos.<\/p>\n\n\n\n<p>O encontro tamb\u00e9m permitiu compartilhar as realidades concretas enfrentadas pelos povos em seus territ\u00f3rios. A partir de diferentes regi\u00f5es, as delega\u00e7\u00f5es coincidiram em que as problem\u00e1ticas relacionadas \u00e0 crise ambiental, ao acesso aos recursos naturais e \u00e0 defesa dos direitos coletivos fazem parte de uma mesma luta global. Para as redes participantes, esse espa\u00e7o de di\u00e1logo representou uma oportunidade para fortalecer alian\u00e7as, articular estrat\u00e9gias e reafirmar o compromisso com a defesa dos direitos humanos e a incid\u00eancia pol\u00edtica na Am\u00e9rica Latina. A participa\u00e7\u00e3o conjunta da REGCHAG, REMAM e REPAM no F\u00f3rum Permanente responde a uma aposta por consolidar uma voz articulada que leve aos cen\u00e1rios internacionais as demandas que emergem dos territ\u00f3rios.<\/p>\n","protected":false},"excerpt":{"rendered":"<p>Representantes da REGCHAG, REMAM e REPAM dialogaram com a lideran\u00e7a ind\u00edgena sobre os principais desafios globais enfrentados pelos povos em seus territ\u00f3rios e a necessidade de fortalecer a incid\u00eancia internacional. Por: Comunica\u00e7\u00f5es REGCHAG, REMAM e REPAM. No \u00e2mbito da 25\u00aa sess\u00e3o do F\u00f3rum Permanente das Na\u00e7\u00f5es Unidas sobre Quest\u00f5es Ind\u00edgenas, realizada em Nova York, delega\u00e7\u00f5es [&hellip;]<\/p>\n","protected":false},"author":1,"featured_media":4325,"comment_status":"closed","ping_status":"closed","sticky":false,"template":"","format":"standard","meta":{"_acf_changed":false,"_uf_show_specific_survey":0,"_uf_disable_surveys":false,"footnotes":""},"categories":[56,4],"tags":[63,59,218,35,6],"class_list":["post-4323","post","type-post","status-publish","format-standard","has-post-thumbnail","hentry","category-direitos-humanos","category-noticias","tag-amazonia-2","tag-direitos-humanos","tag-nacoes-unidas","tag-povos-indigenas","tag-repam"],"acf":[],"aioseo_notices":[],"yoast_head":"<!-- This site is optimized with the Yoast SEO plugin v24.2 - https:\/\/yoast.com\/wordpress\/plugins\/seo\/ -->\n<title>Extrativismo, criminaliza\u00e7\u00e3o e crise clim\u00e1tica marcam o encontro de redes com Patricia Gualinga no F\u00f3rum da ONU - Repam<\/title>\n<meta name=\"description\" content=\"Representantes da REGCHAG, REMAM e REPAM dialogaram com a lideran\u00e7a ind\u00edgena sobre os principais desafios globais enfrentados pelos povos em seus territ\u00f3rios e a necessidade de fortalecer a incid\u00eancia internacional.\" \/>\n<meta name=\"robots\" content=\"index, follow, max-snippet:-1, max-image-preview:large, max-video-preview:-1\" \/>\n<link rel=\"canonical\" href=\"https:\/\/www.repam.net\/pt\/encontro-de-redes-com-patricia-gualinga\/\" \/>\n<meta property=\"og:locale\" content=\"pt_BR\" \/>\n<meta property=\"og:type\" content=\"article\" \/>\n<meta property=\"og:title\" content=\"Extrativismo, criminaliza\u00e7\u00e3o e crise clim\u00e1tica marcam o encontro de redes com Patricia Gualinga no F\u00f3rum da ONU - Repam\" \/>\n<meta property=\"og:description\" content=\"Representantes da REGCHAG, REMAM e REPAM dialogaram com a lideran\u00e7a ind\u00edgena sobre os principais desafios globais enfrentados pelos povos em seus territ\u00f3rios e a necessidade de fortalecer a incid\u00eancia internacional.\" \/>\n<meta property=\"og:url\" content=\"https:\/\/www.repam.net\/pt\/encontro-de-redes-com-patricia-gualinga\/\" \/>\n<meta property=\"og:site_name\" content=\"Repam\" \/>\n<meta property=\"article:published_time\" content=\"2026-04-27T23:34:59+00:00\" \/>\n<meta property=\"article:modified_time\" content=\"2026-04-27T23:35:00+00:00\" \/>\n<meta property=\"og:image\" content=\"https:\/\/www.repam.net\/pt\/wp-content\/uploads\/2026\/04\/WhatsApp-Image-2026-04-27-at-6.28.34-PM-edited.jpeg\" \/>\n\t<meta property=\"og:image:width\" content=\"1280\" \/>\n\t<meta property=\"og:image:height\" content=\"720\" \/>\n\t<meta property=\"og:image:type\" content=\"image\/jpeg\" \/>\n<meta name=\"author\" content=\"repam@adm\" \/>\n<meta name=\"twitter:card\" content=\"summary_large_image\" \/>\n<meta name=\"twitter:label1\" content=\"Escrito por\" \/>\n\t<meta name=\"twitter:data1\" content=\"repam@adm\" \/>\n\t<meta name=\"twitter:label2\" content=\"Est. tempo de leitura\" \/>\n\t<meta name=\"twitter:data2\" content=\"4 minutos\" \/>\n<script type=\"application\/ld+json\" class=\"yoast-schema-graph\">{\"@context\":\"https:\/\/schema.org\",\"@graph\":[{\"@type\":\"Article\",\"@id\":\"https:\/\/www.repam.net\/pt\/encontro-de-redes-com-patricia-gualinga\/#article\",\"isPartOf\":{\"@id\":\"https:\/\/www.repam.net\/pt\/encontro-de-redes-com-patricia-gualinga\/\"},\"author\":{\"name\":\"repam@adm\",\"@id\":\"https:\/\/www.repam.net\/pt\/#\/schema\/person\/b6f20b09de002e56f342d9b3a5143d51\"},\"headline\":\"Extrativismo, criminaliza\u00e7\u00e3o e crise clim\u00e1tica marcam o encontro de redes com Patricia Gualinga no F\u00f3rum da ONU\",\"datePublished\":\"2026-04-27T23:34:59+00:00\",\"dateModified\":\"2026-04-27T23:35:00+00:00\",\"mainEntityOfPage\":{\"@id\":\"https:\/\/www.repam.net\/pt\/encontro-de-redes-com-patricia-gualinga\/\"},\"wordCount\":748,\"publisher\":{\"@id\":\"https:\/\/www.repam.net\/pt\/#organization\"},\"image\":{\"@id\":\"https:\/\/www.repam.net\/pt\/encontro-de-redes-com-patricia-gualinga\/#primaryimage\"},\"thumbnailUrl\":\"https:\/\/www.repam.net\/pt\/wp-content\/uploads\/2026\/04\/WhatsApp-Image-2026-04-27-at-6.28.34-PM-edited.jpeg\",\"keywords\":[\"amazonia\",\"Direitos Humanos\",\"Na\u00e7oes Unidas\",\"Povos Ind\u00edgenas\",\"REPAM\"],\"articleSection\":[\"Direitos Humanos\",\"Not\u00edcias\"],\"inLanguage\":\"pt-BR\"},{\"@type\":\"WebPage\",\"@id\":\"https:\/\/www.repam.net\/pt\/encontro-de-redes-com-patricia-gualinga\/\",\"url\":\"https:\/\/www.repam.net\/pt\/encontro-de-redes-com-patricia-gualinga\/\",\"name\":\"Extrativismo, criminaliza\u00e7\u00e3o e crise clim\u00e1tica marcam o encontro de redes com Patricia Gualinga no F\u00f3rum da ONU - Repam\",\"isPartOf\":{\"@id\":\"https:\/\/www.repam.net\/pt\/#website\"},\"primaryImageOfPage\":{\"@id\":\"https:\/\/www.repam.net\/pt\/encontro-de-redes-com-patricia-gualinga\/#primaryimage\"},\"image\":{\"@id\":\"https:\/\/www.repam.net\/pt\/encontro-de-redes-com-patricia-gualinga\/#primaryimage\"},\"thumbnailUrl\":\"https:\/\/www.repam.net\/pt\/wp-content\/uploads\/2026\/04\/WhatsApp-Image-2026-04-27-at-6.28.34-PM-edited.jpeg\",\"datePublished\":\"2026-04-27T23:34:59+00:00\",\"dateModified\":\"2026-04-27T23:35:00+00:00\",\"description\":\"Representantes da REGCHAG, REMAM e REPAM dialogaram com a lideran\u00e7a ind\u00edgena sobre os principais desafios globais enfrentados pelos povos em seus territ\u00f3rios e a necessidade de fortalecer a incid\u00eancia internacional.\",\"breadcrumb\":{\"@id\":\"https:\/\/www.repam.net\/pt\/encontro-de-redes-com-patricia-gualinga\/#breadcrumb\"},\"inLanguage\":\"pt-BR\",\"potentialAction\":[{\"@type\":\"ReadAction\",\"target\":[\"https:\/\/www.repam.net\/pt\/encontro-de-redes-com-patricia-gualinga\/\"]}]},{\"@type\":\"ImageObject\",\"inLanguage\":\"pt-BR\",\"@id\":\"https:\/\/www.repam.net\/pt\/encontro-de-redes-com-patricia-gualinga\/#primaryimage\",\"url\":\"https:\/\/www.repam.net\/pt\/wp-content\/uploads\/2026\/04\/WhatsApp-Image-2026-04-27-at-6.28.34-PM-edited.jpeg\",\"contentUrl\":\"https:\/\/www.repam.net\/pt\/wp-content\/uploads\/2026\/04\/WhatsApp-Image-2026-04-27-at-6.28.34-PM-edited.jpeg\",\"width\":1280,\"height\":720},{\"@type\":\"BreadcrumbList\",\"@id\":\"https:\/\/www.repam.net\/pt\/encontro-de-redes-com-patricia-gualinga\/#breadcrumb\",\"itemListElement\":[{\"@type\":\"ListItem\",\"position\":1,\"name\":\"In\u00edcio\",\"item\":\"https:\/\/www.repam.net\/pt\/\"},{\"@type\":\"ListItem\",\"position\":2,\"name\":\"Extrativismo, criminaliza\u00e7\u00e3o e crise clim\u00e1tica marcam o encontro de redes com Patricia Gualinga no F\u00f3rum da ONU\"}]},{\"@type\":\"WebSite\",\"@id\":\"https:\/\/www.repam.net\/pt\/#website\",\"url\":\"https:\/\/www.repam.net\/pt\/\",\"name\":\"Repam\",\"description\":\"Rede Eclesial Pan-amaz\u00f4nica\",\"publisher\":{\"@id\":\"https:\/\/www.repam.net\/pt\/#organization\"},\"potentialAction\":[{\"@type\":\"SearchAction\",\"target\":{\"@type\":\"EntryPoint\",\"urlTemplate\":\"https:\/\/www.repam.net\/pt\/?s={search_term_string}\"},\"query-input\":{\"@type\":\"PropertyValueSpecification\",\"valueRequired\":true,\"valueName\":\"search_term_string\"}}],\"inLanguage\":\"pt-BR\"},{\"@type\":\"Organization\",\"@id\":\"https:\/\/www.repam.net\/pt\/#organization\",\"name\":\"Repam\",\"url\":\"https:\/\/www.repam.net\/pt\/\",\"logo\":{\"@type\":\"ImageObject\",\"inLanguage\":\"pt-BR\",\"@id\":\"https:\/\/www.repam.net\/pt\/#\/schema\/logo\/image\/\",\"url\":\"https:\/\/www.repam.net\/pt\/wp-content\/uploads\/2022\/02\/15.-REPAM-BRASIL.jpg\",\"contentUrl\":\"https:\/\/www.repam.net\/pt\/wp-content\/uploads\/2022\/02\/15.-REPAM-BRASIL.jpg\",\"width\":231,\"height\":230,\"caption\":\"Repam\"},\"image\":{\"@id\":\"https:\/\/www.repam.net\/pt\/#\/schema\/logo\/image\/\"}},{\"@type\":\"Person\",\"@id\":\"https:\/\/www.repam.net\/pt\/#\/schema\/person\/b6f20b09de002e56f342d9b3a5143d51\",\"name\":\"repam@adm\",\"image\":{\"@type\":\"ImageObject\",\"inLanguage\":\"pt-BR\",\"@id\":\"https:\/\/www.repam.net\/pt\/#\/schema\/person\/image\/\",\"url\":\"https:\/\/secure.gravatar.com\/avatar\/b18234ea6de5d74563e52ca7bfdad9d2b029b514c935b38a2790717abf8f2e5f?s=96&d=mm&r=g\",\"contentUrl\":\"https:\/\/secure.gravatar.com\/avatar\/b18234ea6de5d74563e52ca7bfdad9d2b029b514c935b38a2790717abf8f2e5f?s=96&d=mm&r=g\",\"caption\":\"repam@adm\"},\"sameAs\":[\"https:\/\/www.repam.net\/pt\"],\"url\":\"https:\/\/www.repam.net\/pt\/author\/repamadm\/\"}]}<\/script>\n<!-- \/ Yoast SEO plugin. -->","yoast_head_json":{"title":"Extrativismo, criminaliza\u00e7\u00e3o e crise clim\u00e1tica marcam o encontro de redes com Patricia Gualinga no F\u00f3rum da ONU - Repam","description":"Representantes da REGCHAG, REMAM e REPAM dialogaram com a lideran\u00e7a ind\u00edgena sobre os principais desafios globais enfrentados pelos povos em seus territ\u00f3rios e a necessidade de fortalecer a incid\u00eancia internacional.","robots":{"index":"index","follow":"follow","max-snippet":"max-snippet:-1","max-image-preview":"max-image-preview:large","max-video-preview":"max-video-preview:-1"},"canonical":"https:\/\/www.repam.net\/pt\/encontro-de-redes-com-patricia-gualinga\/","og_locale":"pt_BR","og_type":"article","og_title":"Extrativismo, criminaliza\u00e7\u00e3o e crise clim\u00e1tica marcam o encontro de redes com Patricia Gualinga no F\u00f3rum da ONU - Repam","og_description":"Representantes da REGCHAG, REMAM e REPAM dialogaram com a lideran\u00e7a ind\u00edgena sobre os principais desafios globais enfrentados pelos povos em seus territ\u00f3rios e a necessidade de fortalecer a incid\u00eancia internacional.","og_url":"https:\/\/www.repam.net\/pt\/encontro-de-redes-com-patricia-gualinga\/","og_site_name":"Repam","article_published_time":"2026-04-27T23:34:59+00:00","article_modified_time":"2026-04-27T23:35:00+00:00","og_image":[{"width":1280,"height":720,"url":"https:\/\/www.repam.net\/pt\/wp-content\/uploads\/2026\/04\/WhatsApp-Image-2026-04-27-at-6.28.34-PM-edited.jpeg","type":"image\/jpeg"}],"author":"repam@adm","twitter_card":"summary_large_image","twitter_misc":{"Escrito por":"repam@adm","Est. tempo de leitura":"4 minutos"},"schema":{"@context":"https:\/\/schema.org","@graph":[{"@type":"Article","@id":"https:\/\/www.repam.net\/pt\/encontro-de-redes-com-patricia-gualinga\/#article","isPartOf":{"@id":"https:\/\/www.repam.net\/pt\/encontro-de-redes-com-patricia-gualinga\/"},"author":{"name":"repam@adm","@id":"https:\/\/www.repam.net\/pt\/#\/schema\/person\/b6f20b09de002e56f342d9b3a5143d51"},"headline":"Extrativismo, criminaliza\u00e7\u00e3o e crise clim\u00e1tica marcam o encontro de redes com Patricia Gualinga no F\u00f3rum da ONU","datePublished":"2026-04-27T23:34:59+00:00","dateModified":"2026-04-27T23:35:00+00:00","mainEntityOfPage":{"@id":"https:\/\/www.repam.net\/pt\/encontro-de-redes-com-patricia-gualinga\/"},"wordCount":748,"publisher":{"@id":"https:\/\/www.repam.net\/pt\/#organization"},"image":{"@id":"https:\/\/www.repam.net\/pt\/encontro-de-redes-com-patricia-gualinga\/#primaryimage"},"thumbnailUrl":"https:\/\/www.repam.net\/pt\/wp-content\/uploads\/2026\/04\/WhatsApp-Image-2026-04-27-at-6.28.34-PM-edited.jpeg","keywords":["amazonia","Direitos Humanos","Na\u00e7oes Unidas","Povos Ind\u00edgenas","REPAM"],"articleSection":["Direitos Humanos","Not\u00edcias"],"inLanguage":"pt-BR"},{"@type":"WebPage","@id":"https:\/\/www.repam.net\/pt\/encontro-de-redes-com-patricia-gualinga\/","url":"https:\/\/www.repam.net\/pt\/encontro-de-redes-com-patricia-gualinga\/","name":"Extrativismo, criminaliza\u00e7\u00e3o e crise clim\u00e1tica marcam o encontro de redes com Patricia Gualinga no F\u00f3rum da ONU - Repam","isPartOf":{"@id":"https:\/\/www.repam.net\/pt\/#website"},"primaryImageOfPage":{"@id":"https:\/\/www.repam.net\/pt\/encontro-de-redes-com-patricia-gualinga\/#primaryimage"},"image":{"@id":"https:\/\/www.repam.net\/pt\/encontro-de-redes-com-patricia-gualinga\/#primaryimage"},"thumbnailUrl":"https:\/\/www.repam.net\/pt\/wp-content\/uploads\/2026\/04\/WhatsApp-Image-2026-04-27-at-6.28.34-PM-edited.jpeg","datePublished":"2026-04-27T23:34:59+00:00","dateModified":"2026-04-27T23:35:00+00:00","description":"Representantes da REGCHAG, REMAM e REPAM dialogaram com a lideran\u00e7a ind\u00edgena sobre os principais desafios globais enfrentados pelos povos em seus territ\u00f3rios e a necessidade de fortalecer a incid\u00eancia internacional.","breadcrumb":{"@id":"https:\/\/www.repam.net\/pt\/encontro-de-redes-com-patricia-gualinga\/#breadcrumb"},"inLanguage":"pt-BR","potentialAction":[{"@type":"ReadAction","target":["https:\/\/www.repam.net\/pt\/encontro-de-redes-com-patricia-gualinga\/"]}]},{"@type":"ImageObject","inLanguage":"pt-BR","@id":"https:\/\/www.repam.net\/pt\/encontro-de-redes-com-patricia-gualinga\/#primaryimage","url":"https:\/\/www.repam.net\/pt\/wp-content\/uploads\/2026\/04\/WhatsApp-Image-2026-04-27-at-6.28.34-PM-edited.jpeg","contentUrl":"https:\/\/www.repam.net\/pt\/wp-content\/uploads\/2026\/04\/WhatsApp-Image-2026-04-27-at-6.28.34-PM-edited.jpeg","width":1280,"height":720},{"@type":"BreadcrumbList","@id":"https:\/\/www.repam.net\/pt\/encontro-de-redes-com-patricia-gualinga\/#breadcrumb","itemListElement":[{"@type":"ListItem","position":1,"name":"In\u00edcio","item":"https:\/\/www.repam.net\/pt\/"},{"@type":"ListItem","position":2,"name":"Extrativismo, criminaliza\u00e7\u00e3o e crise clim\u00e1tica marcam o encontro de redes com Patricia Gualinga no F\u00f3rum da ONU"}]},{"@type":"WebSite","@id":"https:\/\/www.repam.net\/pt\/#website","url":"https:\/\/www.repam.net\/pt\/","name":"Repam","description":"Rede Eclesial Pan-amaz\u00f4nica","publisher":{"@id":"https:\/\/www.repam.net\/pt\/#organization"},"potentialAction":[{"@type":"SearchAction","target":{"@type":"EntryPoint","urlTemplate":"https:\/\/www.repam.net\/pt\/?s={search_term_string}"},"query-input":{"@type":"PropertyValueSpecification","valueRequired":true,"valueName":"search_term_string"}}],"inLanguage":"pt-BR"},{"@type":"Organization","@id":"https:\/\/www.repam.net\/pt\/#organization","name":"Repam","url":"https:\/\/www.repam.net\/pt\/","logo":{"@type":"ImageObject","inLanguage":"pt-BR","@id":"https:\/\/www.repam.net\/pt\/#\/schema\/logo\/image\/","url":"https:\/\/www.repam.net\/pt\/wp-content\/uploads\/2022\/02\/15.-REPAM-BRASIL.jpg","contentUrl":"https:\/\/www.repam.net\/pt\/wp-content\/uploads\/2022\/02\/15.-REPAM-BRASIL.jpg","width":231,"height":230,"caption":"Repam"},"image":{"@id":"https:\/\/www.repam.net\/pt\/#\/schema\/logo\/image\/"}},{"@type":"Person","@id":"https:\/\/www.repam.net\/pt\/#\/schema\/person\/b6f20b09de002e56f342d9b3a5143d51","name":"repam@adm","image":{"@type":"ImageObject","inLanguage":"pt-BR","@id":"https:\/\/www.repam.net\/pt\/#\/schema\/person\/image\/","url":"https:\/\/secure.gravatar.com\/avatar\/b18234ea6de5d74563e52ca7bfdad9d2b029b514c935b38a2790717abf8f2e5f?s=96&d=mm&r=g","contentUrl":"https:\/\/secure.gravatar.com\/avatar\/b18234ea6de5d74563e52ca7bfdad9d2b029b514c935b38a2790717abf8f2e5f?s=96&d=mm&r=g","caption":"repam@adm"},"sameAs":["https:\/\/www.repam.net\/pt"],"url":"https:\/\/www.repam.net\/pt\/author\/repamadm\/"}]}},"_links":{"self":[{"href":"https:\/\/www.repam.net\/pt\/wp-json\/wp\/v2\/posts\/4323","targetHints":{"allow":["GET"]}}],"collection":[{"href":"https:\/\/www.repam.net\/pt\/wp-json\/wp\/v2\/posts"}],"about":[{"href":"https:\/\/www.repam.net\/pt\/wp-json\/wp\/v2\/types\/post"}],"author":[{"embeddable":true,"href":"https:\/\/www.repam.net\/pt\/wp-json\/wp\/v2\/users\/1"}],"replies":[{"embeddable":true,"href":"https:\/\/www.repam.net\/pt\/wp-json\/wp\/v2\/comments?post=4323"}],"version-history":[{"count":1,"href":"https:\/\/www.repam.net\/pt\/wp-json\/wp\/v2\/posts\/4323\/revisions"}],"predecessor-version":[{"id":4326,"href":"https:\/\/www.repam.net\/pt\/wp-json\/wp\/v2\/posts\/4323\/revisions\/4326"}],"wp:featuredmedia":[{"embeddable":true,"href":"https:\/\/www.repam.net\/pt\/wp-json\/wp\/v2\/media\/4325"}],"wp:attachment":[{"href":"https:\/\/www.repam.net\/pt\/wp-json\/wp\/v2\/media?parent=4323"}],"wp:term":[{"taxonomy":"category","embeddable":true,"href":"https:\/\/www.repam.net\/pt\/wp-json\/wp\/v2\/categories?post=4323"},{"taxonomy":"post_tag","embeddable":true,"href":"https:\/\/www.repam.net\/pt\/wp-json\/wp\/v2\/tags?post=4323"}],"curies":[{"name":"wp","href":"https:\/\/api.w.org\/{rel}","templated":true}]}}