{"id":4327,"date":"2026-04-28T18:55:40","date_gmt":"2026-04-28T21:55:40","guid":{"rendered":"https:\/\/www.repam.net\/pt\/?p=4327"},"modified":"2026-04-28T19:26:12","modified_gmt":"2026-04-28T22:26:12","slug":"violencia-em-rio-corrientes","status":"publish","type":"post","link":"https:\/\/www.repam.net\/pt\/violencia-em-rio-corrientes\/","title":{"rendered":"Preocupa\u00e7\u00e3o em Loreto por epis\u00f3dios de viol\u00eancia. Bispo de Iquitos emite um pronunciamento sobre a dif\u00edcil situa\u00e7\u00e3o"},"content":{"rendered":"<div class=\"wp-block-image\">\n<figure class=\"aligncenter size-large\"><img loading=\"lazy\" decoding=\"async\" width=\"1091\" height=\"613\" src=\"https:\/\/www.repam.net\/pt\/wp-content\/uploads\/2026\/04\/Rio-Corrientes-edited.png\" alt=\"\" class=\"wp-image-4329\" srcset=\"https:\/\/www.repam.net\/pt\/wp-content\/uploads\/2026\/04\/Rio-Corrientes-edited.png 1091w, https:\/\/www.repam.net\/pt\/wp-content\/uploads\/2026\/04\/Rio-Corrientes-edited-300x169.png 300w, https:\/\/www.repam.net\/pt\/wp-content\/uploads\/2026\/04\/Rio-Corrientes-edited-1024x575.png 1024w, https:\/\/www.repam.net\/pt\/wp-content\/uploads\/2026\/04\/Rio-Corrientes-edited-768x432.png 768w\" sizes=\"auto, (max-width: 1091px) 100vw, 1091px\" \/><figcaption class=\"wp-element-caption\">Foto: Salud con Lupa<\/figcaption><\/figure>\n<\/div>\n\n\n<blockquote class=\"wp-block-quote is-layout-flow wp-block-quote-is-layout-flow\">\n<p><em>Os meios de comunica\u00e7\u00e3o locais e regionais informam a morte de um Suboficial da Pol\u00edcia Nacional do Peru (PNP), ap\u00f3s um confronto entre um contingente da Unidade de Servi\u00e7os Especiais da PNP e membros da comunidade de Providencia, no setor do rio Corrientes, distrito de Trompeteros (Loreto, Peru). Neste caso, tamb\u00e9m haveria pessoas feridas, detidas e inclusive desaparecidas.<\/em><\/p>\n<\/blockquote>\n\n\n\n<p><strong><em>Por: Equipe de Comunica\u00e7\u00f5es da REPAM<\/em><\/strong><\/p>\n\n\n\n<p>Os relatos jornal\u00edsticos d\u00e3o conta da reten\u00e7\u00e3o de sete tripulantes e de uma embarca\u00e7\u00e3o petrol\u00edfera pertencente \u00e0 empresa RICSA, nas proximidades da Comunidade Nativa de Providencia. Por um lado, a empresa apresentou den\u00fancias ao Minist\u00e9rio P\u00fablico pelos crimes de sequestro, extors\u00e3o, dist\u00farbios e obstru\u00e7\u00e3o de servi\u00e7os p\u00fablicos, afirmando que, para a libera\u00e7\u00e3o da tripula\u00e7\u00e3o, de uma barca\u00e7a e de um rebocador, teria sido exigido o pagamento de cerca de 560 mil d\u00f3lares. Por outro lado, as comunidades ind\u00edgenas da regi\u00e3o t\u00eam refor\u00e7ado, nas \u00faltimas semanas, o pedido por maior presen\u00e7a do Estado para enfrentar os problemas de contamina\u00e7\u00e3o, os impactos relacionados \u00e0s atividades petrol\u00edferas e o impacto social gerado pelas din\u00e2micas extrativistas.<\/p>\n\n\n\n<h5 class=\"wp-block-heading\"><strong>O impacto segundo os relat\u00f3rios<\/strong><\/h5>\n\n\n\n<p>Em 2022, o Minist\u00e9rio de Energia e Minas do Peru e o Programa das Na\u00e7\u00f5es Unidas para o Desenvolvimento (PNUD) publicaram um relat\u00f3rio \u2014 respaldado no Estudo T\u00e9cnico Independente do Lote 8 (zona de extra\u00e7\u00e3o petrol\u00edfera ativa desde 1974) \u2014 que evidencia o impacto da atividade extrativista: <em>\u201cAp\u00f3s 50 anos de atividade petrol\u00edfera, a \u00e1rea se tornou um cen\u00e1rio de degrada\u00e7\u00e3o ambiental sistem\u00e1tica, com ecossistemas fr\u00e1geis contaminados e comunidades com sa\u00fade e servi\u00e7os b\u00e1sicos comprometidos\u201d (La Rep\u00fablica, 2026).<\/em> Especialistas apontam que a aplica\u00e7\u00e3o de pol\u00edticas p\u00fablicas ligadas \u00e0 atividade petrol\u00edfera gerou um ambiente de desconfian\u00e7a em rela\u00e7\u00e3o \u00e0s institui\u00e7\u00f5es estatais; a isso somam-se os descumprimentos das obriga\u00e7\u00f5es de repara\u00e7\u00e3o ambiental, estabelecendo uma crise social permanente.<\/p>\n\n\n\n<h5 class=\"wp-block-heading\"><strong>Uma crise ecol\u00f3gica e social<\/strong><\/h5>\n\n\n\n<p>O contexto permite recordar a enc\u00edclica Laudato Si\u2019, ao compreender que a ecologia \u00e9 uma quest\u00e3o integral que envolve o meio ambiente, a dignidade humana, o contexto social e a cultura. Em um pronunciamento emitido por Dom Miguel \u00c1ngel Cadenas, bispo do Vicariato Apost\u00f3lico de Iquitos, afirma-se que <em>\u201cnada pode justificar a morte\u2026 esta not\u00edcia dilacerante evidencia a viol\u00eancia em que vivemos\u2026 Temos um cad\u00e1ver, v\u00e1rios feridos e desaparecidos, aos quais devemos somar seus familiares\u201d,<\/em> evidenciando a crise social que predomina em grande parte da regi\u00e3o. Al\u00e9m disso, o bispo do Vicariato de Iquitos afirma, em seu pronunciamento, que <em>\u201cOutra viol\u00eancia, menos vis\u00edvel, mas igualmente perturbadora, s\u00e3o os n\u00edveis de contamina\u00e7\u00e3o nos corpos dos comunit\u00e1rios e a falta de tratamentos adequados, sem esquecer a pobreza multidimensional em que vivem e a aus\u00eancia de a\u00e7\u00f5es necess\u00e1rias para remedi\u00e1-la.\u201d<\/em><\/p>\n\n\n\n<p>O pronunciamento tamb\u00e9m evidencia a deteriora\u00e7\u00e3o sofrida pelo ecossistema ao longo de d\u00e9cadas, confirmando que as \u00e1reas impactadas pelos projetos extrativistas v\u00e3o muito al\u00e9m das zonas de explora\u00e7\u00e3o. Plantas, \u00e1rvores, microrganismos, animais e peixes s\u00e3o afetados por altos n\u00edveis de contamina\u00e7\u00e3o, intensificando a rela\u00e7\u00e3o das comunidades com o ecossistema e violando direitos fundamentais, como o acesso \u00e0 \u00e1gua segura, \u00e0s garantias de vida e a uma alimenta\u00e7\u00e3o adequada. O documento apresenta duas perguntas muito pertinentes e necess\u00e1rias, \u00e0s quais diferentes setores t\u00eam a obriga\u00e7\u00e3o de responder: <em>\u201cO que diremos agora \u00e0s fam\u00edlias do falecido e dos feridos? O que diremos aos membros das comunidades que sentem em sua pr\u00f3pria carne a exclus\u00e3o?\u201d<\/em><\/p>\n\n\n\n<p>Leia o pronunciamento completo:<\/p>\n\n\n\n<div data-wp-interactive=\"core\/file\" class=\"wp-block-file aligncenter\"><object data-wp-bind--hidden=\"!state.hasPdfPreview\" hidden class=\"wp-block-file__embed\" data=\"https:\/\/www.repam.net\/pt\/wp-content\/uploads\/2026\/04\/Violencia-en-el-Rio-Corrientes.pdf\" type=\"application\/pdf\" style=\"width:100%;height:600px\" aria-label=\"Incorporado de Violencia en el R\u00edo Corrientes.\"><\/object><a id=\"wp-block-file--media-a411465b-6ff4-41a7-97c1-92060c11b3a5\" href=\"https:\/\/www.repam.net\/pt\/wp-content\/uploads\/2026\/04\/Violencia-en-el-Rio-Corrientes.pdf\">Violencia en el R\u00edo Corrientes<\/a><a href=\"https:\/\/www.repam.net\/pt\/wp-content\/uploads\/2026\/04\/Violencia-en-el-Rio-Corrientes.pdf\" class=\"wp-block-file__button wp-element-button\" download aria-describedby=\"wp-block-file--media-a411465b-6ff4-41a7-97c1-92060c11b3a5\">Baixar<\/a><\/div>\n","protected":false},"excerpt":{"rendered":"<p>Os meios de comunica\u00e7\u00e3o locais e regionais informam a morte de um Suboficial da Pol\u00edcia Nacional do Peru (PNP), ap\u00f3s um confronto entre um contingente da Unidade de Servi\u00e7os Especiais da PNP e membros da comunidade de Providencia, no setor do rio Corrientes, distrito de Trompeteros (Loreto, Peru). Neste caso, tamb\u00e9m haveria pessoas feridas, detidas [&hellip;]<\/p>\n","protected":false},"author":1,"featured_media":4329,"comment_status":"closed","ping_status":"closed","sticky":false,"template":"","format":"standard","meta":{"_acf_changed":false,"_uf_show_specific_survey":0,"_uf_disable_surveys":false,"footnotes":""},"categories":[4],"tags":[63,59,32,21,6],"class_list":["post-4327","post","type-post","status-publish","format-standard","has-post-thumbnail","hentry","category-noticias","tag-amazonia-2","tag-direitos-humanos","tag-peru","tag-querida-amazonia","tag-repam"],"acf":[],"aioseo_notices":[],"yoast_head":"<!-- This site is optimized with the Yoast SEO plugin v24.2 - https:\/\/yoast.com\/wordpress\/plugins\/seo\/ -->\n<title>Preocupa\u00e7\u00e3o em Loreto por epis\u00f3dios de viol\u00eancia. Bispo de Iquitos emite um pronunciamento sobre a dif\u00edcil situa\u00e7\u00e3o - Repam<\/title>\n<meta name=\"description\" content=\"Os meios de comunica\u00e7\u00e3o locais e regionais informam a morte de um Suboficial da Pol\u00edcia Nacional do Peru (PNP), ap\u00f3s um confronto entre um contingente da Unidade de Servi\u00e7os Especiais da PNP e membros da comunidade de Providencia, no setor do rio Corrientes, distrito de Trompeteros (Loreto, Peru). Neste caso, tamb\u00e9m haveria pessoas feridas, detidas e inclusive desaparecidas.\" \/>\n<meta name=\"robots\" content=\"index, follow, max-snippet:-1, max-image-preview:large, max-video-preview:-1\" \/>\n<link rel=\"canonical\" href=\"https:\/\/www.repam.net\/pt\/violencia-em-rio-corrientes\/\" \/>\n<meta property=\"og:locale\" content=\"pt_BR\" \/>\n<meta property=\"og:type\" content=\"article\" \/>\n<meta property=\"og:title\" content=\"Preocupa\u00e7\u00e3o em Loreto por epis\u00f3dios de viol\u00eancia. Bispo de Iquitos emite um pronunciamento sobre a dif\u00edcil situa\u00e7\u00e3o - Repam\" \/>\n<meta property=\"og:description\" content=\"Os meios de comunica\u00e7\u00e3o locais e regionais informam a morte de um Suboficial da Pol\u00edcia Nacional do Peru (PNP), ap\u00f3s um confronto entre um contingente da Unidade de Servi\u00e7os Especiais da PNP e membros da comunidade de Providencia, no setor do rio Corrientes, distrito de Trompeteros (Loreto, Peru). Neste caso, tamb\u00e9m haveria pessoas feridas, detidas e inclusive desaparecidas.\" \/>\n<meta property=\"og:url\" content=\"https:\/\/www.repam.net\/pt\/violencia-em-rio-corrientes\/\" \/>\n<meta property=\"og:site_name\" content=\"Repam\" \/>\n<meta property=\"article:published_time\" content=\"2026-04-28T21:55:40+00:00\" \/>\n<meta property=\"article:modified_time\" content=\"2026-04-28T22:26:12+00:00\" \/>\n<meta property=\"og:image\" content=\"https:\/\/www.repam.net\/pt\/wp-content\/uploads\/2026\/04\/Rio-Corrientes-edited.png\" \/>\n\t<meta property=\"og:image:width\" content=\"1091\" \/>\n\t<meta property=\"og:image:height\" content=\"613\" \/>\n\t<meta property=\"og:image:type\" content=\"image\/png\" \/>\n<meta name=\"author\" content=\"repam@adm\" \/>\n<meta name=\"twitter:card\" content=\"summary_large_image\" \/>\n<meta name=\"twitter:label1\" content=\"Escrito por\" \/>\n\t<meta name=\"twitter:data1\" content=\"repam@adm\" \/>\n\t<meta name=\"twitter:label2\" content=\"Est. tempo de leitura\" \/>\n\t<meta name=\"twitter:data2\" content=\"4 minutos\" \/>\n<script type=\"application\/ld+json\" class=\"yoast-schema-graph\">{\"@context\":\"https:\/\/schema.org\",\"@graph\":[{\"@type\":\"Article\",\"@id\":\"https:\/\/www.repam.net\/pt\/violencia-em-rio-corrientes\/#article\",\"isPartOf\":{\"@id\":\"https:\/\/www.repam.net\/pt\/violencia-em-rio-corrientes\/\"},\"author\":{\"name\":\"repam@adm\",\"@id\":\"https:\/\/www.repam.net\/pt\/#\/schema\/person\/b6f20b09de002e56f342d9b3a5143d51\"},\"headline\":\"Preocupa\u00e7\u00e3o em Loreto por epis\u00f3dios de viol\u00eancia. Bispo de Iquitos emite um pronunciamento sobre a dif\u00edcil situa\u00e7\u00e3o\",\"datePublished\":\"2026-04-28T21:55:40+00:00\",\"dateModified\":\"2026-04-28T22:26:12+00:00\",\"mainEntityOfPage\":{\"@id\":\"https:\/\/www.repam.net\/pt\/violencia-em-rio-corrientes\/\"},\"wordCount\":669,\"publisher\":{\"@id\":\"https:\/\/www.repam.net\/pt\/#organization\"},\"image\":{\"@id\":\"https:\/\/www.repam.net\/pt\/violencia-em-rio-corrientes\/#primaryimage\"},\"thumbnailUrl\":\"https:\/\/www.repam.net\/pt\/wp-content\/uploads\/2026\/04\/Rio-Corrientes-edited.png\",\"keywords\":[\"amazonia\",\"Direitos Humanos\",\"Peru\",\"Querida Amaz\u00f4nia\",\"REPAM\"],\"articleSection\":[\"Not\u00edcias\"],\"inLanguage\":\"pt-BR\"},{\"@type\":\"WebPage\",\"@id\":\"https:\/\/www.repam.net\/pt\/violencia-em-rio-corrientes\/\",\"url\":\"https:\/\/www.repam.net\/pt\/violencia-em-rio-corrientes\/\",\"name\":\"Preocupa\u00e7\u00e3o em Loreto por epis\u00f3dios de viol\u00eancia. Bispo de Iquitos emite um pronunciamento sobre a dif\u00edcil situa\u00e7\u00e3o - Repam\",\"isPartOf\":{\"@id\":\"https:\/\/www.repam.net\/pt\/#website\"},\"primaryImageOfPage\":{\"@id\":\"https:\/\/www.repam.net\/pt\/violencia-em-rio-corrientes\/#primaryimage\"},\"image\":{\"@id\":\"https:\/\/www.repam.net\/pt\/violencia-em-rio-corrientes\/#primaryimage\"},\"thumbnailUrl\":\"https:\/\/www.repam.net\/pt\/wp-content\/uploads\/2026\/04\/Rio-Corrientes-edited.png\",\"datePublished\":\"2026-04-28T21:55:40+00:00\",\"dateModified\":\"2026-04-28T22:26:12+00:00\",\"description\":\"Os meios de comunica\u00e7\u00e3o locais e regionais informam a morte de um Suboficial da Pol\u00edcia Nacional do Peru (PNP), ap\u00f3s um confronto entre um contingente da Unidade de Servi\u00e7os Especiais da PNP e membros da comunidade de Providencia, no setor do rio Corrientes, distrito de Trompeteros (Loreto, Peru). Neste caso, tamb\u00e9m haveria pessoas feridas, detidas e inclusive desaparecidas.\",\"breadcrumb\":{\"@id\":\"https:\/\/www.repam.net\/pt\/violencia-em-rio-corrientes\/#breadcrumb\"},\"inLanguage\":\"pt-BR\",\"potentialAction\":[{\"@type\":\"ReadAction\",\"target\":[\"https:\/\/www.repam.net\/pt\/violencia-em-rio-corrientes\/\"]}]},{\"@type\":\"ImageObject\",\"inLanguage\":\"pt-BR\",\"@id\":\"https:\/\/www.repam.net\/pt\/violencia-em-rio-corrientes\/#primaryimage\",\"url\":\"https:\/\/www.repam.net\/pt\/wp-content\/uploads\/2026\/04\/Rio-Corrientes-edited.png\",\"contentUrl\":\"https:\/\/www.repam.net\/pt\/wp-content\/uploads\/2026\/04\/Rio-Corrientes-edited.png\",\"width\":1091,\"height\":613},{\"@type\":\"BreadcrumbList\",\"@id\":\"https:\/\/www.repam.net\/pt\/violencia-em-rio-corrientes\/#breadcrumb\",\"itemListElement\":[{\"@type\":\"ListItem\",\"position\":1,\"name\":\"In\u00edcio\",\"item\":\"https:\/\/www.repam.net\/pt\/\"},{\"@type\":\"ListItem\",\"position\":2,\"name\":\"Preocupa\u00e7\u00e3o em Loreto por epis\u00f3dios de viol\u00eancia. Bispo de Iquitos emite um pronunciamento sobre a dif\u00edcil situa\u00e7\u00e3o\"}]},{\"@type\":\"WebSite\",\"@id\":\"https:\/\/www.repam.net\/pt\/#website\",\"url\":\"https:\/\/www.repam.net\/pt\/\",\"name\":\"Repam\",\"description\":\"Rede Eclesial Pan-amaz\u00f4nica\",\"publisher\":{\"@id\":\"https:\/\/www.repam.net\/pt\/#organization\"},\"potentialAction\":[{\"@type\":\"SearchAction\",\"target\":{\"@type\":\"EntryPoint\",\"urlTemplate\":\"https:\/\/www.repam.net\/pt\/?s={search_term_string}\"},\"query-input\":{\"@type\":\"PropertyValueSpecification\",\"valueRequired\":true,\"valueName\":\"search_term_string\"}}],\"inLanguage\":\"pt-BR\"},{\"@type\":\"Organization\",\"@id\":\"https:\/\/www.repam.net\/pt\/#organization\",\"name\":\"Repam\",\"url\":\"https:\/\/www.repam.net\/pt\/\",\"logo\":{\"@type\":\"ImageObject\",\"inLanguage\":\"pt-BR\",\"@id\":\"https:\/\/www.repam.net\/pt\/#\/schema\/logo\/image\/\",\"url\":\"https:\/\/www.repam.net\/pt\/wp-content\/uploads\/2022\/02\/15.-REPAM-BRASIL.jpg\",\"contentUrl\":\"https:\/\/www.repam.net\/pt\/wp-content\/uploads\/2022\/02\/15.-REPAM-BRASIL.jpg\",\"width\":231,\"height\":230,\"caption\":\"Repam\"},\"image\":{\"@id\":\"https:\/\/www.repam.net\/pt\/#\/schema\/logo\/image\/\"}},{\"@type\":\"Person\",\"@id\":\"https:\/\/www.repam.net\/pt\/#\/schema\/person\/b6f20b09de002e56f342d9b3a5143d51\",\"name\":\"repam@adm\",\"image\":{\"@type\":\"ImageObject\",\"inLanguage\":\"pt-BR\",\"@id\":\"https:\/\/www.repam.net\/pt\/#\/schema\/person\/image\/\",\"url\":\"https:\/\/secure.gravatar.com\/avatar\/b18234ea6de5d74563e52ca7bfdad9d2b029b514c935b38a2790717abf8f2e5f?s=96&d=mm&r=g\",\"contentUrl\":\"https:\/\/secure.gravatar.com\/avatar\/b18234ea6de5d74563e52ca7bfdad9d2b029b514c935b38a2790717abf8f2e5f?s=96&d=mm&r=g\",\"caption\":\"repam@adm\"},\"sameAs\":[\"https:\/\/www.repam.net\/pt\"],\"url\":\"https:\/\/www.repam.net\/pt\/author\/repamadm\/\"}]}<\/script>\n<!-- \/ Yoast SEO plugin. -->","yoast_head_json":{"title":"Preocupa\u00e7\u00e3o em Loreto por epis\u00f3dios de viol\u00eancia. Bispo de Iquitos emite um pronunciamento sobre a dif\u00edcil situa\u00e7\u00e3o - Repam","description":"Os meios de comunica\u00e7\u00e3o locais e regionais informam a morte de um Suboficial da Pol\u00edcia Nacional do Peru (PNP), ap\u00f3s um confronto entre um contingente da Unidade de Servi\u00e7os Especiais da PNP e membros da comunidade de Providencia, no setor do rio Corrientes, distrito de Trompeteros (Loreto, Peru). Neste caso, tamb\u00e9m haveria pessoas feridas, detidas e inclusive desaparecidas.","robots":{"index":"index","follow":"follow","max-snippet":"max-snippet:-1","max-image-preview":"max-image-preview:large","max-video-preview":"max-video-preview:-1"},"canonical":"https:\/\/www.repam.net\/pt\/violencia-em-rio-corrientes\/","og_locale":"pt_BR","og_type":"article","og_title":"Preocupa\u00e7\u00e3o em Loreto por epis\u00f3dios de viol\u00eancia. Bispo de Iquitos emite um pronunciamento sobre a dif\u00edcil situa\u00e7\u00e3o - Repam","og_description":"Os meios de comunica\u00e7\u00e3o locais e regionais informam a morte de um Suboficial da Pol\u00edcia Nacional do Peru (PNP), ap\u00f3s um confronto entre um contingente da Unidade de Servi\u00e7os Especiais da PNP e membros da comunidade de Providencia, no setor do rio Corrientes, distrito de Trompeteros (Loreto, Peru). Neste caso, tamb\u00e9m haveria pessoas feridas, detidas e inclusive desaparecidas.","og_url":"https:\/\/www.repam.net\/pt\/violencia-em-rio-corrientes\/","og_site_name":"Repam","article_published_time":"2026-04-28T21:55:40+00:00","article_modified_time":"2026-04-28T22:26:12+00:00","og_image":[{"width":1091,"height":613,"url":"https:\/\/www.repam.net\/pt\/wp-content\/uploads\/2026\/04\/Rio-Corrientes-edited.png","type":"image\/png"}],"author":"repam@adm","twitter_card":"summary_large_image","twitter_misc":{"Escrito por":"repam@adm","Est. tempo de leitura":"4 minutos"},"schema":{"@context":"https:\/\/schema.org","@graph":[{"@type":"Article","@id":"https:\/\/www.repam.net\/pt\/violencia-em-rio-corrientes\/#article","isPartOf":{"@id":"https:\/\/www.repam.net\/pt\/violencia-em-rio-corrientes\/"},"author":{"name":"repam@adm","@id":"https:\/\/www.repam.net\/pt\/#\/schema\/person\/b6f20b09de002e56f342d9b3a5143d51"},"headline":"Preocupa\u00e7\u00e3o em Loreto por epis\u00f3dios de viol\u00eancia. Bispo de Iquitos emite um pronunciamento sobre a dif\u00edcil situa\u00e7\u00e3o","datePublished":"2026-04-28T21:55:40+00:00","dateModified":"2026-04-28T22:26:12+00:00","mainEntityOfPage":{"@id":"https:\/\/www.repam.net\/pt\/violencia-em-rio-corrientes\/"},"wordCount":669,"publisher":{"@id":"https:\/\/www.repam.net\/pt\/#organization"},"image":{"@id":"https:\/\/www.repam.net\/pt\/violencia-em-rio-corrientes\/#primaryimage"},"thumbnailUrl":"https:\/\/www.repam.net\/pt\/wp-content\/uploads\/2026\/04\/Rio-Corrientes-edited.png","keywords":["amazonia","Direitos Humanos","Peru","Querida Amaz\u00f4nia","REPAM"],"articleSection":["Not\u00edcias"],"inLanguage":"pt-BR"},{"@type":"WebPage","@id":"https:\/\/www.repam.net\/pt\/violencia-em-rio-corrientes\/","url":"https:\/\/www.repam.net\/pt\/violencia-em-rio-corrientes\/","name":"Preocupa\u00e7\u00e3o em Loreto por epis\u00f3dios de viol\u00eancia. Bispo de Iquitos emite um pronunciamento sobre a dif\u00edcil situa\u00e7\u00e3o - Repam","isPartOf":{"@id":"https:\/\/www.repam.net\/pt\/#website"},"primaryImageOfPage":{"@id":"https:\/\/www.repam.net\/pt\/violencia-em-rio-corrientes\/#primaryimage"},"image":{"@id":"https:\/\/www.repam.net\/pt\/violencia-em-rio-corrientes\/#primaryimage"},"thumbnailUrl":"https:\/\/www.repam.net\/pt\/wp-content\/uploads\/2026\/04\/Rio-Corrientes-edited.png","datePublished":"2026-04-28T21:55:40+00:00","dateModified":"2026-04-28T22:26:12+00:00","description":"Os meios de comunica\u00e7\u00e3o locais e regionais informam a morte de um Suboficial da Pol\u00edcia Nacional do Peru (PNP), ap\u00f3s um confronto entre um contingente da Unidade de Servi\u00e7os Especiais da PNP e membros da comunidade de Providencia, no setor do rio Corrientes, distrito de Trompeteros (Loreto, Peru). Neste caso, tamb\u00e9m haveria pessoas feridas, detidas e inclusive desaparecidas.","breadcrumb":{"@id":"https:\/\/www.repam.net\/pt\/violencia-em-rio-corrientes\/#breadcrumb"},"inLanguage":"pt-BR","potentialAction":[{"@type":"ReadAction","target":["https:\/\/www.repam.net\/pt\/violencia-em-rio-corrientes\/"]}]},{"@type":"ImageObject","inLanguage":"pt-BR","@id":"https:\/\/www.repam.net\/pt\/violencia-em-rio-corrientes\/#primaryimage","url":"https:\/\/www.repam.net\/pt\/wp-content\/uploads\/2026\/04\/Rio-Corrientes-edited.png","contentUrl":"https:\/\/www.repam.net\/pt\/wp-content\/uploads\/2026\/04\/Rio-Corrientes-edited.png","width":1091,"height":613},{"@type":"BreadcrumbList","@id":"https:\/\/www.repam.net\/pt\/violencia-em-rio-corrientes\/#breadcrumb","itemListElement":[{"@type":"ListItem","position":1,"name":"In\u00edcio","item":"https:\/\/www.repam.net\/pt\/"},{"@type":"ListItem","position":2,"name":"Preocupa\u00e7\u00e3o em Loreto por epis\u00f3dios de viol\u00eancia. Bispo de Iquitos emite um pronunciamento sobre a dif\u00edcil situa\u00e7\u00e3o"}]},{"@type":"WebSite","@id":"https:\/\/www.repam.net\/pt\/#website","url":"https:\/\/www.repam.net\/pt\/","name":"Repam","description":"Rede Eclesial Pan-amaz\u00f4nica","publisher":{"@id":"https:\/\/www.repam.net\/pt\/#organization"},"potentialAction":[{"@type":"SearchAction","target":{"@type":"EntryPoint","urlTemplate":"https:\/\/www.repam.net\/pt\/?s={search_term_string}"},"query-input":{"@type":"PropertyValueSpecification","valueRequired":true,"valueName":"search_term_string"}}],"inLanguage":"pt-BR"},{"@type":"Organization","@id":"https:\/\/www.repam.net\/pt\/#organization","name":"Repam","url":"https:\/\/www.repam.net\/pt\/","logo":{"@type":"ImageObject","inLanguage":"pt-BR","@id":"https:\/\/www.repam.net\/pt\/#\/schema\/logo\/image\/","url":"https:\/\/www.repam.net\/pt\/wp-content\/uploads\/2022\/02\/15.-REPAM-BRASIL.jpg","contentUrl":"https:\/\/www.repam.net\/pt\/wp-content\/uploads\/2022\/02\/15.-REPAM-BRASIL.jpg","width":231,"height":230,"caption":"Repam"},"image":{"@id":"https:\/\/www.repam.net\/pt\/#\/schema\/logo\/image\/"}},{"@type":"Person","@id":"https:\/\/www.repam.net\/pt\/#\/schema\/person\/b6f20b09de002e56f342d9b3a5143d51","name":"repam@adm","image":{"@type":"ImageObject","inLanguage":"pt-BR","@id":"https:\/\/www.repam.net\/pt\/#\/schema\/person\/image\/","url":"https:\/\/secure.gravatar.com\/avatar\/b18234ea6de5d74563e52ca7bfdad9d2b029b514c935b38a2790717abf8f2e5f?s=96&d=mm&r=g","contentUrl":"https:\/\/secure.gravatar.com\/avatar\/b18234ea6de5d74563e52ca7bfdad9d2b029b514c935b38a2790717abf8f2e5f?s=96&d=mm&r=g","caption":"repam@adm"},"sameAs":["https:\/\/www.repam.net\/pt"],"url":"https:\/\/www.repam.net\/pt\/author\/repamadm\/"}]}},"_links":{"self":[{"href":"https:\/\/www.repam.net\/pt\/wp-json\/wp\/v2\/posts\/4327","targetHints":{"allow":["GET"]}}],"collection":[{"href":"https:\/\/www.repam.net\/pt\/wp-json\/wp\/v2\/posts"}],"about":[{"href":"https:\/\/www.repam.net\/pt\/wp-json\/wp\/v2\/types\/post"}],"author":[{"embeddable":true,"href":"https:\/\/www.repam.net\/pt\/wp-json\/wp\/v2\/users\/1"}],"replies":[{"embeddable":true,"href":"https:\/\/www.repam.net\/pt\/wp-json\/wp\/v2\/comments?post=4327"}],"version-history":[{"count":2,"href":"https:\/\/www.repam.net\/pt\/wp-json\/wp\/v2\/posts\/4327\/revisions"}],"predecessor-version":[{"id":4332,"href":"https:\/\/www.repam.net\/pt\/wp-json\/wp\/v2\/posts\/4327\/revisions\/4332"}],"wp:featuredmedia":[{"embeddable":true,"href":"https:\/\/www.repam.net\/pt\/wp-json\/wp\/v2\/media\/4329"}],"wp:attachment":[{"href":"https:\/\/www.repam.net\/pt\/wp-json\/wp\/v2\/media?parent=4327"}],"wp:term":[{"taxonomy":"category","embeddable":true,"href":"https:\/\/www.repam.net\/pt\/wp-json\/wp\/v2\/categories?post=4327"},{"taxonomy":"post_tag","embeddable":true,"href":"https:\/\/www.repam.net\/pt\/wp-json\/wp\/v2\/tags?post=4327"}],"curies":[{"name":"wp","href":"https:\/\/api.w.org\/{rel}","templated":true}]}}