{"id":4333,"date":"2026-04-30T12:46:27","date_gmt":"2026-04-30T15:46:27","guid":{"rendered":"https:\/\/www.repam.net\/pt\/?p=4333"},"modified":"2026-04-30T12:46:29","modified_gmt":"2026-04-30T15:46:29","slug":"replica-escola-de-direitos-humanos-peru","status":"publish","type":"post","link":"https:\/\/www.repam.net\/pt\/replica-escola-de-direitos-humanos-peru\/","title":{"rendered":"Comunidade de Santa Teresita, no Peru, realiza a r\u00e9plica da Escola de Direitos Humanos da REPAM"},"content":{"rendered":"<div class=\"wp-block-image\">\n<figure class=\"aligncenter size-large\"><img loading=\"lazy\" decoding=\"async\" width=\"1280\" height=\"720\" src=\"https:\/\/www.repam.net\/pt\/wp-content\/uploads\/2026\/04\/WhatsApp-Image-2026-04-30-at-10.28.27-AM-edited.jpeg\" alt=\"\" class=\"wp-image-4335\" srcset=\"https:\/\/www.repam.net\/pt\/wp-content\/uploads\/2026\/04\/WhatsApp-Image-2026-04-30-at-10.28.27-AM-edited.jpeg 1280w, https:\/\/www.repam.net\/pt\/wp-content\/uploads\/2026\/04\/WhatsApp-Image-2026-04-30-at-10.28.27-AM-edited-300x169.jpeg 300w, https:\/\/www.repam.net\/pt\/wp-content\/uploads\/2026\/04\/WhatsApp-Image-2026-04-30-at-10.28.27-AM-edited-1024x576.jpeg 1024w, https:\/\/www.repam.net\/pt\/wp-content\/uploads\/2026\/04\/WhatsApp-Image-2026-04-30-at-10.28.27-AM-edited-768x432.jpeg 768w\" sizes=\"auto, (max-width: 1280px) 100vw, 1280px\" \/><\/figure>\n<\/div>\n\n\n<blockquote class=\"wp-block-quote is-layout-flow wp-block-quote-is-layout-flow\">\n<p><em>Nos dias 25 e 26 de abril foi realizada uma r\u00e9plica da Escola para a Promo\u00e7\u00e3o, Defesa e Exigibilidade dos Direitos Humanos, em Santa Teresita (Hu\u00e1nuco, Peru). A atividade foi liderada pelo apu Fernando Carpio Amaringo, presidente da Federa\u00e7\u00e3o das Comunidades Nativas de Puerto Inca (FECONAPIA), com o acompanhamento da Irm\u00e3 Ana Mar\u00eda Palomino, vice-presidente da Rede Eclesial Pan-Amaz\u00f4nica (REPAM).<\/em><\/p>\n<\/blockquote>\n\n\n\n<p><strong><em>Por: Equipe de Comunica\u00e7\u00f5es da REPAM<\/em><\/strong><\/p>\n\n\n\n<p>Santa Teresita \u00e9 uma comunidade que atualmente resiste \u00e0 entrada do extrativismo minerador, uma realidade que j\u00e1 impactou a prov\u00edncia de Puerto Inca e contaminou o rio Pintuyacu. Cerca de 30 pessoas participaram deste espa\u00e7o, promovido pela REPAM e acolhido pela comunidade nativa. Esta jurisdi\u00e7\u00e3o territorial sofre uma s\u00e9rie de problemas que impactam sua realidade ambiental, social e cultural; os habitantes da comunidade e grande parte do corredor entre os departamentos de Hu\u00e1nuco e Ucayali veem como seu direito de acesso \u00e0 \u00e1gua segura \u00e9 violado. O principal problema \u00e9 a expans\u00e3o mineradora, uma atividade que condiciona as din\u00e2micas econ\u00f4micas e captura os pr\u00f3prios habitantes do territ\u00f3rio dentro de sua execu\u00e7\u00e3o; a falta de garantias e estabilidade econ\u00f4mica desempenha um papel fundamental no problema socioambiental.<\/p>\n\n\n\n<div class=\"wp-block-columns is-layout-flex wp-container-core-columns-is-layout-9d6595d7 wp-block-columns-is-layout-flex\">\n<div class=\"wp-block-column is-layout-flow wp-block-column-is-layout-flow\"><div class=\"wp-block-image\">\n<figure class=\"aligncenter size-large\"><img loading=\"lazy\" decoding=\"async\" width=\"960\" height=\"960\" src=\"https:\/\/www.repam.net\/pt\/wp-content\/uploads\/2026\/04\/WhatsApp-Image-2026-04-30-at-10.29.20-AM-1-edited.jpeg\" alt=\"\" class=\"wp-image-4337\" srcset=\"https:\/\/www.repam.net\/pt\/wp-content\/uploads\/2026\/04\/WhatsApp-Image-2026-04-30-at-10.29.20-AM-1-edited.jpeg 960w, https:\/\/www.repam.net\/pt\/wp-content\/uploads\/2026\/04\/WhatsApp-Image-2026-04-30-at-10.29.20-AM-1-edited-300x300.jpeg 300w, https:\/\/www.repam.net\/pt\/wp-content\/uploads\/2026\/04\/WhatsApp-Image-2026-04-30-at-10.29.20-AM-1-edited-150x150.jpeg 150w, https:\/\/www.repam.net\/pt\/wp-content\/uploads\/2026\/04\/WhatsApp-Image-2026-04-30-at-10.29.20-AM-1-edited-768x768.jpeg 768w\" sizes=\"auto, (max-width: 960px) 100vw, 960px\" \/><\/figure>\n<\/div><\/div>\n\n\n\n<div class=\"wp-block-column is-layout-flow wp-block-column-is-layout-flow\"><div class=\"wp-block-image\">\n<figure class=\"aligncenter size-large\"><img loading=\"lazy\" decoding=\"async\" width=\"960\" height=\"960\" src=\"https:\/\/www.repam.net\/pt\/wp-content\/uploads\/2026\/04\/WhatsApp-Image-2026-04-30-at-10.29.20-AM-2-edited.jpeg\" alt=\"\" class=\"wp-image-4339\" srcset=\"https:\/\/www.repam.net\/pt\/wp-content\/uploads\/2026\/04\/WhatsApp-Image-2026-04-30-at-10.29.20-AM-2-edited.jpeg 960w, https:\/\/www.repam.net\/pt\/wp-content\/uploads\/2026\/04\/WhatsApp-Image-2026-04-30-at-10.29.20-AM-2-edited-300x300.jpeg 300w, https:\/\/www.repam.net\/pt\/wp-content\/uploads\/2026\/04\/WhatsApp-Image-2026-04-30-at-10.29.20-AM-2-edited-150x150.jpeg 150w, https:\/\/www.repam.net\/pt\/wp-content\/uploads\/2026\/04\/WhatsApp-Image-2026-04-30-at-10.29.20-AM-2-edited-768x768.jpeg 768w\" sizes=\"auto, (max-width: 960px) 100vw, 960px\" \/><\/figure>\n<\/div><\/div>\n<\/div>\n\n\n\n<h5 class=\"wp-block-heading\"><strong>O panorama em Santa Teresita<\/strong><\/h5>\n\n\n\n<p>Santa Teresita \u00e9 uma comunidade que sofre com o abandono do Estado e a falta de a\u00e7\u00f5es concretas por parte de \u00f3rg\u00e3os governamentais em seu territ\u00f3rio. Os moradores insistem na necessidade de implementar projetos produtivos sustent\u00e1veis dentro da comunidade; a aus\u00eancia desses projetos leva \u00e0 prolifera\u00e7\u00e3o de uma car\u00eancia econ\u00f4mica, que acaba sendo o fator desencadeante para que jovens e adultos passem a fazer parte da cadeia de explora\u00e7\u00e3o mineradora. A facilidade de obter dinheiro pesa muito mais do que a consci\u00eancia territorial; os pagamentos di\u00e1rios por realizar atividades de mergulho (para a extra\u00e7\u00e3o de ouro) chegam a superar em at\u00e9 500% os rendimentos obtidos com trabalhos agr\u00edcolas.<\/p>\n\n\n\n<p>Esse contexto permite a fragmenta\u00e7\u00e3o das rela\u00e7\u00f5es comunit\u00e1rias e o enfraquecimento da governan\u00e7a territorial. Atualmente, as institui\u00e7\u00f5es que atuam na regi\u00e3o n\u00e3o conseguiram alcan\u00e7ar harmonia em rela\u00e7\u00e3o \u00e0 governan\u00e7a, e essa falta de unidade se torna um cen\u00e1rio prop\u00edcio para a instala\u00e7\u00e3o de dragas, que geralmente se localizam \u00e0s margens do rio Pachitea. O trabalho das dragas e as atividades de mergulho impactam as margens do rio, gerando eros\u00e3o e afetando o ecossistema ali existente; as condi\u00e7\u00f5es para um equil\u00edbrio biol\u00f3gico adequado diminuem \u00e0 medida que as atividades mineradoras avan\u00e7am.<\/p>\n\n\n\n<h5 class=\"wp-block-heading\"><strong>Conclus\u00f5es a partir da comunidade<\/strong><\/h5>\n\n\n\n<p>A r\u00e9plica da Escola para a Promo\u00e7\u00e3o, Defesa e Exigibilidade dos Direitos Humanos realizada em Santa Teresita identificou que o principal direito violado \u00e9 o acesso \u00e0 \u00e1gua segura e de qualidade; al\u00e9m disso, ficou evidente a falta de garantias comunit\u00e1rias amparadas no direito \u00e0 consulta pr\u00e9via: a comunidade de Santa Teresita nunca foi consultada sobre seu desejo \u2014 ou n\u00e3o \u2014 de ter minera\u00e7\u00e3o em seu territ\u00f3rio. \u00c9 importante acrescentar que os processos de consulta pr\u00e9via s\u00e3o acompanhados por sess\u00f5es formativas e informativas nas quais trabalhadores do Estado, especialistas e os moradores de uma comunidade analisam e refletem sobre as atividades de explora\u00e7\u00e3o e os impactos socioambientais delas decorrentes.<\/p>\n\n\n\n<p>Assim, diante da realidade em que vivem centenas de comunidades na Amaz\u00f4nia, projeta-se que as r\u00e9plicas da Escola de Direitos Humanos da REPAM continuem sendo realizadas, com o objetivo de oferecer ferramentas e conhecimentos necess\u00e1rios para a defesa do territ\u00f3rio, das comunidades e da pr\u00f3pria vida.<\/p>\n\n\n\n<div class=\"wp-block-columns is-layout-flex wp-container-core-columns-is-layout-9d6595d7 wp-block-columns-is-layout-flex\">\n<div class=\"wp-block-column is-layout-flow wp-block-column-is-layout-flow\"><div class=\"wp-block-image\">\n<figure class=\"aligncenter size-large\"><img loading=\"lazy\" decoding=\"async\" width=\"1200\" height=\"1200\" src=\"https:\/\/www.repam.net\/pt\/wp-content\/uploads\/2026\/04\/WhatsApp-Image-2026-04-30-at-10.28.28-AM-edited.jpeg\" alt=\"\" class=\"wp-image-4341\" srcset=\"https:\/\/www.repam.net\/pt\/wp-content\/uploads\/2026\/04\/WhatsApp-Image-2026-04-30-at-10.28.28-AM-edited.jpeg 1200w, https:\/\/www.repam.net\/pt\/wp-content\/uploads\/2026\/04\/WhatsApp-Image-2026-04-30-at-10.28.28-AM-edited-300x300.jpeg 300w, https:\/\/www.repam.net\/pt\/wp-content\/uploads\/2026\/04\/WhatsApp-Image-2026-04-30-at-10.28.28-AM-edited-1024x1024.jpeg 1024w, https:\/\/www.repam.net\/pt\/wp-content\/uploads\/2026\/04\/WhatsApp-Image-2026-04-30-at-10.28.28-AM-edited-150x150.jpeg 150w, https:\/\/www.repam.net\/pt\/wp-content\/uploads\/2026\/04\/WhatsApp-Image-2026-04-30-at-10.28.28-AM-edited-768x768.jpeg 768w\" sizes=\"auto, (max-width: 1200px) 100vw, 1200px\" \/><\/figure>\n<\/div><\/div>\n\n\n\n<div class=\"wp-block-column is-layout-flow wp-block-column-is-layout-flow\"><div class=\"wp-block-image\">\n<figure class=\"aligncenter size-large\"><img loading=\"lazy\" decoding=\"async\" width=\"960\" height=\"960\" src=\"https:\/\/www.repam.net\/pt\/wp-content\/uploads\/2026\/04\/WhatsApp-Image-2026-04-30-at-10.29.20-AM-edited.jpeg\" alt=\"\" class=\"wp-image-4343\" srcset=\"https:\/\/www.repam.net\/pt\/wp-content\/uploads\/2026\/04\/WhatsApp-Image-2026-04-30-at-10.29.20-AM-edited.jpeg 960w, https:\/\/www.repam.net\/pt\/wp-content\/uploads\/2026\/04\/WhatsApp-Image-2026-04-30-at-10.29.20-AM-edited-300x300.jpeg 300w, https:\/\/www.repam.net\/pt\/wp-content\/uploads\/2026\/04\/WhatsApp-Image-2026-04-30-at-10.29.20-AM-edited-150x150.jpeg 150w, https:\/\/www.repam.net\/pt\/wp-content\/uploads\/2026\/04\/WhatsApp-Image-2026-04-30-at-10.29.20-AM-edited-768x768.jpeg 768w\" sizes=\"auto, (max-width: 960px) 100vw, 960px\" \/><\/figure>\n<\/div><\/div>\n<\/div>\n","protected":false},"excerpt":{"rendered":"<p>Nos dias 25 e 26 de abril foi realizada uma r\u00e9plica da Escola para a Promo\u00e7\u00e3o, Defesa e Exigibilidade dos Direitos Humanos, em Santa Teresita (Hu\u00e1nuco, Peru). A atividade foi liderada pelo apu Fernando Carpio Amaringo, presidente da Federa\u00e7\u00e3o das Comunidades Nativas de Puerto Inca (FECONAPIA), com o acompanhamento da Irm\u00e3 Ana Mar\u00eda Palomino, vice-presidente [&hellip;]<\/p>\n","protected":false},"author":1,"featured_media":4335,"comment_status":"closed","ping_status":"closed","sticky":false,"template":"","format":"standard","meta":{"_acf_changed":false,"_uf_show_specific_survey":0,"_uf_disable_surveys":false,"footnotes":""},"categories":[56,4],"tags":[63,59,32,35,6],"class_list":["post-4333","post","type-post","status-publish","format-standard","has-post-thumbnail","hentry","category-direitos-humanos","category-noticias","tag-amazonia-2","tag-direitos-humanos","tag-peru","tag-povos-indigenas","tag-repam"],"acf":[],"aioseo_notices":[],"yoast_head":"<!-- This site is optimized with the Yoast SEO plugin v24.2 - https:\/\/yoast.com\/wordpress\/plugins\/seo\/ -->\n<title>Comunidade de Santa Teresita, no Peru, realiza a r\u00e9plica da Escola de Direitos Humanos da REPAM - Repam<\/title>\n<meta name=\"description\" content=\"Nos dias 25 e 26 de abril foi realizada uma r\u00e9plica da Escola para a Promo\u00e7\u00e3o, Defesa e Exigibilidade dos Direitos Humanos, em Santa Teresita (Hu\u00e1nuco, Peru). A atividade foi liderada pelo apu Fernando Carpio Amaringo, presidente da Federa\u00e7\u00e3o das Comunidades Nativas de Puerto Inca (FECONAPIA), com o acompanhamento da Irm\u00e3 Ana Mar\u00eda Palomino, vice-presidente da Rede Eclesial Pan-Amaz\u00f4nica (REPAM).\" \/>\n<meta name=\"robots\" content=\"index, follow, max-snippet:-1, max-image-preview:large, max-video-preview:-1\" \/>\n<link rel=\"canonical\" href=\"https:\/\/www.repam.net\/pt\/replica-escola-de-direitos-humanos-peru\/\" \/>\n<meta property=\"og:locale\" content=\"pt_BR\" \/>\n<meta property=\"og:type\" content=\"article\" \/>\n<meta property=\"og:title\" content=\"Comunidade de Santa Teresita, no Peru, realiza a r\u00e9plica da Escola de Direitos Humanos da REPAM - Repam\" \/>\n<meta property=\"og:description\" content=\"Nos dias 25 e 26 de abril foi realizada uma r\u00e9plica da Escola para a Promo\u00e7\u00e3o, Defesa e Exigibilidade dos Direitos Humanos, em Santa Teresita (Hu\u00e1nuco, Peru). A atividade foi liderada pelo apu Fernando Carpio Amaringo, presidente da Federa\u00e7\u00e3o das Comunidades Nativas de Puerto Inca (FECONAPIA), com o acompanhamento da Irm\u00e3 Ana Mar\u00eda Palomino, vice-presidente da Rede Eclesial Pan-Amaz\u00f4nica (REPAM).\" \/>\n<meta property=\"og:url\" content=\"https:\/\/www.repam.net\/pt\/replica-escola-de-direitos-humanos-peru\/\" \/>\n<meta property=\"og:site_name\" content=\"Repam\" \/>\n<meta property=\"article:published_time\" content=\"2026-04-30T15:46:27+00:00\" \/>\n<meta property=\"article:modified_time\" content=\"2026-04-30T15:46:29+00:00\" \/>\n<meta property=\"og:image\" content=\"https:\/\/www.repam.net\/pt\/wp-content\/uploads\/2026\/04\/WhatsApp-Image-2026-04-30-at-10.28.27-AM-edited.jpeg\" \/>\n\t<meta property=\"og:image:width\" content=\"1280\" \/>\n\t<meta property=\"og:image:height\" content=\"720\" \/>\n\t<meta property=\"og:image:type\" content=\"image\/jpeg\" \/>\n<meta name=\"author\" content=\"repam@adm\" \/>\n<meta name=\"twitter:card\" content=\"summary_large_image\" \/>\n<meta name=\"twitter:label1\" content=\"Escrito por\" \/>\n\t<meta name=\"twitter:data1\" content=\"repam@adm\" \/>\n\t<meta name=\"twitter:label2\" content=\"Est. tempo de leitura\" \/>\n\t<meta name=\"twitter:data2\" content=\"4 minutos\" \/>\n<script type=\"application\/ld+json\" class=\"yoast-schema-graph\">{\"@context\":\"https:\/\/schema.org\",\"@graph\":[{\"@type\":\"Article\",\"@id\":\"https:\/\/www.repam.net\/pt\/replica-escola-de-direitos-humanos-peru\/#article\",\"isPartOf\":{\"@id\":\"https:\/\/www.repam.net\/pt\/replica-escola-de-direitos-humanos-peru\/\"},\"author\":{\"name\":\"repam@adm\",\"@id\":\"https:\/\/www.repam.net\/pt\/#\/schema\/person\/b6f20b09de002e56f342d9b3a5143d51\"},\"headline\":\"Comunidade de Santa Teresita, no Peru, realiza a r\u00e9plica da Escola de Direitos Humanos da REPAM\",\"datePublished\":\"2026-04-30T15:46:27+00:00\",\"dateModified\":\"2026-04-30T15:46:29+00:00\",\"mainEntityOfPage\":{\"@id\":\"https:\/\/www.repam.net\/pt\/replica-escola-de-direitos-humanos-peru\/\"},\"wordCount\":621,\"publisher\":{\"@id\":\"https:\/\/www.repam.net\/pt\/#organization\"},\"image\":{\"@id\":\"https:\/\/www.repam.net\/pt\/replica-escola-de-direitos-humanos-peru\/#primaryimage\"},\"thumbnailUrl\":\"https:\/\/www.repam.net\/pt\/wp-content\/uploads\/2026\/04\/WhatsApp-Image-2026-04-30-at-10.28.27-AM-edited.jpeg\",\"keywords\":[\"amazonia\",\"Direitos Humanos\",\"Peru\",\"Povos Ind\u00edgenas\",\"REPAM\"],\"articleSection\":[\"Direitos Humanos\",\"Not\u00edcias\"],\"inLanguage\":\"pt-BR\"},{\"@type\":\"WebPage\",\"@id\":\"https:\/\/www.repam.net\/pt\/replica-escola-de-direitos-humanos-peru\/\",\"url\":\"https:\/\/www.repam.net\/pt\/replica-escola-de-direitos-humanos-peru\/\",\"name\":\"Comunidade de Santa Teresita, no Peru, realiza a r\u00e9plica da Escola de Direitos Humanos da REPAM - Repam\",\"isPartOf\":{\"@id\":\"https:\/\/www.repam.net\/pt\/#website\"},\"primaryImageOfPage\":{\"@id\":\"https:\/\/www.repam.net\/pt\/replica-escola-de-direitos-humanos-peru\/#primaryimage\"},\"image\":{\"@id\":\"https:\/\/www.repam.net\/pt\/replica-escola-de-direitos-humanos-peru\/#primaryimage\"},\"thumbnailUrl\":\"https:\/\/www.repam.net\/pt\/wp-content\/uploads\/2026\/04\/WhatsApp-Image-2026-04-30-at-10.28.27-AM-edited.jpeg\",\"datePublished\":\"2026-04-30T15:46:27+00:00\",\"dateModified\":\"2026-04-30T15:46:29+00:00\",\"description\":\"Nos dias 25 e 26 de abril foi realizada uma r\u00e9plica da Escola para a Promo\u00e7\u00e3o, Defesa e Exigibilidade dos Direitos Humanos, em Santa Teresita (Hu\u00e1nuco, Peru). A atividade foi liderada pelo apu Fernando Carpio Amaringo, presidente da Federa\u00e7\u00e3o das Comunidades Nativas de Puerto Inca (FECONAPIA), com o acompanhamento da Irm\u00e3 Ana Mar\u00eda Palomino, vice-presidente da Rede Eclesial Pan-Amaz\u00f4nica (REPAM).\",\"breadcrumb\":{\"@id\":\"https:\/\/www.repam.net\/pt\/replica-escola-de-direitos-humanos-peru\/#breadcrumb\"},\"inLanguage\":\"pt-BR\",\"potentialAction\":[{\"@type\":\"ReadAction\",\"target\":[\"https:\/\/www.repam.net\/pt\/replica-escola-de-direitos-humanos-peru\/\"]}]},{\"@type\":\"ImageObject\",\"inLanguage\":\"pt-BR\",\"@id\":\"https:\/\/www.repam.net\/pt\/replica-escola-de-direitos-humanos-peru\/#primaryimage\",\"url\":\"https:\/\/www.repam.net\/pt\/wp-content\/uploads\/2026\/04\/WhatsApp-Image-2026-04-30-at-10.28.27-AM-edited.jpeg\",\"contentUrl\":\"https:\/\/www.repam.net\/pt\/wp-content\/uploads\/2026\/04\/WhatsApp-Image-2026-04-30-at-10.28.27-AM-edited.jpeg\",\"width\":1280,\"height\":720},{\"@type\":\"BreadcrumbList\",\"@id\":\"https:\/\/www.repam.net\/pt\/replica-escola-de-direitos-humanos-peru\/#breadcrumb\",\"itemListElement\":[{\"@type\":\"ListItem\",\"position\":1,\"name\":\"In\u00edcio\",\"item\":\"https:\/\/www.repam.net\/pt\/\"},{\"@type\":\"ListItem\",\"position\":2,\"name\":\"Comunidade de Santa Teresita, no Peru, realiza a r\u00e9plica da Escola de Direitos Humanos da REPAM\"}]},{\"@type\":\"WebSite\",\"@id\":\"https:\/\/www.repam.net\/pt\/#website\",\"url\":\"https:\/\/www.repam.net\/pt\/\",\"name\":\"Repam\",\"description\":\"Rede Eclesial Pan-amaz\u00f4nica\",\"publisher\":{\"@id\":\"https:\/\/www.repam.net\/pt\/#organization\"},\"potentialAction\":[{\"@type\":\"SearchAction\",\"target\":{\"@type\":\"EntryPoint\",\"urlTemplate\":\"https:\/\/www.repam.net\/pt\/?s={search_term_string}\"},\"query-input\":{\"@type\":\"PropertyValueSpecification\",\"valueRequired\":true,\"valueName\":\"search_term_string\"}}],\"inLanguage\":\"pt-BR\"},{\"@type\":\"Organization\",\"@id\":\"https:\/\/www.repam.net\/pt\/#organization\",\"name\":\"Repam\",\"url\":\"https:\/\/www.repam.net\/pt\/\",\"logo\":{\"@type\":\"ImageObject\",\"inLanguage\":\"pt-BR\",\"@id\":\"https:\/\/www.repam.net\/pt\/#\/schema\/logo\/image\/\",\"url\":\"https:\/\/www.repam.net\/pt\/wp-content\/uploads\/2022\/02\/15.-REPAM-BRASIL.jpg\",\"contentUrl\":\"https:\/\/www.repam.net\/pt\/wp-content\/uploads\/2022\/02\/15.-REPAM-BRASIL.jpg\",\"width\":231,\"height\":230,\"caption\":\"Repam\"},\"image\":{\"@id\":\"https:\/\/www.repam.net\/pt\/#\/schema\/logo\/image\/\"}},{\"@type\":\"Person\",\"@id\":\"https:\/\/www.repam.net\/pt\/#\/schema\/person\/b6f20b09de002e56f342d9b3a5143d51\",\"name\":\"repam@adm\",\"image\":{\"@type\":\"ImageObject\",\"inLanguage\":\"pt-BR\",\"@id\":\"https:\/\/www.repam.net\/pt\/#\/schema\/person\/image\/\",\"url\":\"https:\/\/secure.gravatar.com\/avatar\/b18234ea6de5d74563e52ca7bfdad9d2b029b514c935b38a2790717abf8f2e5f?s=96&d=mm&r=g\",\"contentUrl\":\"https:\/\/secure.gravatar.com\/avatar\/b18234ea6de5d74563e52ca7bfdad9d2b029b514c935b38a2790717abf8f2e5f?s=96&d=mm&r=g\",\"caption\":\"repam@adm\"},\"sameAs\":[\"https:\/\/www.repam.net\/pt\"],\"url\":\"https:\/\/www.repam.net\/pt\/author\/repamadm\/\"}]}<\/script>\n<!-- \/ Yoast SEO plugin. -->","yoast_head_json":{"title":"Comunidade de Santa Teresita, no Peru, realiza a r\u00e9plica da Escola de Direitos Humanos da REPAM - Repam","description":"Nos dias 25 e 26 de abril foi realizada uma r\u00e9plica da Escola para a Promo\u00e7\u00e3o, Defesa e Exigibilidade dos Direitos Humanos, em Santa Teresita (Hu\u00e1nuco, Peru). A atividade foi liderada pelo apu Fernando Carpio Amaringo, presidente da Federa\u00e7\u00e3o das Comunidades Nativas de Puerto Inca (FECONAPIA), com o acompanhamento da Irm\u00e3 Ana Mar\u00eda Palomino, vice-presidente da Rede Eclesial Pan-Amaz\u00f4nica (REPAM).","robots":{"index":"index","follow":"follow","max-snippet":"max-snippet:-1","max-image-preview":"max-image-preview:large","max-video-preview":"max-video-preview:-1"},"canonical":"https:\/\/www.repam.net\/pt\/replica-escola-de-direitos-humanos-peru\/","og_locale":"pt_BR","og_type":"article","og_title":"Comunidade de Santa Teresita, no Peru, realiza a r\u00e9plica da Escola de Direitos Humanos da REPAM - Repam","og_description":"Nos dias 25 e 26 de abril foi realizada uma r\u00e9plica da Escola para a Promo\u00e7\u00e3o, Defesa e Exigibilidade dos Direitos Humanos, em Santa Teresita (Hu\u00e1nuco, Peru). A atividade foi liderada pelo apu Fernando Carpio Amaringo, presidente da Federa\u00e7\u00e3o das Comunidades Nativas de Puerto Inca (FECONAPIA), com o acompanhamento da Irm\u00e3 Ana Mar\u00eda Palomino, vice-presidente da Rede Eclesial Pan-Amaz\u00f4nica (REPAM).","og_url":"https:\/\/www.repam.net\/pt\/replica-escola-de-direitos-humanos-peru\/","og_site_name":"Repam","article_published_time":"2026-04-30T15:46:27+00:00","article_modified_time":"2026-04-30T15:46:29+00:00","og_image":[{"width":1280,"height":720,"url":"https:\/\/www.repam.net\/pt\/wp-content\/uploads\/2026\/04\/WhatsApp-Image-2026-04-30-at-10.28.27-AM-edited.jpeg","type":"image\/jpeg"}],"author":"repam@adm","twitter_card":"summary_large_image","twitter_misc":{"Escrito por":"repam@adm","Est. tempo de leitura":"4 minutos"},"schema":{"@context":"https:\/\/schema.org","@graph":[{"@type":"Article","@id":"https:\/\/www.repam.net\/pt\/replica-escola-de-direitos-humanos-peru\/#article","isPartOf":{"@id":"https:\/\/www.repam.net\/pt\/replica-escola-de-direitos-humanos-peru\/"},"author":{"name":"repam@adm","@id":"https:\/\/www.repam.net\/pt\/#\/schema\/person\/b6f20b09de002e56f342d9b3a5143d51"},"headline":"Comunidade de Santa Teresita, no Peru, realiza a r\u00e9plica da Escola de Direitos Humanos da REPAM","datePublished":"2026-04-30T15:46:27+00:00","dateModified":"2026-04-30T15:46:29+00:00","mainEntityOfPage":{"@id":"https:\/\/www.repam.net\/pt\/replica-escola-de-direitos-humanos-peru\/"},"wordCount":621,"publisher":{"@id":"https:\/\/www.repam.net\/pt\/#organization"},"image":{"@id":"https:\/\/www.repam.net\/pt\/replica-escola-de-direitos-humanos-peru\/#primaryimage"},"thumbnailUrl":"https:\/\/www.repam.net\/pt\/wp-content\/uploads\/2026\/04\/WhatsApp-Image-2026-04-30-at-10.28.27-AM-edited.jpeg","keywords":["amazonia","Direitos Humanos","Peru","Povos Ind\u00edgenas","REPAM"],"articleSection":["Direitos Humanos","Not\u00edcias"],"inLanguage":"pt-BR"},{"@type":"WebPage","@id":"https:\/\/www.repam.net\/pt\/replica-escola-de-direitos-humanos-peru\/","url":"https:\/\/www.repam.net\/pt\/replica-escola-de-direitos-humanos-peru\/","name":"Comunidade de Santa Teresita, no Peru, realiza a r\u00e9plica da Escola de Direitos Humanos da REPAM - Repam","isPartOf":{"@id":"https:\/\/www.repam.net\/pt\/#website"},"primaryImageOfPage":{"@id":"https:\/\/www.repam.net\/pt\/replica-escola-de-direitos-humanos-peru\/#primaryimage"},"image":{"@id":"https:\/\/www.repam.net\/pt\/replica-escola-de-direitos-humanos-peru\/#primaryimage"},"thumbnailUrl":"https:\/\/www.repam.net\/pt\/wp-content\/uploads\/2026\/04\/WhatsApp-Image-2026-04-30-at-10.28.27-AM-edited.jpeg","datePublished":"2026-04-30T15:46:27+00:00","dateModified":"2026-04-30T15:46:29+00:00","description":"Nos dias 25 e 26 de abril foi realizada uma r\u00e9plica da Escola para a Promo\u00e7\u00e3o, Defesa e Exigibilidade dos Direitos Humanos, em Santa Teresita (Hu\u00e1nuco, Peru). A atividade foi liderada pelo apu Fernando Carpio Amaringo, presidente da Federa\u00e7\u00e3o das Comunidades Nativas de Puerto Inca (FECONAPIA), com o acompanhamento da Irm\u00e3 Ana Mar\u00eda Palomino, vice-presidente da Rede Eclesial Pan-Amaz\u00f4nica (REPAM).","breadcrumb":{"@id":"https:\/\/www.repam.net\/pt\/replica-escola-de-direitos-humanos-peru\/#breadcrumb"},"inLanguage":"pt-BR","potentialAction":[{"@type":"ReadAction","target":["https:\/\/www.repam.net\/pt\/replica-escola-de-direitos-humanos-peru\/"]}]},{"@type":"ImageObject","inLanguage":"pt-BR","@id":"https:\/\/www.repam.net\/pt\/replica-escola-de-direitos-humanos-peru\/#primaryimage","url":"https:\/\/www.repam.net\/pt\/wp-content\/uploads\/2026\/04\/WhatsApp-Image-2026-04-30-at-10.28.27-AM-edited.jpeg","contentUrl":"https:\/\/www.repam.net\/pt\/wp-content\/uploads\/2026\/04\/WhatsApp-Image-2026-04-30-at-10.28.27-AM-edited.jpeg","width":1280,"height":720},{"@type":"BreadcrumbList","@id":"https:\/\/www.repam.net\/pt\/replica-escola-de-direitos-humanos-peru\/#breadcrumb","itemListElement":[{"@type":"ListItem","position":1,"name":"In\u00edcio","item":"https:\/\/www.repam.net\/pt\/"},{"@type":"ListItem","position":2,"name":"Comunidade de Santa Teresita, no Peru, realiza a r\u00e9plica da Escola de Direitos Humanos da REPAM"}]},{"@type":"WebSite","@id":"https:\/\/www.repam.net\/pt\/#website","url":"https:\/\/www.repam.net\/pt\/","name":"Repam","description":"Rede Eclesial Pan-amaz\u00f4nica","publisher":{"@id":"https:\/\/www.repam.net\/pt\/#organization"},"potentialAction":[{"@type":"SearchAction","target":{"@type":"EntryPoint","urlTemplate":"https:\/\/www.repam.net\/pt\/?s={search_term_string}"},"query-input":{"@type":"PropertyValueSpecification","valueRequired":true,"valueName":"search_term_string"}}],"inLanguage":"pt-BR"},{"@type":"Organization","@id":"https:\/\/www.repam.net\/pt\/#organization","name":"Repam","url":"https:\/\/www.repam.net\/pt\/","logo":{"@type":"ImageObject","inLanguage":"pt-BR","@id":"https:\/\/www.repam.net\/pt\/#\/schema\/logo\/image\/","url":"https:\/\/www.repam.net\/pt\/wp-content\/uploads\/2022\/02\/15.-REPAM-BRASIL.jpg","contentUrl":"https:\/\/www.repam.net\/pt\/wp-content\/uploads\/2022\/02\/15.-REPAM-BRASIL.jpg","width":231,"height":230,"caption":"Repam"},"image":{"@id":"https:\/\/www.repam.net\/pt\/#\/schema\/logo\/image\/"}},{"@type":"Person","@id":"https:\/\/www.repam.net\/pt\/#\/schema\/person\/b6f20b09de002e56f342d9b3a5143d51","name":"repam@adm","image":{"@type":"ImageObject","inLanguage":"pt-BR","@id":"https:\/\/www.repam.net\/pt\/#\/schema\/person\/image\/","url":"https:\/\/secure.gravatar.com\/avatar\/b18234ea6de5d74563e52ca7bfdad9d2b029b514c935b38a2790717abf8f2e5f?s=96&d=mm&r=g","contentUrl":"https:\/\/secure.gravatar.com\/avatar\/b18234ea6de5d74563e52ca7bfdad9d2b029b514c935b38a2790717abf8f2e5f?s=96&d=mm&r=g","caption":"repam@adm"},"sameAs":["https:\/\/www.repam.net\/pt"],"url":"https:\/\/www.repam.net\/pt\/author\/repamadm\/"}]}},"_links":{"self":[{"href":"https:\/\/www.repam.net\/pt\/wp-json\/wp\/v2\/posts\/4333","targetHints":{"allow":["GET"]}}],"collection":[{"href":"https:\/\/www.repam.net\/pt\/wp-json\/wp\/v2\/posts"}],"about":[{"href":"https:\/\/www.repam.net\/pt\/wp-json\/wp\/v2\/types\/post"}],"author":[{"embeddable":true,"href":"https:\/\/www.repam.net\/pt\/wp-json\/wp\/v2\/users\/1"}],"replies":[{"embeddable":true,"href":"https:\/\/www.repam.net\/pt\/wp-json\/wp\/v2\/comments?post=4333"}],"version-history":[{"count":1,"href":"https:\/\/www.repam.net\/pt\/wp-json\/wp\/v2\/posts\/4333\/revisions"}],"predecessor-version":[{"id":4344,"href":"https:\/\/www.repam.net\/pt\/wp-json\/wp\/v2\/posts\/4333\/revisions\/4344"}],"wp:featuredmedia":[{"embeddable":true,"href":"https:\/\/www.repam.net\/pt\/wp-json\/wp\/v2\/media\/4335"}],"wp:attachment":[{"href":"https:\/\/www.repam.net\/pt\/wp-json\/wp\/v2\/media?parent=4333"}],"wp:term":[{"taxonomy":"category","embeddable":true,"href":"https:\/\/www.repam.net\/pt\/wp-json\/wp\/v2\/categories?post=4333"},{"taxonomy":"post_tag","embeddable":true,"href":"https:\/\/www.repam.net\/pt\/wp-json\/wp\/v2\/tags?post=4333"}],"curies":[{"name":"wp","href":"https:\/\/api.w.org\/{rel}","templated":true}]}}